{"id":356165,"date":"2025-08-31T09:14:14","date_gmt":"2025-08-31T09:14:14","guid":{"rendered":"https:\/\/www.europesays.com\/fr\/356165\/"},"modified":"2025-08-31T09:14:14","modified_gmt":"2025-08-31T09:14:14","slug":"la-polynesie-francaise-vote-pour-interdire-purement-et-simplement-la-cigarette-electronique-a-partir-de-2026","status":"publish","type":"post","link":"https:\/\/www.europesays.com\/fr\/356165\/","title":{"rendered":"La Polyn\u00e9sie fran\u00e7aise vote pour interdire \u00ab\u00a0purement et simplement\u00a0\u00bb la cigarette \u00e9lectronique \u00e0 partir de 2026"},"content":{"rendered":"\n<p class=\"article__paragraph  \">L\u2019Assembl\u00e9e de la Polyn\u00e9sie fran\u00e7aise a vot\u00e9, vendredi 30\u00a0ao\u00fbt, un amendement dans son projet de loi du pays relatif \u00e0 la lutte contre le tabagisme. Lors de l\u2019\u00e9tude du texte, Lana Tetuanui, repr\u00e9sentante du Tapura huiraatira (autonomiste, opposition), a propos\u00e9 d\u2019\u00ab\u00a0aller plus loin\u00a0\u00bb en demandant au rapporteur d\u2019y inclure un amendement pour interdire \u00ab\u00a0purement et simplement\u00a0\u00bb les cigarettes \u00e9lectroniques et tous leurs \u00ab\u00a0d\u00e9riv\u00e9s\u00a0\u00bb.<\/p>\n<p class=\"article__paragraph  \">Le projet de loi amend\u00e9 a \u00e9t\u00e9 approuv\u00e9 \u00e0 51 voix pour, 5 contre, et une abstention.<\/p>\n<p class=\"article__paragraph  \">Le groupe ind\u00e9pendantiste Tavini huiraatira, majoritaire \u00e0 l\u2019Assembl\u00e9e de la Polyn\u00e9sie fran\u00e7aise, a imm\u00e9diatement souscrit \u00e0 cette proposition de la s\u00e9natrice de l\u2019Union centriste. \u00ab\u00a0Consid\u00e9rons l\u2019humain plut\u00f4t que l\u2019argent\u00a0\u00bb, a sugg\u00e9r\u00e9 Ernest Teagai, repr\u00e9sentant du Tavini.<\/p>\n<p class=\"article__paragraph  \">Le pr\u00e9sident de la Polyn\u00e9sie fran\u00e7aise, Moetai Brotherson, a cependant averti que cet amendement risquait \u00ab\u00a0fort d\u2019\u00eatre retoqu\u00e9\u00a0\u00bb par la justice administrative, en raison du \u00ab\u00a0principe de la libert\u00e9 de commerce et de la proportionnalit\u00e9 des interdictions de commerce\u00a0\u00bb inscrit dans la Constitution.<\/p>\n<p>              Un amendement controvers\u00e9 face \u00e0 la justice administrative              <\/p>\n<p class=\"article__paragraph  \">Les \u00ab\u00a0personnes concern\u00e9es\u00a0\u00bb peuvent se tourner \u00ab\u00a0vers leurs avocats pour dire que c\u2019est une entrave \u00e0 leur libert\u00e9 de commerce et que c\u2019est une interdiction qui n\u2019est pas proportionnelle\u00a0\u00bb, a-t-il pr\u00e9venu.<\/p>\n<p class=\"article__paragraph  \">L\u2019amendement a \u00e9t\u00e9 introduit sous forme d\u2019un nouvel article \u00e0 la fin du projet. Si ce dernier devait \u00eatre attaqu\u00e9, l\u2019ensemble de la loi n\u2019en serait pas fragilis\u00e9 pour autant.<\/p>\n<p class=\"article__paragraph  \">En Polyn\u00e9sie fran\u00e7aise, certains produits de vapotage sont r\u00e9guli\u00e8rement \u00ab\u00a0trafiqu\u00e9s\u00a0\u00bb pour permettre la consommation d\u2019huile de cannabis, mais aussi de la m\u00e9thamph\u00e9tamine, appel\u00e9e \u00ab\u00a0ice\u00a0\u00bb localement. Selon le minist\u00e8re de la sant\u00e9 de la Polyn\u00e9sie fran\u00e7aise, il y aurait 30\u00a0000\u00a0consommateurs r\u00e9guliers de cette drogue sur l\u2019ensemble du territoire.<\/p>\n<p>                                 Lire aussi |  Article r\u00e9serv\u00e9 \u00e0 nos abonn\u00e9s  <a href=\"https:\/\/www.lemonde.fr\/idees\/article\/2025\/06\/12\/la-cigarette-electronique-ne-doit-pas-echapper-aux-interdictions-et-restrictions-qui-s-imposent-au-tabagisme_6612525_3232.html\" class=\"js-article-read-also catcher--favoris__link\" data-premium=\"1\" id=\"article-title-3425792\" rel=\"nofollow noopener\" target=\"_blank\">\u00ab\u00a0La cigarette \u00e9lectronique ne doit pas \u00e9chapper aux interdictions et restrictions qui s\u2019imposent au tabagisme\u00a0\u00bb<\/a>    <\/p>\n<p>   Lire plus tard  <\/p>\n<p class=\"author__detail\">  Le Monde avec AFP  <\/p>\n<p>                  <a href=\"https:\/\/www.lemonde.fr\/syndication\/\" class=\"reuse__content\" title=\"R\u00e9utiliser ce contenu\" target=\"_blank\" rel=\"nofollow noopener\">R\u00e9utiliser ce contenu<\/a>      <\/p>\n","protected":false},"excerpt":{"rendered":"L\u2019Assembl\u00e9e de la Polyn\u00e9sie fran\u00e7aise a vot\u00e9, vendredi 30\u00a0ao\u00fbt, un amendement dans son projet de loi du pays&hellip;\n","protected":false},"author":2,"featured_media":356166,"comment_status":"","ping_status":"","sticky":false,"template":"","format":"standard","meta":{"footnotes":""},"categories":[5],"tags":[11,1011,27,14,12,28],"class_list":{"0":"post-356165","1":"post","2":"type-post","3":"status-publish","4":"format-standard","5":"has-post-thumbnail","7":"category-international","8":"tag-actualites","9":"tag-fr","10":"tag-france","11":"tag-international","12":"tag-news","13":"tag-world"},"share_on_mastodon":{"url":"https:\/\/pubeurope.com\/@fr\/115122619434838709","error":""},"_links":{"self":[{"href":"https:\/\/www.europesays.com\/fr\/wp-json\/wp\/v2\/posts\/356165","targetHints":{"allow":["GET"]}}],"collection":[{"href":"https:\/\/www.europesays.com\/fr\/wp-json\/wp\/v2\/posts"}],"about":[{"href":"https:\/\/www.europesays.com\/fr\/wp-json\/wp\/v2\/types\/post"}],"author":[{"embeddable":true,"href":"https:\/\/www.europesays.com\/fr\/wp-json\/wp\/v2\/users\/2"}],"replies":[{"embeddable":true,"href":"https:\/\/www.europesays.com\/fr\/wp-json\/wp\/v2\/comments?post=356165"}],"version-history":[{"count":0,"href":"https:\/\/www.europesays.com\/fr\/wp-json\/wp\/v2\/posts\/356165\/revisions"}],"wp:featuredmedia":[{"embeddable":true,"href":"https:\/\/www.europesays.com\/fr\/wp-json\/wp\/v2\/media\/356166"}],"wp:attachment":[{"href":"https:\/\/www.europesays.com\/fr\/wp-json\/wp\/v2\/media?parent=356165"}],"wp:term":[{"taxonomy":"category","embeddable":true,"href":"https:\/\/www.europesays.com\/fr\/wp-json\/wp\/v2\/categories?post=356165"},{"taxonomy":"post_tag","embeddable":true,"href":"https:\/\/www.europesays.com\/fr\/wp-json\/wp\/v2\/tags?post=356165"}],"curies":[{"name":"wp","href":"https:\/\/api.w.org\/{rel}","templated":true}]}}