{"id":356169,"date":"2025-08-31T09:16:11","date_gmt":"2025-08-31T09:16:11","guid":{"rendered":"https:\/\/www.europesays.com\/fr\/356169\/"},"modified":"2025-08-31T09:16:11","modified_gmt":"2025-08-31T09:16:11","slug":"la-colere-du-chef-etoile-gilles-goujon-contre-la-rave-party-organisee-dans-laude","status":"publish","type":"post","link":"https:\/\/www.europesays.com\/fr\/356169\/","title":{"rendered":"la col\u00e8re du chef \u00e9toil\u00e9 Gilles Goujon contre la rave party organis\u00e9e dans l\u2019Aude"},"content":{"rendered":"<p>\u00c0 la t\u00eate du restaurant triplement \u00e9toil\u00e9 L\u2019Auberge du Vieux Puits \u00e0 Fontjoncouse, le chef n\u2019a pas cach\u00e9 son indignation, au micro de RTL, contre le rassemblement de 2000 f\u00eatards qui s\u2019est tenu dans la nuit de vendredi \u00e0 samedi dans le massif des Corbi\u00e8res.<\/p>\n<p class=\"fig-paragraph\">Quelque 2000 f\u00eatards se sont rassembl\u00e9s pour une rave party dans la nuit de vendredi \u00e0 samedi \u00e0 Fontjoncouse (Aude), en plein dans le\u00a0<a href=\"http:\/\/www.lefigaro.fr\/actualite-france\/incendie-dans-l-aude-les-images-terrifiantes-du-gigantesque-feu-dans-le-massif-des-corbieres-20250806\" data-fig-type=\"NewsFlash\" data-gtm-custom-categorie=\"navigation\" data-gtm-custom-action=\"crossclick\" data-gtm-custom-label=\"Contextuel\" data-gtm-event=\"customEventSPE\" data-fig-domain=\"LEFIGARO\" rel=\"nofollow noopener\" target=\"_blank\">massif des Corbi\u00e8res<\/a>\u00a0touch\u00e9 d\u00e9but ao\u00fbt par<a href=\"http:\/\/www.lefigaro.fr\/actualite-france\/le-gigantesque-incendie-de-l-aude-qui-a-parcouru-17-000-hectares-est-eteint-annonce-la-prefecture-20250828\" data-fig-type=\"NewsFlash\" data-gtm-custom-categorie=\"navigation\" data-gtm-custom-action=\"crossclick\" data-gtm-custom-label=\"Contextuel\" data-gtm-event=\"customEventSPE\" data-fig-domain=\"LEFIGARO\" rel=\"nofollow noopener\" target=\"_blank\">\u00a0un gigantesque incendie<\/a>, a-t-on appris aupr\u00e8s de la gendarmerie et de la pr\u00e9fecture.<\/p>\n<p class=\"fig-paragraph\">\u00abLe pr\u00e9fet de l\u2019Aude, Alain Bucquet, condamne avec la plus grande fermet\u00e9 ce rassemblement aussi dangereux pour les participants qu\u2019indigne pour les habitants directement frapp\u00e9s par l\u2019incendie\u00bb, a r\u00e9agi la pr\u00e9fecture du d\u00e9partement dans un communiqu\u00e9. Il appelle les participants \u00e0 quitter les lieux imm\u00e9diatement\u00bb, ajoute-t-il. Les gendarmes \u00absont fortement mobilis\u00e9s\u00bb face \u00e0 des participants \u00e0 la rave \u00abdont plusieurs ont fait preuve d\u2019hostilit\u00e9\u00bb.<\/p>\n<p>                                    <a class=\"fig-a11y-skip a11y-hidden\" href=\"#fig-a11y-skip-main-inarticle\"><br \/>\n        Passer la publicit\u00e9<br \/>\n    <\/a><\/p>\n<p class=\"fig-paragraph\">Face \u00e0 l\u2019organisation de cet \u00e9v\u00e8nement, le chef \u00e9toil\u00e9\u00a0<a href=\"http:\/\/www.lefigaro.fr\/gastronomie\/gilles-goujon-le-cuisinier-qui-apprivoise-fontjoncouse-20220727\" data-fig-type=\"Article\" data-gtm-custom-categorie=\"navigation\" data-gtm-custom-action=\"crossclick\" data-gtm-custom-label=\"Contextuel\" data-gtm-event=\"customEventSPE\" data-fig-domain=\"LEFIGARO\" rel=\"nofollow noopener\" target=\"_blank\">Gilles Goujon<\/a>, \u00e0 la t\u00eate du restaurant triplement \u00e9toil\u00e9 L\u2019Auberge du Vieux Puits \u00e0 Fontjoncouse, n\u2019a pas cach\u00e9 sa col\u00e8re. Au micro de RTL, il a exprim\u00e9 son indignation\u00a0: \u00abIl y a des gens, il y a des vignerons ici qui ont tout perdu, mais tout perdu, leurs granges, de leurs vignes&#8230; Il y a m\u00eame une dame qui est d\u00e9c\u00e9d\u00e9e dans le village d\u2019\u00e0 c\u00f4t\u00e9. Et eux, ils viennent faire la f\u00eate et danser sur nos cendres. Mais je trouve \u00e7a abominable\u00a0! C\u2019est scandaleux, je ne comprends pas.\u00bb a-t-il d\u00e9plor\u00e9.<\/p>\n<p>    Gilles Goujon aux c\u00f4t\u00e9s de gendarmes sur une route menant \u00e0 une rave party organis\u00e9e au milieu d\u2019un terrain calcin\u00e9 \u00e0 Fontjoncouse, dans l\u2019Aude, le 30 ao\u00fbt 2025.<br \/>\n                Idriss Bigou-Gilles \/ AFP<\/p>\n<p class=\"fig-body-link\">\n            \u00c0 lire aussi<br \/>\n        <a class=\"fig-body-link__link\" href=\"http:\/\/avis-vin.lefigaro.fr\/terroir-viticulture\/cela-denature-le-vin-l-incendie-dans-l-aude-a-laisse-un-gout-de-fumee-sur-une-partie-du-vignoble-20250827\" data-fig-type=\"NewsFlash\" data-gtm-custom-categorie=\"navigation\" data-gtm-custom-action=\"crossclick\" data-gtm-custom-label=\"Contextuel\" data-gtm-event=\"customEventSPE\" data-fig-domain=\"AVIS_VIN\" rel=\"nofollow noopener\" target=\"_blank\">\u00abCela d\u00e9nature le vin\u00bb\u00a0: l\u2019incendie dans l\u2019Aude a laiss\u00e9 un go\u00fbt de fum\u00e9e sur une partie du vignoble<br \/>\n    <\/a>\n<\/p>\n<p>Un mort, 16.000 hectares parcourus par les flammes<\/p>\n<p class=\"fig-paragraph\">La zone o\u00f9 se d\u00e9roule la f\u00eate \u00abest interdite par arr\u00eat\u00e9 pr\u00e9fectoral \u00e0 toute circulation (&#8230;), du fait de sa dangerosit\u00e9 et du risque incendie qui demeure s\u00e9v\u00e8re\u00bb, rappelle la pr\u00e9fecture. Le feu du 5 ao\u00fbt, parti de la commune de Ribaute \u00e0 une vingtaine de kilom\u00e8tres de Fontjoncouse, a parcouru 16.000 hectares et d\u00e9truit 36 habitations, tuant une personne.<\/p>\n<p class=\"fig-paragraph\">C\u2019est le pire incendie depuis au moins 50 ans sur le pourtour m\u00e9diterran\u00e9en fran\u00e7ais, selon la Base de donn\u00e9es gouvernementale des incendies de for\u00eat en France (BDIFF) qui r\u00e9pertorie depuis 1973 la surface totale parcourue par les flammes.<\/p>\n","protected":false},"excerpt":{"rendered":"\u00c0 la t\u00eate du restaurant triplement \u00e9toil\u00e9 L\u2019Auberge du Vieux Puits \u00e0 Fontjoncouse, le chef n\u2019a pas cach\u00e9&hellip;\n","protected":false},"author":2,"featured_media":356170,"comment_status":"","ping_status":"","sticky":false,"template":"","format":"standard","meta":{"footnotes":""},"categories":[2],"tags":[11,4086,1011,27,1310,12,7746],"class_list":{"0":"post-356169","1":"post","2":"type-post","3":"status-publish","4":"format-standard","5":"has-post-thumbnail","7":"category-actualites","8":"tag-actualites","9":"tag-aude","10":"tag-fr","11":"tag-france","12":"tag-incendie","13":"tag-news","14":"tag-rave-party"},"share_on_mastodon":{"url":"https:\/\/pubeurope.com\/@fr\/115122627093033045","error":""},"_links":{"self":[{"href":"https:\/\/www.europesays.com\/fr\/wp-json\/wp\/v2\/posts\/356169","targetHints":{"allow":["GET"]}}],"collection":[{"href":"https:\/\/www.europesays.com\/fr\/wp-json\/wp\/v2\/posts"}],"about":[{"href":"https:\/\/www.europesays.com\/fr\/wp-json\/wp\/v2\/types\/post"}],"author":[{"embeddable":true,"href":"https:\/\/www.europesays.com\/fr\/wp-json\/wp\/v2\/users\/2"}],"replies":[{"embeddable":true,"href":"https:\/\/www.europesays.com\/fr\/wp-json\/wp\/v2\/comments?post=356169"}],"version-history":[{"count":0,"href":"https:\/\/www.europesays.com\/fr\/wp-json\/wp\/v2\/posts\/356169\/revisions"}],"wp:featuredmedia":[{"embeddable":true,"href":"https:\/\/www.europesays.com\/fr\/wp-json\/wp\/v2\/media\/356170"}],"wp:attachment":[{"href":"https:\/\/www.europesays.com\/fr\/wp-json\/wp\/v2\/media?parent=356169"}],"wp:term":[{"taxonomy":"category","embeddable":true,"href":"https:\/\/www.europesays.com\/fr\/wp-json\/wp\/v2\/categories?post=356169"},{"taxonomy":"post_tag","embeddable":true,"href":"https:\/\/www.europesays.com\/fr\/wp-json\/wp\/v2\/tags?post=356169"}],"curies":[{"name":"wp","href":"https:\/\/api.w.org\/{rel}","templated":true}]}}