{"id":356171,"date":"2025-08-31T09:18:10","date_gmt":"2025-08-31T09:18:10","guid":{"rendered":"https:\/\/www.europesays.com\/fr\/356171\/"},"modified":"2025-08-31T09:18:10","modified_gmt":"2025-08-31T09:18:10","slug":"la-concurrence-est-rude-pour-enzo-bardeli","status":"publish","type":"post","link":"https:\/\/www.europesays.com\/fr\/356171\/","title":{"rendered":"La concurrence est rude pour Enzo Bardeli"},"content":{"rendered":"<p>Avec d\u00e9j\u00e0 25M\u20ac d\u00e9pens\u00e9s, <strong>le mercato st\u00e9phanois explose tous les records de Ligue 2<\/strong>. Toutefois, Ivan Gazidis n&rsquo;a pas l&rsquo;intention de s&rsquo;arr\u00eater en si bon chemin. Alors que le pr\u00e9sident de Saint-Etienne assume <a href=\"https:\/\/www.dailymercato.com\/news\/mercato-asse-lucas-stassin-nest-pas-la-priorite-de-brentford\" rel=\"nofollow noopener\" target=\"_blank\">son bras de fer concernant Lucas Stassin<\/a>, un autre joueur au profil offensif est attendu d&rsquo;ici le 1er septembre.<\/p>\n<p>En d\u00e9but de semaine,\u00a0La Voix du Nord avait r\u00e9v\u00e9l\u00e9 que <a href=\"https:\/\/www.dailymercato.com\/news\/mercato-asse-un-ancien-du-losc-pour-boucler-le-recrutement-estival\" rel=\"nofollow noopener\" target=\"_blank\">l&rsquo;ASSE \u00e9tait int\u00e9ress\u00e9e \u00e0 l&rsquo;id\u00e9e de recruter Enzo Bardeli<\/a>. Le N\u00b010 de Dunkerque s&rsquo;est encore illutr\u00e9 contre Troyes en inscrivant 1 but et 1 passe d\u00e9cisive. De quoi motiver Gazidis \u00e0 sortir le ch\u00e9quier.<\/p>\n<p>L&rsquo;ASSE en concurrence avec la Ligue 1 !<\/p>\n<p>Sans surprise, <strong>l&rsquo;ASSE n&rsquo;est pas la seule \u00e9quipe sur le dossier de Bardeli<\/strong>. Rapid Vienne ainsi que le PAOK Salonique ont d\u00e9j\u00e0 approch\u00e9 le joueur de 24 ans. Ce matin,\u00a0Foot Mercato affirme que l&rsquo;AJ Auxerre est elle aussi en contact avec l&rsquo;USLD.<\/p>\n<p>Pensionnaire de Ligue 2, l&rsquo;ASSE parviendra-t-elle \u00e0 devancer un club de <a href=\"https:\/\/www.dailymercato.com\/ligue-1\" rel=\"nofollow noopener\" target=\"_blank\">Ligue 1<\/a> ? Eirik Horneland pourrait offrir les clefs du jeu \u00e0 Enzo Bardeli, et ainsi le convaincre de rejoindre le projet Kilmer Sport Ventures. Les derni\u00e8res heures du mercato estival s&rsquo;annoncent intenses concernant le dossier Bardeli !<\/p>\n<blockquote class=\"twitter-tweet\"><p>&#13;<\/p>\n<p dir=\"ltr\" lang=\"fr\">\ud83d\udea8<a href=\"https:\/\/twitter.com\/hashtag\/ASSE?src=hash&amp;ref_src=twsrc%5Etfw\" rel=\"nofollow noopener\" target=\"_blank\">#ASSE<\/a> \ud83d\udfe2\ud83d\udfe2<\/p>\n<p>\ud83c\udfafSaint Etienne tr\u00e8s chaud sur Enzo Bardeli, encore plus depuis son but et sa passe D d&rsquo;hier. <\/p>\n<p>\ud83d\udde3\ufe0fContact tr\u00e8s r\u00e9cent entre l&rsquo;ASSE et l&rsquo;USLD<\/p>\n<p>\u2757\ufe0fAuxerre vient de se m\u00ealer dans la lutte, clubs \u00e9trangers \u00e9galement pr\u00e9sents. <\/p>\n<p>\u23f2\ufe0fca va bouger \u231b\ufe0f\u231b\ufe0f\u2026 <a href=\"https:\/\/t.co\/xoTN4C6I4u\" rel=\"nofollow\">https:\/\/t.co\/xoTN4C6I4u<\/a> <a href=\"https:\/\/t.co\/79PU1M2kBv\" rel=\"nofollow\">pic.twitter.com\/79PU1M2kBv<\/a><\/p>\n<p>&#13;<br \/>\n\u2014 S\u00e9bastien Denis (@sebnonda) <a href=\"https:\/\/twitter.com\/sebnonda\/status\/1961889937164550372?ref_src=twsrc%5Etfw\" rel=\"nofollow noopener\" target=\"_blank\">August 30, 2025<\/a><\/p><\/blockquote>\n<p>Supporter st\u00e9phanois, je ne perds pas espoir de revoir les Verts retrouver les sommets. En attendant, je m&rsquo;endes clu remets aux autres clubs historiques du football fran\u00e7ais pour prendre mon mal en patience, et ainsi admirer des clubs comme Strasbourg ou le RC Lens.<\/p>\n<p>            <script async src=\"https:\/\/platform.twitter.com\/widgets.js\" charset=\"utf-8\"><\/script><\/p>\n","protected":false},"excerpt":{"rendered":"Avec d\u00e9j\u00e0 25M\u20ac d\u00e9pens\u00e9s, le mercato st\u00e9phanois explose tous les records de Ligue 2. Toutefois, Ivan Gazidis n&rsquo;a&hellip;\n","protected":false},"author":2,"featured_media":356172,"comment_status":"","ping_status":"","sticky":false,"template":"","format":"standard","meta":{"footnotes":""},"categories":[9653],"tags":[1111,11,2430,1777,674,1011,27,12,25,4001],"class_list":{"0":"post-356171","1":"post","2":"type-post","3":"status-publish","4":"format-standard","5":"has-post-thumbnail","7":"category-saint-etienne","8":"tag-actu","9":"tag-actualites","10":"tag-auvergne-rhone-alpes","11":"tag-eu","12":"tag-europe","13":"tag-fr","14":"tag-france","15":"tag-news","16":"tag-republique-francaise","17":"tag-saint-etienne"},"share_on_mastodon":{"url":"https:\/\/pubeurope.com\/@fr\/115122634900676968","error":""},"_links":{"self":[{"href":"https:\/\/www.europesays.com\/fr\/wp-json\/wp\/v2\/posts\/356171","targetHints":{"allow":["GET"]}}],"collection":[{"href":"https:\/\/www.europesays.com\/fr\/wp-json\/wp\/v2\/posts"}],"about":[{"href":"https:\/\/www.europesays.com\/fr\/wp-json\/wp\/v2\/types\/post"}],"author":[{"embeddable":true,"href":"https:\/\/www.europesays.com\/fr\/wp-json\/wp\/v2\/users\/2"}],"replies":[{"embeddable":true,"href":"https:\/\/www.europesays.com\/fr\/wp-json\/wp\/v2\/comments?post=356171"}],"version-history":[{"count":0,"href":"https:\/\/www.europesays.com\/fr\/wp-json\/wp\/v2\/posts\/356171\/revisions"}],"wp:featuredmedia":[{"embeddable":true,"href":"https:\/\/www.europesays.com\/fr\/wp-json\/wp\/v2\/media\/356172"}],"wp:attachment":[{"href":"https:\/\/www.europesays.com\/fr\/wp-json\/wp\/v2\/media?parent=356171"}],"wp:term":[{"taxonomy":"category","embeddable":true,"href":"https:\/\/www.europesays.com\/fr\/wp-json\/wp\/v2\/categories?post=356171"},{"taxonomy":"post_tag","embeddable":true,"href":"https:\/\/www.europesays.com\/fr\/wp-json\/wp\/v2\/tags?post=356171"}],"curies":[{"name":"wp","href":"https:\/\/api.w.org\/{rel}","templated":true}]}}