{"id":356179,"date":"2025-08-31T09:25:22","date_gmt":"2025-08-31T09:25:22","guid":{"rendered":"https:\/\/www.europesays.com\/fr\/356179\/"},"modified":"2025-08-31T09:25:22","modified_gmt":"2025-08-31T09:25:22","slug":"ne-ratez-pas-les-30-ans-du-plus-beau-festival-de-guitare-de-lannee","status":"publish","type":"post","link":"https:\/\/www.europesays.com\/fr\/356179\/","title":{"rendered":"ne ratez pas les 30 ans du plus beau festival de guitare de l\u2019ann\u00e9e"},"content":{"rendered":"<p><strong>Du 21 septembre au 19 octobre, le festival des Internationales de la Guitare en Occitanie va f\u00eater sa 30\u1d49 \u00e9dition, avec plus de 85 concerts \u00e0 Montpellier et dans d\u2019autres villes de l\u2019H\u00e9rault et de la r\u00e9gion.<\/strong><\/p>\n<p><img fetchpriority=\"high\" decoding=\"async\" width=\"1200\" height=\"675\" src=\"https:\/\/www.europesays.com\/fr\/wp-content\/uploads\/2025\/08\/Les-100-guitares-aux-internationales-de-la-guitare-1200x675.jpg\" alt=\"festival guitare occitanie\"  \/><\/p>\n<p>L\u2019exceptionnelle et impressionnante performance du concert avec 100 guitaristes en centre-ville de Montpellier. \u00a9 Internationales de la guitare<\/p>\n<p>Durant l\u2019\u00e9t\u00e9, l\u2019Occitanie accueille d\u00e9j\u00e0 <a href=\"https:\/\/www.lejournaltoulousain.fr\/occitanie\/culture-occitanie\/festival-ete-occitanie-314487\/\" target=\"_blank\" rel=\"noopener\">un grand nombre de festivals de musique.<\/a> L\u2019\u00e9t\u00e9 indien \u00e9tant r\u00e9current dans la r\u00e9gion, Montpellier en profite pour accueillir des milliers de passionn\u00e9s aux Internationales de la Guitare. <strong>Cet \u00e9v\u00e9nement se d\u00e9roule du 21 septembre au 19 octobre et d\u00e9passe m\u00eame les fronti\u00e8res de la ville.<\/strong> En effet, quelques-uns des 85 concerts attendus auront lieu dans d\u2019autres communes de l\u2019H\u00e9rault et de la r\u00e9gion, comme \u00e0 S\u00e9rignan, Mireval, Lunel ou encore Prades-Le-Lez. Sur sc\u00e8ne, on retrouvera des artistes mondialement r\u00e9put\u00e9s, mais aussi des initiatives plus originales, o\u00f9 les amateurs fans de cet instrument \u00e0 cordes se pr\u00e9sentent face au public.<\/p>\n<p>Un festival \u00e0 la corde sensible<\/p>\n<p>Parmi les exp\u00e9riences uniques en leur genre, les Internationales de la guitare s\u2019ouvrent avec le concert \u201c100 guitares pour 30 ans\u201d, aux jardins du Peyrou, le dimanche 21 septembre \u00e0 17h. D\u00e9j\u00e0 r\u00e9alis\u00e9 en 2023, <strong>ce spectacle met \u00e0 l\u2019honneur des centaines de musiciens amateurs en leur proposant de monter sur sc\u00e8ne<\/strong>, tous ensemble. Ainsi, ce sont plus de 600 cordes qui vont vibrer en m\u00eame temps dans le centre-ville de Montpellier. En parall\u00e8le, certains artistes internationaux feront aussi leur apparition, comme le Nig\u00e9rian <strong>Keziah Jones<\/strong>, le dimanche 12 octobre \u00e0 20h30. Ce dernier se produira \u00e0 l\u2019Op\u00e9ra Berlioz, pour cl\u00f4turer la programmation musicale.<\/p>\n<p>Entre temps, plusieurs artistes vont d\u00e9filer sur sc\u00e8ne. Par ailleurs, <strong>d\u2019autres instruments \u00e0 cordes s\u2019invitent lors de cet \u00e9v\u00e9nement.<\/strong> On retrouve par exemple le groupe de jazz manouche fran\u00e7ais des Doigts de l\u2019homme, o\u00f9 la contrebasse et les percussions r\u00e9sonneront durant la soir\u00e9e du 4 octobre, \u00e0 la Salle Des Crouzets d\u2019Assas. Sur les derni\u00e8res journ\u00e9es de ce festival, le Salon International de la Guitare prendra aussi place \u00e0 Toulouse. Le 18 et 19 octobre, une centaine de luthiers et d\u2019artisans, venus de toute la France et de l\u2019international, pr\u00e9senteront leur travail aux curieux qui feront le d\u00e9placement.<\/p>\n<p class=\"has-text-align-right\">Informations pratiques :<br \/>Dates : du 21 septembre au 19 octobre dans toute l\u2019Occitanie ;<br \/>Programmation compl\u00e8te, billetterie et plus d\u2019informations disponibles en <a href=\"https:\/\/www.les-ig.com\/infos-pratiques\/\" target=\"_blank\" rel=\"noreferrer noopener\">cliquant ici.<\/a><\/p>\n","protected":false},"excerpt":{"rendered":"Du 21 septembre au 19 octobre, le festival des Internationales de la Guitare en Occitanie va f\u00eater sa&hellip;\n","protected":false},"author":2,"featured_media":356180,"comment_status":"","ping_status":"","sticky":false,"template":"","format":"standard","meta":{"footnotes":""},"categories":[9599],"tags":[1111,11,1777,674,1011,27,45578,2208,12,2680,25,49217],"class_list":{"0":"post-356179","1":"post","2":"type-post","3":"status-publish","4":"format-standard","5":"has-post-thumbnail","7":"category-montpellier","8":"tag-actu","9":"tag-actualites","10":"tag-eu","11":"tag-europe","12":"tag-fr","13":"tag-france","14":"tag-magique","15":"tag-montpellier","16":"tag-news","17":"tag-occitanie","18":"tag-republique-francaise","19":"tag-u00e9lectrique-ne-ratez-pas-les-30-ans-du-plus-beau-festival-de-guitare-de-lu2019annu00e9e"},"share_on_mastodon":{"url":"","error":""},"_links":{"self":[{"href":"https:\/\/www.europesays.com\/fr\/wp-json\/wp\/v2\/posts\/356179","targetHints":{"allow":["GET"]}}],"collection":[{"href":"https:\/\/www.europesays.com\/fr\/wp-json\/wp\/v2\/posts"}],"about":[{"href":"https:\/\/www.europesays.com\/fr\/wp-json\/wp\/v2\/types\/post"}],"author":[{"embeddable":true,"href":"https:\/\/www.europesays.com\/fr\/wp-json\/wp\/v2\/users\/2"}],"replies":[{"embeddable":true,"href":"https:\/\/www.europesays.com\/fr\/wp-json\/wp\/v2\/comments?post=356179"}],"version-history":[{"count":0,"href":"https:\/\/www.europesays.com\/fr\/wp-json\/wp\/v2\/posts\/356179\/revisions"}],"wp:featuredmedia":[{"embeddable":true,"href":"https:\/\/www.europesays.com\/fr\/wp-json\/wp\/v2\/media\/356180"}],"wp:attachment":[{"href":"https:\/\/www.europesays.com\/fr\/wp-json\/wp\/v2\/media?parent=356179"}],"wp:term":[{"taxonomy":"category","embeddable":true,"href":"https:\/\/www.europesays.com\/fr\/wp-json\/wp\/v2\/categories?post=356179"},{"taxonomy":"post_tag","embeddable":true,"href":"https:\/\/www.europesays.com\/fr\/wp-json\/wp\/v2\/tags?post=356179"}],"curies":[{"name":"wp","href":"https:\/\/api.w.org\/{rel}","templated":true}]}}