{"id":356193,"date":"2025-08-31T09:33:17","date_gmt":"2025-08-31T09:33:17","guid":{"rendered":"https:\/\/www.europesays.com\/fr\/356193\/"},"modified":"2025-08-31T09:33:17","modified_gmt":"2025-08-31T09:33:17","slug":"cette-commune-bretonne-remet-un-bar-tabac-au-sein-du-bourg","status":"publish","type":"post","link":"https:\/\/www.europesays.com\/fr\/356193\/","title":{"rendered":"Cette commune bretonne remet un bar-tabac au sein du bourg"},"content":{"rendered":"<p>La municipalit\u00e9 de <a href=\"https:\/\/vitre.maville.com\/bretagne\/ille-et-vilaine\/balaze\/\" target=\"_blank\" rel=\"noopener\">Balaz\u00e9<\/a> (Ille-et-Vilaine) a inaugur\u00e9 la troisi\u00e8me cellule commerciale\u00a0: un bar-tabac, multiservices et la placette de l\u2019\u00eelot Saint-Martin mais aussi une tyrolienne au parc des Glycines. L\u2019ensemble s\u2019inscrit dans un long projet d\u00e9but\u00e9 lors du pr\u00e9c\u00e9dent mandant.<\/p>\n<p>Un projet du conseil des enfants<\/p>\n<p>\u00a0C\u2019est un beau projet. La tyrolienne, install\u00e9e depuis deux mois, est d\u00e9j\u00e0 tr\u00e8s utilis\u00e9e\u00a0, a annonc\u00e9 St\u00e9phane Douabin, le maire. La municipalit\u00e9 a inaugur\u00e9 des projets de la commune dont cette tyrolienne, install\u00e9e au parc des Glycines. \u00a0Un projet port\u00e9 par les jeunes du conseil municipal des enfants\u00a0.<\/p>\n<p>Les jeunes ont choisi le mat\u00e9riel et l\u2019emplacement en continuit\u00e9 des deux espaces de jeux dont celui pour les plus petits. Le co\u00fbt de 14\u00a0700\u00a0\u20ac est financ\u00e9 par la commune.<\/p>\n<p>\u00a0Un lieu qui va animer la commune\u00a0<\/p>\n<p>La municipalit\u00e9 a inaugur\u00e9 la troisi\u00e8me cellule commerciale\u00a0: un bar-tabac, multiservices et la placette de l\u2019\u00eelot Saint-Martin. \u00a0Le bar\u00a0; un lieu de rencontre qui manquait depuis la fermeture de l\u2019ancien bar, il y a dix ans.\u00a0\u00a0<\/p>\n<p>Le commerce Kne Zh Kaf\u00e9 ouvrira lundi 1er\u00a0septembre et la g\u00e9rante, Sophie Mongodin, proposera de multiples services\u00a0: bar, tabac, journaux, jeux de la Fran\u00e7aise des jeux, service de la poste, cartes grises\u2026 \u00a0Le cadre est pos\u00e9, reste \u00e0 le faire vivre. C\u2019est l\u00e0 qu\u2019il faut passer et venir\u00a0, a signal\u00e9 Jean-Luc Chenut, pr\u00e9sident du conseil d\u00e9partemental d\u2019Ille-et-Vilaine. \u00a0Un lieu qui va animer la commune\u00a0, a ajout\u00e9 Christine Le\u00a0Nabour, d\u00e9put\u00e9e. De nombreux officiels et maires sont pr\u00e9sents. Cette inauguration qui cl\u00f4ture un long projet entrepris lors du pr\u00e9c\u00e9dant mandat.<\/p>\n<p>Un an de retard<\/p>\n<p>Cette troisi\u00e8me cellule s\u2019ajoute aux deux autres cellules\u00a0: la boulangerie et le cabinet pour une nutritionniste, psychologue et di\u00e9t\u00e9ticienne. \u00a0Le chantier a \u00e9t\u00e9 retard\u00e9 par le Covid, des d\u00e9faillances d\u2019entreprises. L\u2019ouverture a pris un an de retard\u00a0, a pr\u00e9cis\u00e9, Sophie Donzel, directrice g\u00e9n\u00e9rale du bailleur Neotoa qui a particip\u00e9 au financement, \u00e0 hauteur de 10\u00a0000\u00a0\u20ac. \u00a0En tant que bailleur social, on aide aussi \u00e0 la construction de commerce pour contribuer \u00e0 la vie de proximit\u00e9 des habitants\u00a0\u00bb,rajoute-t-elle.<\/p>\n<p>Neotoa avait contribu\u00e9 au financement des dix logements aux dessus des cellules commerciales. Le co\u00fbt de cette cellule et la placette s\u2019\u00e9l\u00e8ve \u00e0 394\u00a0366\u00a0\u20ac, (7\u00a0630\u00a0\u20ac pour la placette) subventionn\u00e9 \u00e0 hauteur de 204\u00a0477\u00a0\u20ac par l\u2019\u00c9tat, \u00a0une contribution importante\u00a0, a signal\u00e9 S\u00e9bastien Ney, secr\u00e9taire g\u00e9n\u00e9ral, repr\u00e9sentant le Sous-pr\u00e9fet.<\/p>\n<p>Avec une contribution de 35\u00a0560\u00a0\u20ac de la R\u00e9gion\u00a0; 90\u00a0000\u00a0\u20ac du D\u00e9partement\u00a0; 114\u00a0000\u00a0\u20ac de Vitr\u00e9 Communaut\u00e9, 7\u00a0630\u00a0\u20ac au titre des amendes de police. La municipalit\u00e9 a rachet\u00e9 la licence IV pour 8\u00a0000\u00a0\u20ac. Le co\u00fbt pour tout l\u2019\u00eelot est de 1\u00a0610\u00a0998\u00a0\u20ac. Le maire a annonc\u00e9\u00a0la r\u00e9ouverture prochaine de la sup\u00e9rette.<\/p>\n<p>\u00a0<\/p>\n","protected":false},"excerpt":{"rendered":"La municipalit\u00e9 de Balaz\u00e9 (Ille-et-Vilaine) a inaugur\u00e9 la troisi\u00e8me cellule commerciale\u00a0: un bar-tabac, multiservices et la placette de&hellip;\n","protected":false},"author":2,"featured_media":356194,"comment_status":"","ping_status":"","sticky":false,"template":"","format":"standard","meta":{"footnotes":""},"categories":[2821],"tags":[1111,11,49218,29600,829,12103,7052,1777,674,1011,27,12,5970,584,25,3865],"class_list":{"0":"post-356193","1":"post","2":"type-post","3":"status-publish","4":"format-standard","5":"has-post-thumbnail","7":"category-rennes","8":"tag-actu","9":"tag-actualites","10":"tag-bar-tabac","11":"tag-bourg","12":"tag-bretagne","13":"tag-bretonne","14":"tag-commune","15":"tag-eu","16":"tag-europe","17":"tag-fr","18":"tag-france","19":"tag-news","20":"tag-remet","21":"tag-rennes","22":"tag-republique-francaise","23":"tag-sein"},"share_on_mastodon":{"url":"https:\/\/pubeurope.com\/@fr\/115122693980472308","error":""},"_links":{"self":[{"href":"https:\/\/www.europesays.com\/fr\/wp-json\/wp\/v2\/posts\/356193","targetHints":{"allow":["GET"]}}],"collection":[{"href":"https:\/\/www.europesays.com\/fr\/wp-json\/wp\/v2\/posts"}],"about":[{"href":"https:\/\/www.europesays.com\/fr\/wp-json\/wp\/v2\/types\/post"}],"author":[{"embeddable":true,"href":"https:\/\/www.europesays.com\/fr\/wp-json\/wp\/v2\/users\/2"}],"replies":[{"embeddable":true,"href":"https:\/\/www.europesays.com\/fr\/wp-json\/wp\/v2\/comments?post=356193"}],"version-history":[{"count":0,"href":"https:\/\/www.europesays.com\/fr\/wp-json\/wp\/v2\/posts\/356193\/revisions"}],"wp:featuredmedia":[{"embeddable":true,"href":"https:\/\/www.europesays.com\/fr\/wp-json\/wp\/v2\/media\/356194"}],"wp:attachment":[{"href":"https:\/\/www.europesays.com\/fr\/wp-json\/wp\/v2\/media?parent=356193"}],"wp:term":[{"taxonomy":"category","embeddable":true,"href":"https:\/\/www.europesays.com\/fr\/wp-json\/wp\/v2\/categories?post=356193"},{"taxonomy":"post_tag","embeddable":true,"href":"https:\/\/www.europesays.com\/fr\/wp-json\/wp\/v2\/tags?post=356193"}],"curies":[{"name":"wp","href":"https:\/\/api.w.org\/{rel}","templated":true}]}}