{"id":356195,"date":"2025-08-31T09:34:22","date_gmt":"2025-08-31T09:34:22","guid":{"rendered":"https:\/\/www.europesays.com\/fr\/356195\/"},"modified":"2025-08-31T09:34:22","modified_gmt":"2025-08-31T09:34:22","slug":"fermeture-du-parking-vilaine-a-rennes-et-debut-du-chantier-quelles-sont-les-modifications-de-circulation","status":"publish","type":"post","link":"https:\/\/www.europesays.com\/fr\/356195\/","title":{"rendered":"Fermeture du parking Vilaine \u00e0 Rennes et d\u00e9but du chantier\u00a0: quelles sont les modifications de circulation\u00a0?"},"content":{"rendered":"<p>Le parking Vilaine ferme ses portes ce dimanche soir, pour entamer \u00e0 partir de lundi le m\u00e9ga-chantier, qui vise \u00e0 d\u00e9construire la dalle et rendre visible le fleuve. Pour permettre ces travaux, les habitants vont devoir adapter leur moyens de d\u00e9placement. <\/p>\n<p>A partir de ce dimanche soir, il est impossible de se garer sur le parking Vilaine, \u00e0 Rennes. Ce parc de <strong>250 m\u00e8tres de long<\/strong> et ses <strong>249 places de stationnement<\/strong> vont dispara\u00eetre, au profit du fleuve. Le chantier a pour but de <a class=\"IciLink ici-link IciArticleLink g-ici-body-regular-1 underline brand svelte-lu7k6w\" href=\"https:\/\/www.francebleu.fr\/infos\/environnement\/a-rennes-la-disparition-du-parking-vilaine-fin-aout-va-permettre-de-redecouvrir-le-fleuve-et-reamenager-les-quais-7045948\" rel=\"nofollow noopener\" target=\"_blank\">r\u00e9am\u00e9nager les quais et de remettre au centre le fleuve<\/a>. La d\u00e9construction du parking Vilaine commence en octobre 2025, pour un dur\u00e9e de <strong>sept mois environ<\/strong>. Ce m\u00e9ga-chantier va occasionner des <strong>modifications de circulation<\/strong>, pour pi\u00e9tons, cyclistes et automobilistes.<\/p>\n<p><img loading=\"lazy\" decoding=\"async\" class=\"VisualPreview svelte-1rldrkz\" src=\"data:image\/jpeg;base64,\/9j\/2wBDACgcHiMeGSgjISMtKygwPGRBPDc3PHtYXUlkkYCZlo+AjIqgtObDoKrarYqMyP\/L2u71\/\/\/\/m8H\/\/\/\/6\/+b9\/\/j\/2wBDASstLTw1PHZBQXb4pYyl+Pj4+Pj4+Pj4+Pj4+Pj4+Pj4+Pj4+Pj4+Pj4+Pj4+Pj4+Pj4+Pj4+Pj4+Pj4+Pj4+Pj\/wAARCAAaACoDASIAAhEBAxEB\/8QAFwABAQEBAAAAAAAAAAAAAAAAAgMBBP\/EABcQAQEBAQAAAAAAAAAAAAAAAAABAhL\/xAAWAQEBAQAAAAAAAAAAAAAAAAAAAQL\/xAAUEQEAAAAAAAAAAAAAAAAAAAAA\/9oADAMBAAIRAxEAPwDomimnNNnNtIv0N0n2N2IpdD2jdj2KE2U2jGwRbsbsGUCuh6GsB\/\/Z\" alt=\"Le parking Vilaine commence \u00e0 se vider ce dimanche matin \u00e0 Rennes.\" width=\"600\" height=\"381\"\/>  Le parking Vilaine commence \u00e0 se vider ce dimanche matin \u00e0 Rennes. \u00a9 Radio France &#8211; Emma Dehoey<\/p>\n<p>D\u00e8s ce lundi matin,\u00a0les barri\u00e8res automatiques seront d\u00e9connect\u00e9es, remplac\u00e9es par des plots rouges et blancs et des glissi\u00e8res en b\u00e9ton. Les jours qui suivent seront consacr\u00e9s \u00e0 l&rsquo;installation du chantier, notamment la pose d&rsquo;une cl\u00f4ture autour de la dalle, la d\u00e9pose des barri\u00e8res et des \u00e9quipements du parking, ainsi que le retrait des arbres en pot.<\/p>\n<p><img loading=\"lazy\" decoding=\"async\" class=\"VisualPreview svelte-1rldrkz\" src=\"data:image\/jpeg;base64,\/9j\/2wBDACgcHiMeGSgjISMtKygwPGRBPDc3PHtYXUlkkYCZlo+AjIqgtObDoKrarYqMyP\/L2u71\/\/\/\/m8H\/\/\/\/6\/+b9\/\/j\/2wBDASstLTw1PHZBQXb4pYyl+Pj4+Pj4+Pj4+Pj4+Pj4+Pj4+Pj4+Pj4+Pj4+Pj4+Pj4+Pj4+Pj4+Pj4+Pj4+Pj4+Pj\/wAARCAAcACoDASIAAhEBAxEB\/8QAFwABAQEBAAAAAAAAAAAAAAAAAwABBP\/EABcQAQEBAQAAAAAAAAAAAAAAAAASEQH\/xAAUAQEAAAAAAAAAAAAAAAAAAAAA\/8QAFBEBAAAAAAAAAAAAAAAAAAAAAP\/aAAwDAQACEQMRAD8AXvGYaWQAcWGhQAZZJoUA6IUFxYAoUFxYAoUGxYD\/2Q==\" alt=\"Les diff\u00e9rentes phases du chantier du parking Vilaine \u00e0 Rennes.\" width=\"600\" height=\"406\"\/>  Les diff\u00e9rentes phases du chantier du parking Vilaine \u00e0 Rennes. \u00a9 Radio France &#8211; Rennes M\u00e9tropole<\/p>\n<p>A partir d&rsquo;octobre, une grue sera implant\u00e9e au niveau de la place de Bretagne, pour cr\u00e9er une premi\u00e8re ouverture dans la dalle de 20 m\u00e8tres de long. Elle sera charg\u00e9e d&rsquo;approvisionner les mat\u00e9riels de d\u00e9construction. Gr\u00e2ce \u00e0 cette ouverture, une pelle de pr\u00e8s de 50 tonnes sera pos\u00e9e <strong>sur des caissons flottants sur la Vilaine<\/strong>. La d\u00e9construction de la dalle, sur environ 250 m\u00e8tres de long, sera ensuite men\u00e9e par \u00ab\u00a0grignotage\u00a0\u00bb progressif, <strong>effectu\u00e9 depuis le fleuve<\/strong>, pour une dur\u00e9e d&rsquo;environ 5 mois, de d\u00e9cembre \u00e0 avril 2026. Les 6 000 tonnes de b\u00e9ton seront \u00e9vacu\u00e9es par des barges, sur la Vilaine, jusqu&rsquo;au site de l&rsquo;entreprise Charier TP (4 km de trajet). Cette technique d&rsquo;extraction fluviale\u00a0permettra de \u00ab\u00a0r\u00e9duire les nuisances et les contraintes pour les riverains\u00a0\u00bb, selon la M\u00e9tropole.<\/p>\n<p>Le quai Duguay-Trouin ferm\u00e9 \u00e0 la circulation<\/p>\n<p>Les riverains devront modifier leur habitudes de d\u00e9placement. Pour les pi\u00e9tons, la travers\u00e9e de la dalle du parking Vilaine, entre le pont de la Mission et le nord de la rue de Nemours, ne sera plus possible \u00e0 partir du 1er septembre. Un jalonnement sera mis en place pour faciliter leur circulation. En octobre-novembre 2025, les pi\u00e9tons pourront continuer \u00e0 emprunter le trottoir du quai Duguay-Trouin, bien que celui-ci soit ferm\u00e9 \u00e0 la circulation des voitures et cyclistes.\u00a0Une <strong>d\u00e9viation<\/strong> sera mise en place indique la m\u00e9tropole.<\/p>\n<p><img loading=\"lazy\" decoding=\"async\" class=\"VisualPreview svelte-1rldrkz\" src=\"data:image\/jpeg;base64,\/9j\/2wBDACgcHiMeGSgjISMtKygwPGRBPDc3PHtYXUlkkYCZlo+AjIqgtObDoKrarYqMyP\/L2u71\/\/\/\/m8H\/\/\/\/6\/+b9\/\/j\/2wBDASstLTw1PHZBQXb4pYyl+Pj4+Pj4+Pj4+Pj4+Pj4+Pj4+Pj4+Pj4+Pj4+Pj4+Pj4+Pj4+Pj4+Pj4+Pj4+Pj4+Pj\/wAARCAAfACoDASIAAhEBAxEB\/8QAFwAAAwEAAAAAAAAAAAAAAAAAAQIDAP\/EABgQAQADAQAAAAAAAAAAAAAAAAABAhES\/8QAFAEBAAAAAAAAAAAAAAAAAAAAAP\/EABQRAQAAAAAAAAAAAAAAAAAAAAD\/2gAMAwEAAhEDEQA\/AI6CcWNEgdi62gMyXQmxdAkWGLJaOgr03SXTdAebB0TQ0H\/\/2Q==\" alt=\"Le parking Vilaine va dispara\u00eetre pour permettre de voir le fleuve \u00e0 Rennes.\" width=\"600\" height=\"450\"\/>  Le parking Vilaine va dispara\u00eetre pour permettre de voir le fleuve \u00e0 Rennes. \u00a9 Radio France &#8211; Fanny BeaurelMoins de places de parking\u00a0?<\/p>\n<p>Certains habitants et commer\u00e7ants craignent de voir le nombre de places de parking diminuer dans la ville de Rennes. Face \u00e0 cette inqui\u00e9tude, la ville de Rennes a \u00e9tendu les horaires des parkings Ch\u00e9zy-Dinan et Kl\u00e9ber. Plus de 6 000 places de stationnement se trouvent dans les 11 parkings situ\u00e9s dans le centre-ville, du parking H\u00f4tel Dieu (305 places) au nord au parking Gare sud (1 200 places) au sud. S&rsquo;y ajoutent 1 300 places de stationnement sur la voirie dans l&rsquo;hypercentre (zone rouge) argumente la M\u00e9tropole.<\/p>\n<p>\u00ab\u00a0Il y a une forte aspiration des Rennais et des Rennaises \u00e0 pouvoir retrouver des espaces au bord de l&rsquo;eau, des espaces de nature qui donnent \u00e0 la fois du plaisir \u00e0 se promener, mais qui permettent aussi de se prot\u00e9ger, de lutter contre les \u00eelots de chaleur urbains, contre le r\u00e9chauffement climatique. C&rsquo;est vraiment une adaptation de la ville aux enjeux du XXI\u1d49 si\u00e8cle\u00a0\u00bb, avait expliqu\u00e9 Nathalie App\u00e9r\u00e9, la maire de Rennes et pr\u00e9sidente de Rennes M\u00e9tropole \u00e0 ICI Armorique, avant le d\u00e9but du chantier.\u00a0Le chantier qui coutera au final 29 millions d&rsquo;euros devrait \u00eatre achev\u00e9 \u00e0 l&rsquo;\u00e9t\u00e9 2028.<\/p>\n","protected":false},"excerpt":{"rendered":"Le parking Vilaine ferme ses portes ce dimanche soir, pour entamer \u00e0 partir de lundi le m\u00e9ga-chantier, qui&hellip;\n","protected":false},"author":2,"featured_media":356196,"comment_status":"","ping_status":"","sticky":false,"template":"","format":"standard","meta":{"footnotes":""},"categories":[2821],"tags":[1111,11,829,1777,674,1011,27,12,584,25],"class_list":{"0":"post-356195","1":"post","2":"type-post","3":"status-publish","4":"format-standard","5":"has-post-thumbnail","7":"category-rennes","8":"tag-actu","9":"tag-actualites","10":"tag-bretagne","11":"tag-eu","12":"tag-europe","13":"tag-fr","14":"tag-france","15":"tag-news","16":"tag-rennes","17":"tag-republique-francaise"},"share_on_mastodon":{"url":"https:\/\/pubeurope.com\/@fr\/115122698045545102","error":""},"_links":{"self":[{"href":"https:\/\/www.europesays.com\/fr\/wp-json\/wp\/v2\/posts\/356195","targetHints":{"allow":["GET"]}}],"collection":[{"href":"https:\/\/www.europesays.com\/fr\/wp-json\/wp\/v2\/posts"}],"about":[{"href":"https:\/\/www.europesays.com\/fr\/wp-json\/wp\/v2\/types\/post"}],"author":[{"embeddable":true,"href":"https:\/\/www.europesays.com\/fr\/wp-json\/wp\/v2\/users\/2"}],"replies":[{"embeddable":true,"href":"https:\/\/www.europesays.com\/fr\/wp-json\/wp\/v2\/comments?post=356195"}],"version-history":[{"count":0,"href":"https:\/\/www.europesays.com\/fr\/wp-json\/wp\/v2\/posts\/356195\/revisions"}],"wp:featuredmedia":[{"embeddable":true,"href":"https:\/\/www.europesays.com\/fr\/wp-json\/wp\/v2\/media\/356196"}],"wp:attachment":[{"href":"https:\/\/www.europesays.com\/fr\/wp-json\/wp\/v2\/media?parent=356195"}],"wp:term":[{"taxonomy":"category","embeddable":true,"href":"https:\/\/www.europesays.com\/fr\/wp-json\/wp\/v2\/categories?post=356195"},{"taxonomy":"post_tag","embeddable":true,"href":"https:\/\/www.europesays.com\/fr\/wp-json\/wp\/v2\/tags?post=356195"}],"curies":[{"name":"wp","href":"https:\/\/api.w.org\/{rel}","templated":true}]}}