{"id":356205,"date":"2025-08-31T09:39:48","date_gmt":"2025-08-31T09:39:48","guid":{"rendered":"https:\/\/www.europesays.com\/fr\/356205\/"},"modified":"2025-08-31T09:39:48","modified_gmt":"2025-08-31T09:39:48","slug":"faute-de-pluies-les-restrictions-sont-renforcees-sur-le-bassin-versant-de-la-sevre-nantaise","status":"publish","type":"post","link":"https:\/\/www.europesays.com\/fr\/356205\/","title":{"rendered":"Faute de pluies, les restrictions sont renforc\u00e9es sur le bassin-versant de la S\u00e8vre nantaise"},"content":{"rendered":"<p><a href=\"https:\/\/rennes.maville.com\/actu\/actudet_-usages-de-l-eau-la-situation-ne-s-ameliore-guere-_8-6920320_actu.Htm\" target=\"_self\" rel=\"nofollow noopener\">Le seuil d\u2019alerte<\/a> a \u00e9t\u00e9 relev\u00e9 pour le bassin-versant de la S\u00e8vre nantaise. Les faibles pluies des derniers jours n\u2019ont pas am\u00e9lior\u00e9 le d\u00e9bit du cours d\u2019eau. La pr\u00e9fecture de la Loire-Atlantique a pris, vendredi 29\u00a0ao\u00fbt 2025, de nouvelles mesures de restriction des usages de l\u2019eau.<\/p>\n<p>\u00a0Les restrictions s\u2019appliquent ainsi aux eaux superficielles, \u00e0 leurs nappes d\u2019accompagnement (incluant les forages, les puits et retenues d\u2019eau connect\u00e9s au cours d\u2019eau ou \u00e0 sa nappe d\u2019accompagnement), ainsi qu\u2019\u00e0 la ressource en eau potable\u00a0, pr\u00e9cisent les services de l\u2019\u00c9tat. <a href=\"https:\/\/rennes.maville.com\/actu\/actudet_-eau.-de-nouvelles-restrictions-mises-en-place-par-la-prefecture-de-loire-atlantique-_8-6930410_actu.Htm\" target=\"_self\" rel=\"nofollow noopener\">En Loire-Atlantique, l\u2019eau potable reste <\/a> <a href=\"https:\/\/rennes.maville.com\/actu\/actudet_-eau.-de-nouvelles-restrictions-mises-en-place-par-la-prefecture-de-loire-atlantique-_8-6930410_actu.Htm\" target=\"_self\" rel=\"nofollow noopener\">\u00ab\u00a0en alerte\u00a0\u00bb<\/a>.<\/p>\n<p>\u00ab\u00a0Limiter la pression\u00a0\u00bb<\/p>\n<p>Cet arr\u00eat\u00e9 vise \u00e0 \u00a0limiter la pression de pr\u00e9l\u00e8vement dans les secteurs en tension, tout en pr\u00e9servant la possibilit\u00e9 de pr\u00e9l\u00e8vement pour les usages prioritaires\u00a0. La situation hydrologique inqui\u00e8te la pr\u00e9fecture de la Loire-Atlantique qui \u00a0invite chacun \u00e0 \u00e9viter tout gaspillage et \u00e0 ma\u00eetriser sa consommation d\u2019eau\u00a0.<\/p>\n<p>La carte des restrictions<\/p>\n<p>\t<img decoding=\"async\" src=\"https:\/\/www.europesays.com\/fr\/wp-content\/uploads\/2025\/08\/P35430569D6951859G_px_640_.jpg\" alt=\"photo les restrictions sur les eaux superficielles pour le bassin-versant de la s\u00e8vre nantaise ont \u00e9t\u00e9 renforc\u00e9es.  \u00a9  pr\u00e9fecture de loire-atlantique\" width=\"640\" title=\" Les restrictions sur les eaux superficielles pour le bassin-versant de la S\u00e8vre Nantaise ont \u00e9t\u00e9 renforc\u00e9es.   Pr\u00e9fecture de Loire-Atlantique \"\/><\/p>\n<p class=\"elmt-legende\"> Les restrictions sur les eaux superficielles pour le bassin-versant de la S\u00e8vre Nantaise ont \u00e9t\u00e9 renforc\u00e9es.   Pr\u00e9fecture de Loire-Atlantique <\/p>\n<p>\u00a0<\/p>\n","protected":false},"excerpt":{"rendered":"Le seuil d\u2019alerte a \u00e9t\u00e9 relev\u00e9 pour le bassin-versant de la S\u00e8vre nantaise. Les faibles pluies des derniers&hellip;\n","protected":false},"author":2,"featured_media":356206,"comment_status":"","ping_status":"","sticky":false,"template":"","format":"standard","meta":{"footnotes":""},"categories":[2818],"tags":[1111,11,49220,1777,674,28962,1011,27,7127,766,12,2636,19340,49219,25,16524,3272,18024],"class_list":{"0":"post-356205","1":"post","2":"type-post","3":"status-publish","4":"format-standard","5":"has-post-thumbnail","7":"category-nantes","8":"tag-actu","9":"tag-actualites","10":"tag-bassin-versant","11":"tag-eu","12":"tag-europe","13":"tag-faute","14":"tag-fr","15":"tag-france","16":"tag-nantaise","17":"tag-nantes","18":"tag-news","19":"tag-pays-de-la-loire","20":"tag-pluies","21":"tag-renforcees","22":"tag-republique-francaise","23":"tag-restrictions","24":"tag-saint-nazaire","25":"tag-sevre"},"share_on_mastodon":{"url":"https:\/\/pubeurope.com\/@fr\/115122721766080473","error":""},"_links":{"self":[{"href":"https:\/\/www.europesays.com\/fr\/wp-json\/wp\/v2\/posts\/356205","targetHints":{"allow":["GET"]}}],"collection":[{"href":"https:\/\/www.europesays.com\/fr\/wp-json\/wp\/v2\/posts"}],"about":[{"href":"https:\/\/www.europesays.com\/fr\/wp-json\/wp\/v2\/types\/post"}],"author":[{"embeddable":true,"href":"https:\/\/www.europesays.com\/fr\/wp-json\/wp\/v2\/users\/2"}],"replies":[{"embeddable":true,"href":"https:\/\/www.europesays.com\/fr\/wp-json\/wp\/v2\/comments?post=356205"}],"version-history":[{"count":0,"href":"https:\/\/www.europesays.com\/fr\/wp-json\/wp\/v2\/posts\/356205\/revisions"}],"wp:featuredmedia":[{"embeddable":true,"href":"https:\/\/www.europesays.com\/fr\/wp-json\/wp\/v2\/media\/356206"}],"wp:attachment":[{"href":"https:\/\/www.europesays.com\/fr\/wp-json\/wp\/v2\/media?parent=356205"}],"wp:term":[{"taxonomy":"category","embeddable":true,"href":"https:\/\/www.europesays.com\/fr\/wp-json\/wp\/v2\/categories?post=356205"},{"taxonomy":"post_tag","embeddable":true,"href":"https:\/\/www.europesays.com\/fr\/wp-json\/wp\/v2\/tags?post=356205"}],"curies":[{"name":"wp","href":"https:\/\/api.w.org\/{rel}","templated":true}]}}