{"id":356208,"date":"2025-08-31T09:51:10","date_gmt":"2025-08-31T09:51:10","guid":{"rendered":"https:\/\/www.europesays.com\/fr\/356208\/"},"modified":"2025-08-31T09:51:10","modified_gmt":"2025-08-31T09:51:10","slug":"une-femme-est-morte-apres-avoir-chute-dun-immeuble-situe-rive-droite-a-bordeaux","status":"publish","type":"post","link":"https:\/\/www.europesays.com\/fr\/356208\/","title":{"rendered":"Une femme est morte apr\u00e8s avoir chut\u00e9 d&rsquo;un immeuble situ\u00e9 rive droite \u00e0 Bordeaux"},"content":{"rendered":"<p>            Par<br \/>\n        <strong><br \/>\n            <a href=\"https:\/\/actu.fr\/auteur\/redaction-bordeaux\" title=\"Consulter tous les articles de R\u00e9daction Bordeaux\" rel=\"nofollow noopener\" target=\"_blank\">R\u00e9daction Bordeaux<\/a><br \/>\n        <\/strong><\/p>\n<p>        Publi\u00e9 le<\/p>\n<p>            31 ao\u00fbt 2025 \u00e0 11h28        <\/p>\n<p>Samedi 30 ao\u00fbt 2025, une femme de 56 ans est d\u00e9c\u00e9d\u00e9e apr\u00e8s avoir <strong>chut\u00e9 d\u2019un immeuble<\/strong> \u00e0 <a href=\"https:\/\/actu.fr\/bordeaux\/\" rel=\"nofollow noopener\" target=\"_blank\">Bordeaux.<\/a><\/p>\n<p class=\" wall-content\">Les pompiers de la Gironde sont intervenus vers 11 heures du matin au niveau du 105 rue Henri Dunant, sur la rive droite de la ville. Ils n\u2019ont rien pu faire, la victime est <strong>d\u00e9c\u00e9d\u00e9e sur les lieux.<\/strong><\/p>\n<p>Une chute du neuvi\u00e8me \u00e9tage<\/p>\n<p class=\" wall-content\">La Bordelaise vivait dans une r\u00e9sidence pour seniors autonomes. Elle a chut\u00e9 de son appartement, situ\u00e9 au <strong>neuvi\u00e8me \u00e9tage.\u00a0<\/strong><\/p>\n<p class=\" wall-content\">La police et le SMUR \u00e9taient \u00e9galement sur place. Une enqu\u00eate est ouverte pour <strong>d\u00e9terminer les circonstances<\/strong> de la chute de la quinquag\u00e9naire \u2013 et notamment si elle \u00e9tait seule dans l\u2019appartement.\u00a0<\/p>\n<p class=\" wall-content\">Personnalisez votre actualit\u00e9 en ajoutant vos villes et m\u00e9dias en favori avec <a href=\"https:\/\/moncompte.actu.fr\" title=\"D\u00e9couvez Mon Actu\" rel=\"nofollow noopener\" data-trk=\"{&quot;cta&quot;:{&quot;action&quot;:&quot;https:\\\/\\\/moncompte.actu.fr&quot;,&quot;category&quot;:&quot;mon compte&quot;,&quot;from&quot;:&quot;article footer&quot;,&quot;name&quot;:&quot;Mon actu&quot;,&quot;type&quot;:&quot;cta&quot;}}\" target=\"_blank\">Mon Actu<\/a>.<\/p>\n","protected":false},"excerpt":{"rendered":"Par R\u00e9daction Bordeaux Publi\u00e9 le 31 ao\u00fbt 2025 \u00e0 11h28 Samedi 30 ao\u00fbt 2025, une femme de 56&hellip;\n","protected":false},"author":2,"featured_media":356209,"comment_status":"","ping_status":"","sticky":false,"template":"","format":"standard","meta":{"footnotes":""},"categories":[2817],"tags":[1111,11,1997,1777,674,118,1011,27,12,2219,1311,25],"class_list":{"0":"post-356208","1":"post","2":"type-post","3":"status-publish","4":"format-standard","5":"has-post-thumbnail","7":"category-bordeaux","8":"tag-actu","9":"tag-actualites","10":"tag-bordeaux","11":"tag-eu","12":"tag-europe","13":"tag-faits-divers","14":"tag-fr","15":"tag-france","16":"tag-news","17":"tag-nouvelle-aquitaine","18":"tag-pompiers","19":"tag-republique-francaise"},"share_on_mastodon":{"url":"https:\/\/pubeurope.com\/@fr\/115122764759784922","error":""},"_links":{"self":[{"href":"https:\/\/www.europesays.com\/fr\/wp-json\/wp\/v2\/posts\/356208","targetHints":{"allow":["GET"]}}],"collection":[{"href":"https:\/\/www.europesays.com\/fr\/wp-json\/wp\/v2\/posts"}],"about":[{"href":"https:\/\/www.europesays.com\/fr\/wp-json\/wp\/v2\/types\/post"}],"author":[{"embeddable":true,"href":"https:\/\/www.europesays.com\/fr\/wp-json\/wp\/v2\/users\/2"}],"replies":[{"embeddable":true,"href":"https:\/\/www.europesays.com\/fr\/wp-json\/wp\/v2\/comments?post=356208"}],"version-history":[{"count":0,"href":"https:\/\/www.europesays.com\/fr\/wp-json\/wp\/v2\/posts\/356208\/revisions"}],"wp:featuredmedia":[{"embeddable":true,"href":"https:\/\/www.europesays.com\/fr\/wp-json\/wp\/v2\/media\/356209"}],"wp:attachment":[{"href":"https:\/\/www.europesays.com\/fr\/wp-json\/wp\/v2\/media?parent=356208"}],"wp:term":[{"taxonomy":"category","embeddable":true,"href":"https:\/\/www.europesays.com\/fr\/wp-json\/wp\/v2\/categories?post=356208"},{"taxonomy":"post_tag","embeddable":true,"href":"https:\/\/www.europesays.com\/fr\/wp-json\/wp\/v2\/tags?post=356208"}],"curies":[{"name":"wp","href":"https:\/\/api.w.org\/{rel}","templated":true}]}}