{"id":356210,"date":"2025-08-31T09:52:11","date_gmt":"2025-08-31T09:52:11","guid":{"rendered":"https:\/\/www.europesays.com\/fr\/356210\/"},"modified":"2025-08-31T09:52:11","modified_gmt":"2025-08-31T09:52:11","slug":"une-vingtaine-de-coups-de-feu-retentissent-en-pleine-nuit-a-toulouse-un-homme-alcoolise-samusait-a-tirer-sur-les-arbres-avec-son-fusil","status":"publish","type":"post","link":"https:\/\/www.europesays.com\/fr\/356210\/","title":{"rendered":"Une vingtaine de coups de feu retentissent en pleine nuit \u00e0 Toulouse\u00a0: un homme alcoolis\u00e9 s\u2019amusait \u00e0 tirer sur les arbres avec son fusil"},"content":{"rendered":"<p>\n                                                                    l&rsquo;essentiel<br \/>\n                                                                En pleine nuit, un homme arm\u00e9 d\u2019un fusil \u00e0 pompe a tir\u00e9 une quinzaine de coups de feu dans son jardin, semant la panique rue Ephra\u00efm Mikhael, dans le quartier des Pradettes \u00e0 Toulouse. Interpell\u00e9 sans r\u00e9sistance, il pr\u00e9sentait un taux d\u2019alcool\u00e9mie \u00e9lev\u00e9. Une enqu\u00eate est en cours pour d\u00e9terminer les circonstances exactes des faits.\n                            <\/p>\n<p>Peu apr\u00e8s 1 heure du matin, ce dimanche 31\u00a0ao\u00fbt, plusieurs t\u00e9moins ont alert\u00e9 la police apr\u00e8s avoir entendu des tirs rue Ephra\u00efm Mikhael, dans le quartier des Pradettes \u00e0 Toulouse. \u00ab\u00a0J\u2019ai cru entendre une vingtaine de d\u00e9tonations. \u00c9videmment, nous avons tous pens\u00e9 \u00e0 une fusillade\u00a0\u00bb, t\u00e9moigne un retrait\u00e9 ayant contact\u00e9 La D\u00e9p\u00eache du Midi pour tenter de comprendre ce qu\u2019il avait v\u00e9cu.<\/p>\n<p>Tr\u00e8s vite, les forces de l\u2019ordre se sont rendues sur place. Ce secteur, r\u00e9guli\u00e8rement cit\u00e9 pour des activit\u00e9s de trafic, avait initialement fait craindre un r\u00e8glement de comptes. Mais les premi\u00e8res constatations ont rapidement orient\u00e9 les policiers vers une tout autre hypoth\u00e8se.<\/p>\n<p class=\"std-elt__inline\">\n        <strong>\u00c0 lire aussi :<\/strong><br \/>\n        <a href=\"https:\/\/www.ladepeche.fr\/2025\/06\/26\/nouvelle-fusillade-quartier-empalot-deux-suspects-interpelles-et-places-en-garde-a-vue-a-toulouse-12787690.php\" rel=\"nofollow noopener\" target=\"_blank\">Nouvelle fusillade quartier Empalot\u00a0: deux suspects interpell\u00e9s et plac\u00e9s en garde \u00e0 vue \u00e0 Toulouse<\/a>\n    <\/p>\n<p>Sur place, les fonctionnaires ont retrouv\u00e9 environ quinze douilles percut\u00e9es dans le jardin d\u2019une habitation. L\u2019occupant, aper\u00e7u \u00e0 la fen\u00eatre, a \u00e9t\u00e9 mis en joue puis somm\u00e9 de se rendre, ce qu\u2019il a fait sans opposer de r\u00e9sistance.<\/p>\n<p>Plus de 2\u00a0g d\u2019alcool dans le sang<\/p>\n<p>L\u2019homme, qui semblait en \u00e9tat de confusion, a \u00e9t\u00e9 interpell\u00e9 par la brigade anticriminalit\u00e9. Les policiers ont rapidement suspect\u00e9 une forte consommation d\u2019alcool, ce que le test d\u2019alcool\u00e9mie a confirm\u00e9\u00a0: plus de deux grammes par litre de sang.<\/p>\n<p>Lors de son interpellation, le suspect a expliqu\u00e9, de mani\u00e8re encore inv\u00e9rifiable, qu\u2019il s\u2019amusait \u00e0 tirer sur les arbres. Aucun bless\u00e9 n\u2019\u00e9tait \u00e0 d\u00e9plorer, selon les premi\u00e8res observations des autorit\u00e9s.<\/p>\n<p class=\"std-elt__inline\">\n        <strong>\u00c0 lire aussi :<\/strong><br \/>\n        <a href=\"https:\/\/www.ladepeche.fr\/2025\/06\/17\/un-jeune-homme-de-19-ans-blesse-par-balles-cette-nuit-lors-dune-fusillade-a-toulouse-12766998.php\" rel=\"nofollow noopener\" target=\"_blank\">Un jeune homme de 19 ans bless\u00e9 par balles, cette nuit, lors d\u2019une fusillade \u00e0 Toulouse<\/a>\n    <\/p>\n<p>Le fusil\u00a0a \u00e9t\u00e9 saisi et sera examin\u00e9 par la police scientifique pour d\u00e9terminer son \u00e9ventuelle implication dans d\u2019autres affaires. En attendant, l\u2019homme a \u00e9t\u00e9 plac\u00e9 en cellule de d\u00e9grisement avant son audition.<\/p>\n<p>Une perquisition est en cours \u00e0 son domicile ce dimanche matin. De son c\u00f4t\u00e9, le parquet de Toulouse a ouvert une enqu\u00eate afin de faire toute la lumi\u00e8re sur cette affaire<\/p>\n","protected":false},"excerpt":{"rendered":"l&rsquo;essentiel En pleine nuit, un homme arm\u00e9 d\u2019un fusil \u00e0 pompe a tir\u00e9 une quinzaine de coups de&hellip;\n","protected":false},"author":2,"featured_media":356211,"comment_status":"","ping_status":"","sticky":false,"template":"","format":"standard","meta":{"footnotes":""},"categories":[2816],"tags":[1111,11,1777,674,1011,27,12,2680,25,2312],"class_list":{"0":"post-356210","1":"post","2":"type-post","3":"status-publish","4":"format-standard","5":"has-post-thumbnail","7":"category-toulouse","8":"tag-actu","9":"tag-actualites","10":"tag-eu","11":"tag-europe","12":"tag-fr","13":"tag-france","14":"tag-news","15":"tag-occitanie","16":"tag-republique-francaise","17":"tag-toulouse"},"share_on_mastodon":{"url":"https:\/\/pubeurope.com\/@fr\/115122768647638739","error":""},"_links":{"self":[{"href":"https:\/\/www.europesays.com\/fr\/wp-json\/wp\/v2\/posts\/356210","targetHints":{"allow":["GET"]}}],"collection":[{"href":"https:\/\/www.europesays.com\/fr\/wp-json\/wp\/v2\/posts"}],"about":[{"href":"https:\/\/www.europesays.com\/fr\/wp-json\/wp\/v2\/types\/post"}],"author":[{"embeddable":true,"href":"https:\/\/www.europesays.com\/fr\/wp-json\/wp\/v2\/users\/2"}],"replies":[{"embeddable":true,"href":"https:\/\/www.europesays.com\/fr\/wp-json\/wp\/v2\/comments?post=356210"}],"version-history":[{"count":0,"href":"https:\/\/www.europesays.com\/fr\/wp-json\/wp\/v2\/posts\/356210\/revisions"}],"wp:featuredmedia":[{"embeddable":true,"href":"https:\/\/www.europesays.com\/fr\/wp-json\/wp\/v2\/media\/356211"}],"wp:attachment":[{"href":"https:\/\/www.europesays.com\/fr\/wp-json\/wp\/v2\/media?parent=356210"}],"wp:term":[{"taxonomy":"category","embeddable":true,"href":"https:\/\/www.europesays.com\/fr\/wp-json\/wp\/v2\/categories?post=356210"},{"taxonomy":"post_tag","embeddable":true,"href":"https:\/\/www.europesays.com\/fr\/wp-json\/wp\/v2\/tags?post=356210"}],"curies":[{"name":"wp","href":"https:\/\/api.w.org\/{rel}","templated":true}]}}