{"id":356212,"date":"2025-08-31T09:53:10","date_gmt":"2025-08-31T09:53:10","guid":{"rendered":"https:\/\/www.europesays.com\/fr\/356212\/"},"modified":"2025-08-31T09:53:10","modified_gmt":"2025-08-31T09:53:10","slug":"toulouse-ivre-et-arme-un-individu-tire-de-nombreux-coups-de-feu-depuis-la-terrasse-de-son-appartement","status":"publish","type":"post","link":"https:\/\/www.europesays.com\/fr\/356212\/","title":{"rendered":"Toulouse. Ivre et arm\u00e9, un individu tire de nombreux coups de feu depuis la terrasse de son appartement"},"content":{"rendered":"<p>            Par<br \/>\n        <strong><br \/>\n            <a href=\"https:\/\/actu.fr\/auteur\/gabriel-kenedi\" title=\"Consulter tous les articles de Gabriel Kenedi\" rel=\"nofollow noopener\" target=\"_blank\">Gabriel Kenedi<\/a><br \/>\n        <\/strong><\/p>\n<p>        Publi\u00e9 le<\/p>\n<p>            31 ao\u00fbt 2025 \u00e0 11h47        <\/p>\n<p>\u00ab\u00a0On a \u00e9t\u00e9 alert\u00e9s sur le coup de <strong>1 heure du matin<\/strong> par des riverains qui voyaient un homme tirer des coups de feu depuis sa terrasse. De multiples coups de feu\u00a0\u00bb. Dans la nuit du samedi 30 au dimanche 31 ao\u00fbt 2025, un individu <strong>arm\u00e9 et alcoolis\u00e9e<\/strong> a sem\u00e9 la panique dans le quartier des Pradettes \u00e0 Toulouse, a appris Actu.fr.\u00a0<\/p>\n<p>La BAC intervient et d\u00e9sarme l\u2019individu<\/p>\n<p class=\" wall-content\">Un \u00e9quipage de la BAC Rive Gauche intervient aussit\u00f4t dans la r\u00e9sidence o\u00f9 habite le suspect, puis p\u00e9n\u00e8tre dans l\u2019appartement d\u2019o\u00f9 avaient \u00e9t\u00e9 tir\u00e9s les coups de feu, situ\u00e9 en rez-de-jardin.\u00a0<\/p>\n<p class=\" wall-content\">\u00ab\u00a0Ils d\u00e9couvrent alors <strong>de nombreuses douilles<\/strong> sur le sol de la terrasse et un individu \u00e0 l\u2019int\u00e9rieur de l\u2019appartement, d\u00e9sarm\u00e9. Les policiers l\u2019ont mis en joue et lui ont intim\u00e9 l\u2019ordre de sortir sans faire de geste brusque, et l\u2019ont <strong>interpell\u00e9 sur sa terrasse<\/strong>, sans incident\u00a0\u00bb, pr\u00e9cise une source polici\u00e8re \u00e0 Actu Toulouse.\u00a0\u00a0<\/p>\n<p>Pas de victime et des premi\u00e8res d\u00e9clarations \u00e9tonnantes<\/p>\n<p class=\" wall-content\">Fort heureusement, il n\u2019y a <strong>pas eu de victime<\/strong>, aucun bless\u00e9 \u00e0 d\u00e9plorer. Pourquoi cet individu, qui \u00e9tait <strong>\u00ab\u00a0tr\u00e8s alcoolis\u00e9\u00a0\u00bb,<\/strong> selon les premiers \u00e9l\u00e9ments de l\u2019enqu\u00eate, a-t-il voulu tirer \u00e0 tout va en pleine nuit depuis la terrasse de son appartement ? \u00ab\u00a0Selon ses premi\u00e8res d\u00e9clarations, il a indiqu\u00e9 qu\u2019il voulait simplement\u00a0<strong>tirer en l\u2019air sur des arbres<\/strong>\u00ab\u00a0, pr\u00e9cise une source proche de l\u2019enqu\u00eate.<\/p>\n<p>17 douilles retrouv\u00e9es<\/p>\n<p class=\" wall-content\">Et le moins qu\u2019on puisse dire, c\u2019est qu\u2019il n\u2019a pas fait les choses \u00e0 moiti\u00e9 : au total, 17 douilles ont \u00e9t\u00e9 retrouv\u00e9s par les policiers de la BAC, qui a plac\u00e9 l\u2019homme en garde \u00e0 vue.\u00a0 Pr\u00e9cisons que cet individu \u00e9tait jusqu\u2019ici <strong>\u00ab\u00a0inconnu des services de police\u00a0\u00bb<\/strong> et qu\u2019une perquisition devait \u00eatre pratiqu\u00e9e ce dimanche, afin de savoir pr\u00e9cis\u00e9ment l\u2019arme qu\u2019il avait utilis\u00e9e.\u00a0<\/p>\n<p class=\" wall-content\">Personnalisez votre actualit\u00e9 en ajoutant vos villes et m\u00e9dias en favori avec <a href=\"https:\/\/moncompte.actu.fr\" title=\"D\u00e9couvez Mon Actu\" rel=\"nofollow noopener\" data-trk=\"{&quot;cta&quot;:{&quot;action&quot;:&quot;https:\\\/\\\/moncompte.actu.fr&quot;,&quot;category&quot;:&quot;mon compte&quot;,&quot;from&quot;:&quot;article footer&quot;,&quot;name&quot;:&quot;Mon actu&quot;,&quot;type&quot;:&quot;cta&quot;}}\" target=\"_blank\">Mon Actu<\/a>.<\/p>\n","protected":false},"excerpt":{"rendered":"Par Gabriel Kenedi Publi\u00e9 le 31 ao\u00fbt 2025 \u00e0 11h47 \u00ab\u00a0On a \u00e9t\u00e9 alert\u00e9s sur le coup de&hellip;\n","protected":false},"author":2,"featured_media":356213,"comment_status":"","ping_status":"","sticky":false,"template":"","format":"standard","meta":{"footnotes":""},"categories":[2816],"tags":[1111,11,1777,674,118,1011,27,12,2680,1072,25,2312],"class_list":{"0":"post-356212","1":"post","2":"type-post","3":"status-publish","4":"format-standard","5":"has-post-thumbnail","7":"category-toulouse","8":"tag-actu","9":"tag-actualites","10":"tag-eu","11":"tag-europe","12":"tag-faits-divers","13":"tag-fr","14":"tag-france","15":"tag-news","16":"tag-occitanie","17":"tag-police","18":"tag-republique-francaise","19":"tag-toulouse"},"share_on_mastodon":{"url":"https:\/\/pubeurope.com\/@fr\/115122772627331562","error":""},"_links":{"self":[{"href":"https:\/\/www.europesays.com\/fr\/wp-json\/wp\/v2\/posts\/356212","targetHints":{"allow":["GET"]}}],"collection":[{"href":"https:\/\/www.europesays.com\/fr\/wp-json\/wp\/v2\/posts"}],"about":[{"href":"https:\/\/www.europesays.com\/fr\/wp-json\/wp\/v2\/types\/post"}],"author":[{"embeddable":true,"href":"https:\/\/www.europesays.com\/fr\/wp-json\/wp\/v2\/users\/2"}],"replies":[{"embeddable":true,"href":"https:\/\/www.europesays.com\/fr\/wp-json\/wp\/v2\/comments?post=356212"}],"version-history":[{"count":0,"href":"https:\/\/www.europesays.com\/fr\/wp-json\/wp\/v2\/posts\/356212\/revisions"}],"wp:featuredmedia":[{"embeddable":true,"href":"https:\/\/www.europesays.com\/fr\/wp-json\/wp\/v2\/media\/356213"}],"wp:attachment":[{"href":"https:\/\/www.europesays.com\/fr\/wp-json\/wp\/v2\/media?parent=356212"}],"wp:term":[{"taxonomy":"category","embeddable":true,"href":"https:\/\/www.europesays.com\/fr\/wp-json\/wp\/v2\/categories?post=356212"},{"taxonomy":"post_tag","embeddable":true,"href":"https:\/\/www.europesays.com\/fr\/wp-json\/wp\/v2\/tags?post=356212"}],"curies":[{"name":"wp","href":"https:\/\/api.w.org\/{rel}","templated":true}]}}