{"id":356214,"date":"2025-08-31T09:54:13","date_gmt":"2025-08-31T09:54:13","guid":{"rendered":"https:\/\/www.europesays.com\/fr\/356214\/"},"modified":"2025-08-31T09:54:13","modified_gmt":"2025-08-31T09:54:13","slug":"lille-un-nouveau-bus-a-langlaise-pour-decouvrir-la-ville-des-septembre-2025","status":"publish","type":"post","link":"https:\/\/www.europesays.com\/fr\/356214\/","title":{"rendered":"Lille. Un nouveau bus \u00ab \u00e0 l\u2019anglaise \u00bb pour d\u00e9couvrir la ville d\u00e8s septembre 2025"},"content":{"rendered":"<p>            Par<br \/>\n        <strong><br \/>\n            <a href=\"https:\/\/actu.fr\/auteur\/annesophie-2\" title=\"Consulter tous les articles de Anne-Sophie Hourdeaux\" rel=\"nofollow noopener\" target=\"_blank\">Anne-Sophie Hourdeaux<\/a><br \/>\n        <\/strong><\/p>\n<p>        Publi\u00e9 le<\/p>\n<p>            31 ao\u00fbt 2025 \u00e0 11h06        <\/p>\n<p>Vous le verrez bient\u00f4t dans les rues de Lille, et m\u00eame ailleurs\u2009: <b>un bus \u00e9lectrique \u00e0 2 \u00e9tages, presque comme ceux qu\u2019on voit en Angleterre<\/b>\u2009! C\u2019est une premi\u00e8re en Europe qu\u2019un office de tourisme se dote d\u2019un tel v\u00e9hicule, et ce sera pour le plus grand plaisir des touristes. <b>Il vient d\u2019Espagne et sera op\u00e9rationnel \u00e0 Lille courant septembre\u00a02025.<\/b><\/p>\n<p>\u00c0 2 \u00e9tages et \u00e9lectrique<\/p>\n<p class=\" wall-content\">L\u2019Office de tourisme de la M\u00e9tropole europ\u00e9enne de Lille vient de se cr\u00e9er, et il se dote d\u00e9j\u00e0 d\u2019un nouvel outil de plusieurs centaines de kilos\u2009: un bus\u2009! Dans le cadre du \u00ab\u2009City Tour\u2009\u00bb, le v\u00e9hicule rejoindra donc les 2 autres bus touristiques de Lille, avec plusieurs sp\u00e9cificit\u00e9s par rapport \u00e0 ses deux \u00ab\u2009petits fr\u00e8res\u2009\u00bb lillois\u2009: il est \u00e0 2 \u00e9tages et enti\u00e8rement \u00e9lectrique. Il est ce qu\u2019on appelle un bus \u00e0 imp\u00e9riale\u2009! Le 2e \u00e9tage peut \u00eatre ouvert aux beaux jours. Une belle exp\u00e9rience\u2009!<\/p>\n<p>    <img   decoding=\"async\" loading=\"lazy\" class=\"size-large\" src=\"https:\/\/www.europesays.com\/fr\/wp-content\/uploads\/2025\/08\/39362f5900b862d362f5900b801462v-960x640.jpg\" alt=\"bus tourisme city tour\" width=\"960\" height=\"640\"\/><br \/>\n    Le 2e \u00e9tage du bus sera ouvert aux beaux jours\u2009! \u00a9Office de tourisme MEL<\/p>\n<p class=\" wall-content\">L\u2019offre de d\u00e9couverte touristique sera ainsi \u00e9tendue, \u00ab\u2009avec toujours un circuit dans le Vieux-Lille, mais un nouveau trajet\u2009\u00bb assure Romain Roguet, directeur de l\u2019Office de tourisme de la MEL.<\/p>\n<p>On ne le verra pas qu\u2019\u00e0 Lille\u2009!<\/p>\n<p class=\" wall-content\">Et grande nouvelle, ce bus ne sera pas que lillois. \u00ab\u2009Il pourra servir sur d\u2019autres territoires de la MEL, ponctuellement, par exemple pour des festivit\u00e9s sp\u00e9cifiques, ou des th\u00e9matiques\u2009\u00bb, signale le directeur.<\/p>\n<p class=\" wall-content\">Vous pourrez donc le voir \u00e0 Roubaix, Armenti\u00e8res, ou dans la P\u00e9v\u00e8le. \u00ab\u2009On est en lien avec les 95 maires de la MEL qui pourront nous le demander\u2009\u00bb.<\/p>\n<p class=\" wall-content\">Le bus pourra circuler autour de th\u00e9matiques comme la gastronomie, le tourisme de m\u00e9moire, l\u2019Art d\u00e9co\u2026<\/p>\n<p>Votre r\u00e9gion, votre actu !<\/p>\n<p>Recevez chaque jour les infos qui comptent pour vous.<\/p>\n<p>\t<a href=\"https:\/\/actu.fr\/newsletter\" class=\"ac-btn ac-btn--corner ac-btn--medium ac-btn--blue800\" rel=\"nofollow noopener\" target=\"_blank\">S&rsquo;incrire<\/a><br \/>\n\u00c0 partir de quand\u2009?<\/p>\n<p class=\" wall-content\">L\u2019engin a \u00e9t\u00e9 command\u00e9 en Espagne car il n\u2019a pas \u00e9t\u00e9 possible de trouver un constructeur qui fait ce type de v\u00e9hicule en France.<\/p>\n<p class=\" wall-content\">\u00c0 partir de quand le verra-t-on circuler \u00e0 Lille\u2009? Il est d\u00e9j\u00e0 arriv\u00e9 et attend ses plaques d\u2019immatriculation. Ce sera donc courant septembre, et peut-\u00eatre m\u00eame tr\u00e8s vite\u2009!<\/p>\n<p>City tour\u2009: 14\u00a0\u20ac. Infos\u2009: 03\u200959\u200957\u200994\u200900 ou sur <a href=\"https:\/\/reservation.lilletourism.com\" rel=\"nofollow noopener\" target=\"_blank\">reservation.lilletourism.com<\/a><\/p>\n<p class=\" wall-content\">Personnalisez votre actualit\u00e9 en ajoutant vos villes et m\u00e9dias en favori avec <a href=\"https:\/\/moncompte.actu.fr\" title=\"D\u00e9couvez Mon Actu\" rel=\"nofollow noopener\" data-trk=\"{&quot;cta&quot;:{&quot;action&quot;:&quot;https:\\\/\\\/moncompte.actu.fr&quot;,&quot;category&quot;:&quot;mon compte&quot;,&quot;from&quot;:&quot;article footer&quot;,&quot;name&quot;:&quot;Mon actu&quot;,&quot;type&quot;:&quot;cta&quot;}}\" target=\"_blank\">Mon Actu<\/a>.<\/p>\n","protected":false},"excerpt":{"rendered":"Par Anne-Sophie Hourdeaux Publi\u00e9 le 31 ao\u00fbt 2025 \u00e0 11h06 Vous le verrez bient\u00f4t dans les rues de&hellip;\n","protected":false},"author":2,"featured_media":356215,"comment_status":"","ping_status":"","sticky":false,"template":"","format":"standard","meta":{"footnotes":""},"categories":[2815],"tags":[1111,11,1777,674,1011,27,811,1307,12,25,104,602,2803],"class_list":{"0":"post-356214","1":"post","2":"type-post","3":"status-publish","4":"format-standard","5":"has-post-thumbnail","7":"category-lille","8":"tag-actu","9":"tag-actualites","10":"tag-eu","11":"tag-europe","12":"tag-fr","13":"tag-france","14":"tag-hauts-de-france","15":"tag-lille","16":"tag-news","17":"tag-republique-francaise","18":"tag-societe","19":"tag-tourisme","20":"tag-transport"},"share_on_mastodon":{"url":"https:\/\/pubeurope.com\/@fr\/115122776900871018","error":""},"_links":{"self":[{"href":"https:\/\/www.europesays.com\/fr\/wp-json\/wp\/v2\/posts\/356214","targetHints":{"allow":["GET"]}}],"collection":[{"href":"https:\/\/www.europesays.com\/fr\/wp-json\/wp\/v2\/posts"}],"about":[{"href":"https:\/\/www.europesays.com\/fr\/wp-json\/wp\/v2\/types\/post"}],"author":[{"embeddable":true,"href":"https:\/\/www.europesays.com\/fr\/wp-json\/wp\/v2\/users\/2"}],"replies":[{"embeddable":true,"href":"https:\/\/www.europesays.com\/fr\/wp-json\/wp\/v2\/comments?post=356214"}],"version-history":[{"count":0,"href":"https:\/\/www.europesays.com\/fr\/wp-json\/wp\/v2\/posts\/356214\/revisions"}],"wp:featuredmedia":[{"embeddable":true,"href":"https:\/\/www.europesays.com\/fr\/wp-json\/wp\/v2\/media\/356215"}],"wp:attachment":[{"href":"https:\/\/www.europesays.com\/fr\/wp-json\/wp\/v2\/media?parent=356214"}],"wp:term":[{"taxonomy":"category","embeddable":true,"href":"https:\/\/www.europesays.com\/fr\/wp-json\/wp\/v2\/categories?post=356214"},{"taxonomy":"post_tag","embeddable":true,"href":"https:\/\/www.europesays.com\/fr\/wp-json\/wp\/v2\/tags?post=356214"}],"curies":[{"name":"wp","href":"https:\/\/api.w.org\/{rel}","templated":true}]}}