{"id":356219,"date":"2025-08-31T09:56:13","date_gmt":"2025-08-31T09:56:13","guid":{"rendered":"https:\/\/www.europesays.com\/fr\/356219\/"},"modified":"2025-08-31T09:56:13","modified_gmt":"2025-08-31T09:56:13","slug":"notre-serie-vols-dobjets-dart-dans-la-region-3-3-une-stele-egyptienne-volee-en-pleine-journee-a-marseille","status":"publish","type":"post","link":"https:\/\/www.europesays.com\/fr\/356219\/","title":{"rendered":"Notre s\u00e9rie &#8211; Vols d\u2019objets d\u2019art dans la r\u00e9gion (3\/3)\u00a0: une st\u00e8le \u00e9gyptienne vol\u00e9e en pleine journ\u00e9e \u00e0 Marseille"},"content":{"rendered":"<p class=\"rev-margin-0 rev-text-xs-normal\">Le mus\u00e9e de la Vieille Charit\u00e9, \u00e0 Marseille, abrite la deuxi\u00e8me collection d\u2019\u00c9gypte antique derri\u00e8re le Louvre \u00e0 Paris.<\/p>\n<p class=\"rev-margin-0 rev-text-xs-bold\">\/ PHOTO LP<\/p>\n<p>La st\u00e8le fun\u00e9raire \u00e9gyptienne, vieille de plusieurs milliers d\u2019ann\u00e9es, peut-\u00eatre d\u2019une grande valeur marchande, semble <a href=\"https:\/\/www.laprovence.com\/article\/societe\/12937358087036\/pour-payer-sa-cocaine-un-employe-du-musee-calvet-davignon-volait-des-oeuvres-d-art-dans-la-reserve\" target=\"_blank\" rel=\"noopener\">avoir \u00e9t\u00e9 d\u00e9rob\u00e9e avec la facilit\u00e9 d\u2019un chapardage de bibelot<\/a> au rayon bazar d\u2019un supermarch\u00e9.<\/p>\n<p>Le larcin s\u2019est pourtant d\u00e9roul\u00e9, d\u00e9but septembre\u00a02017, dans un lieu cens\u00e9 b\u00e9n\u00e9ficier d\u2019une \u00e9troite surveillance\u00a0: le mus\u00e9e d\u2019arch\u00e9ologie m\u00e9diterran\u00e9enne de la Vieille Charit\u00e9, \u00e0 Marseille. Un site qui pr\u00e9sente la deuxi\u00e8me collection d\u2019\u00c9gypte antique la plus pr\u00e9cieuse de France, derri\u00e8re <a href=\"https:\/\/www.laprovence.com\/article\/culture-loisirs\/1334926556668314\/la-joconde-change-de-place-une-nouvelle-entree-les-annonces-de-macron-pour-la-renovation-du-musee-du-louvre\" target=\"_blank\" rel=\"noopener\">le Louvre \u00e0 Paris<\/a>.<\/p>\n<p>Selon les premiers \u00e9l\u00e9ments recueillis par les enqu\u00eateurs, c\u2019est en pleine journ\u00e9e que le malfaiteur s\u2019est empar\u00e9 de la pi\u00e8ce, de taille moyenne, avant de sortir tranquillement du mus\u00e9e qui accueillait, au rez-de-chauss\u00e9e, une exposition consacr\u00e9e \u00e0 l\u2019\u00e9crivain Jack London.<\/p>\n<p>Une seule gardienne<\/p>\n<p>Un forfait facilit\u00e9 par le fait que la salle o\u00f9 la st\u00e8le fun\u00e9raire \u00e9tait expos\u00e9e n\u2019aurait \u00e9t\u00e9 gard\u00e9e que par une seule gardienne. \u00ab\u00a0On peut, oui, penser qu\u2019il y a eu un d\u00e9faut de surveillance\u00a0\u00bb, glissait alors un proche du dossier.<\/p>\n<p><img alt=\"Une importante partie du mus\u00e9e de la Vieille Charit\u00e9 est consacr\u00e9e \u00e0 l\u2019\u00c9gypte antique.\" loading=\"lazy\" decoding=\"async\" data-nimg=\"fill\" class=\" TwicCore_img__i9TC1 undefined  undefined\" style=\"position:absolute;height:100%;width:100%;left:0;top:0;right:0;bottom:0;color:transparent;background-size:cover;background-position:50% 50%;background-repeat:no-repeat;background-image:url(&quot;data:image\/svg+xml;charset=utf-8,%3Csvg xmlns='http:\/\/www.w3.org\/2000\/svg' %3E%3Cfilter id='b' color-interpolation-filters='sRGB'%3E%3CfeGaussianBlur stdDeviation='20'\/%3E%3CfeColorMatrix values='1 0 0 0 0 0 1 0 0 0 0 0 1 0 0 0 0 0 100 -1' result='s'\/%3E%3CfeFlood x='0' y='0' width='100%25' height='100%25'\/%3E%3CfeComposite operator='out' in='s'\/%3E%3CfeComposite in2='SourceGraphic'\/%3E%3CfeGaussianBlur stdDeviation='20'\/%3E%3C\/filter%3E%3Cimage width='100%25' height='100%25' x='0' y='0' preserveAspectRatio='none' style='filter: url(%23b);' href='https:\/\/pictures.laprovence.com\/cdn-cgi\/image\/blur=250\/media\/melody\/2025\/08\/31\/une-importante-partie-du-musee-de-la-vieille-charite-est-consacre-a-l-egypte-antique-1756627062_062b42f2f77860a2b42f2f778ed2b4v_.jpg'\/%3E%3C\/svg%3E&quot;)\"   src=\"https:\/\/www.europesays.com\/fr\/wp-content\/uploads\/2025\/08\/une-importante-partie-du-musee-de-la-vieille-charite-est-consacre-a-l-egypte-antique-1756627062_062b.jpeg\"\/>Une importante partie du mus\u00e9e de la Vieille Charit\u00e9 est consacr\u00e9e \u00e0 l\u2019\u00c9gypte antique. \/ PHOTO Archives LP<\/p>\n<p>\u00ab\u00a0Nous avons \u00e9t\u00e9 saisis quelques jours apr\u00e8s le vol, quand la Ville s\u2019en est aper\u00e7ue et a port\u00e9 plainte\u00a0\u00bb, indiquait de son c\u00f4t\u00e9 la police judiciaire, qui \u00e9tudi&#8230;<\/p>\n","protected":false},"excerpt":{"rendered":"Le mus\u00e9e de la Vieille Charit\u00e9, \u00e0 Marseille, abrite la deuxi\u00e8me collection d\u2019\u00c9gypte antique derri\u00e8re le Louvre \u00e0&hellip;\n","protected":false},"author":2,"featured_media":356220,"comment_status":"","ping_status":"","sticky":false,"template":"","format":"standard","meta":{"footnotes":""},"categories":[2814],"tags":[17,1111,11,251,44113,49221,1446,1777,674,1011,27,884,12,14455,882,16,25,521,2692],"class_list":{"0":"post-356219","1":"post","2":"type-post","3":"status-publish","4":"format-standard","5":"has-post-thumbnail","7":"category-marseille","8":"tag-17","9":"tag-actu","10":"tag-actualites","11":"tag-culture","12":"tag-dart","13":"tag-dobjets","14":"tag-dans","15":"tag-eu","16":"tag-europe","17":"tag-fr","18":"tag-france","19":"tag-marseille","20":"tag-news","21":"tag-notre","22":"tag-provence-alpes-cote-dazur","23":"tag-region","24":"tag-republique-francaise","25":"tag-serie","26":"tag-vols"},"share_on_mastodon":{"url":"https:\/\/pubeurope.com\/@fr\/115122784470836564","error":""},"_links":{"self":[{"href":"https:\/\/www.europesays.com\/fr\/wp-json\/wp\/v2\/posts\/356219","targetHints":{"allow":["GET"]}}],"collection":[{"href":"https:\/\/www.europesays.com\/fr\/wp-json\/wp\/v2\/posts"}],"about":[{"href":"https:\/\/www.europesays.com\/fr\/wp-json\/wp\/v2\/types\/post"}],"author":[{"embeddable":true,"href":"https:\/\/www.europesays.com\/fr\/wp-json\/wp\/v2\/users\/2"}],"replies":[{"embeddable":true,"href":"https:\/\/www.europesays.com\/fr\/wp-json\/wp\/v2\/comments?post=356219"}],"version-history":[{"count":0,"href":"https:\/\/www.europesays.com\/fr\/wp-json\/wp\/v2\/posts\/356219\/revisions"}],"wp:featuredmedia":[{"embeddable":true,"href":"https:\/\/www.europesays.com\/fr\/wp-json\/wp\/v2\/media\/356220"}],"wp:attachment":[{"href":"https:\/\/www.europesays.com\/fr\/wp-json\/wp\/v2\/media?parent=356219"}],"wp:term":[{"taxonomy":"category","embeddable":true,"href":"https:\/\/www.europesays.com\/fr\/wp-json\/wp\/v2\/categories?post=356219"},{"taxonomy":"post_tag","embeddable":true,"href":"https:\/\/www.europesays.com\/fr\/wp-json\/wp\/v2\/tags?post=356219"}],"curies":[{"name":"wp","href":"https:\/\/api.w.org\/{rel}","templated":true}]}}