{"id":356223,"date":"2025-08-31T09:58:13","date_gmt":"2025-08-31T09:58:13","guid":{"rendered":"https:\/\/www.europesays.com\/fr\/356223\/"},"modified":"2025-08-31T09:58:13","modified_gmt":"2025-08-31T09:58:13","slug":"pollution-la-qualite-de-lair-reste-moyenne-a-lyon-ce-dimanche-2","status":"publish","type":"post","link":"https:\/\/www.europesays.com\/fr\/356223\/","title":{"rendered":"Pollution : la qualit\u00e9 de l&rsquo;air reste moyenne \u00e0 Lyon ce dimanche"},"content":{"rendered":"<p class=\"content\" style=\"font-size:1.2em;font-weight:700\">Malgr\u00e9 une l\u00e9g\u00e8re augmentation des niveaux d&rsquo;ozone, la qualit\u00e9 de l&rsquo;air restera moyenne ce dimanche \u00e0 Lyon. <\/p>\n<p>Qui dit absence de pr\u00e9cipitations dit \u00e9galement l\u00e9g\u00e8re d\u00e9gradation de l&rsquo;air. \u00ab\u00a0Dimanche 31 ao\u00fbt, les niveaux d\u2019ozone augmenteront tr\u00e8s l\u00e9g\u00e8rement \u00e0 la faveur d\u2019un temps plus sec. La qualit\u00e9 de l\u2019air restera n\u00e9anmoins moyenne\u00a0\u00bb, indique <a href=\"https:\/\/www.atmo-auvergnerhonealpes.fr\/air-commune\/Lyon\/69123\/indice-atmo?date=2025-08-31\" target=\"_blank\" rel=\"noreferrer noopener nofollow\">Atmo<\/a>, l&rsquo;observatoire de la qualit\u00e9 de l&rsquo;air en Auvergne-Rh\u00f4ne-Alpes.<\/p>\n<p>\u00c0 Lyon, les niveaux de dioxyde de souffre ainsi que les niveaux de particules fines PM10 sont bons, alors que les niveaux de dioxyde d&rsquo;azote et d&rsquo;ozone sont moyens.<\/p>\n<p>Pour ce lundi, \u00ab\u00a0des conditions dispersives assureront une qualit\u00e9 de l\u2019air sur toute la r\u00e9gion\u00a0\u00bb.<\/p>\n","protected":false},"excerpt":{"rendered":"Malgr\u00e9 une l\u00e9g\u00e8re augmentation des niveaux d&rsquo;ozone, la qualit\u00e9 de l&rsquo;air restera moyenne ce dimanche \u00e0 Lyon. Qui&hellip;\n","protected":false},"author":2,"featured_media":356224,"comment_status":"","ping_status":"","sticky":false,"template":"","format":"standard","meta":{"footnotes":""},"categories":[1889],"tags":[1111,11,2430,1777,674,1011,27,2428,12,25],"class_list":{"0":"post-356223","1":"post","2":"type-post","3":"status-publish","4":"format-standard","5":"has-post-thumbnail","7":"category-lyon","8":"tag-actu","9":"tag-actualites","10":"tag-auvergne-rhone-alpes","11":"tag-eu","12":"tag-europe","13":"tag-fr","14":"tag-france","15":"tag-lyon","16":"tag-news","17":"tag-republique-francaise"},"share_on_mastodon":{"url":"https:\/\/pubeurope.com\/@fr\/115122792392153722","error":""},"_links":{"self":[{"href":"https:\/\/www.europesays.com\/fr\/wp-json\/wp\/v2\/posts\/356223","targetHints":{"allow":["GET"]}}],"collection":[{"href":"https:\/\/www.europesays.com\/fr\/wp-json\/wp\/v2\/posts"}],"about":[{"href":"https:\/\/www.europesays.com\/fr\/wp-json\/wp\/v2\/types\/post"}],"author":[{"embeddable":true,"href":"https:\/\/www.europesays.com\/fr\/wp-json\/wp\/v2\/users\/2"}],"replies":[{"embeddable":true,"href":"https:\/\/www.europesays.com\/fr\/wp-json\/wp\/v2\/comments?post=356223"}],"version-history":[{"count":0,"href":"https:\/\/www.europesays.com\/fr\/wp-json\/wp\/v2\/posts\/356223\/revisions"}],"wp:featuredmedia":[{"embeddable":true,"href":"https:\/\/www.europesays.com\/fr\/wp-json\/wp\/v2\/media\/356224"}],"wp:attachment":[{"href":"https:\/\/www.europesays.com\/fr\/wp-json\/wp\/v2\/media?parent=356223"}],"wp:term":[{"taxonomy":"category","embeddable":true,"href":"https:\/\/www.europesays.com\/fr\/wp-json\/wp\/v2\/categories?post=356223"},{"taxonomy":"post_tag","embeddable":true,"href":"https:\/\/www.europesays.com\/fr\/wp-json\/wp\/v2\/tags?post=356223"}],"curies":[{"name":"wp","href":"https:\/\/api.w.org\/{rel}","templated":true}]}}