{"id":356225,"date":"2025-08-31T09:59:09","date_gmt":"2025-08-31T09:59:09","guid":{"rendered":"https:\/\/www.europesays.com\/fr\/356225\/"},"modified":"2025-08-31T09:59:09","modified_gmt":"2025-08-31T09:59:09","slug":"un-memorial-dedie-a-la-shoah-degrade-dans-le-centre-de-lyon-liberation","status":"publish","type":"post","link":"https:\/\/www.europesays.com\/fr\/356225\/","title":{"rendered":"Un m\u00e9morial d\u00e9di\u00e9 \u00e0 la Shoah d\u00e9grad\u00e9 dans le centre de Lyon \u2013 Lib\u00e9ration"},"content":{"rendered":"<p class=\"sc-ksZaOG ehjQrN text-element\">\u00abLes auteurs seront recherch\u00e9s et poursuivis. Lyon reste debout face \u00e0 la haine, \u00e0 l\u2019antis\u00e9mitisme et au racisme\u00bb, s\u2019insurge sur Facebook le maire \u00e9cologiste de Lyon, <a href=\"https:\/\/www.liberation.fr\/politique\/gregory-doucet-a-lyon-il-y-a-une-specificite-des-groupuscules-identitaires-que-je-combats-20231212_MSU4OA6OMZGULJMRA5PJCDHRQI\/\" target=\"_blank\" rel=\"noreferrer noopener\" title=\"https:\/\/www.liberation.fr\/politique\/gregory-doucet-a-lyon-il-y-a-une-specificite-des-groupuscules-identitaires-que-je-combats-20231212_MSU4OA6OMZGULJMRA5PJCDHRQI\/\">Gr\u00e9gory Doucet<\/a>. Une inscription \u00abFree Gaza\u00bb a \u00e9t\u00e9 d\u00e9couverte samedi sur un m\u00e9morial d\u00e9di\u00e9 \u00e0 la Shoah dans le centre-ville. Les mots ont \u00e9t\u00e9 grav\u00e9s dans le marbre noir d\u2019une plaque de pr\u00e9sentation du monument. \u00abLa d\u00e9gradation du M\u00e9morial de la Shoah \u00e0 Lyon est un acte intol\u00e9rable. Je le condamne et exprime toute ma solidarit\u00e9 aux associations de m\u00e9moire, aux rescap\u00e9s et \u00e0 leurs descendants\u00bb, \u00e9crit le maire.<\/p>\n<p class=\"sc-ksZaOG ehjQrN text-element\">A proximit\u00e9 de la gare de Lyon-Perrache, le monument, nomm\u00e9 \u00ables Rails de la m\u00e9moire\u00bb, a \u00e9t\u00e9 inaugur\u00e9 en janvier \u00e0 l\u2019occasion des 80 ans de la lib\u00e9ration du camp d\u2019Auschwitz-Birkenau. Cet empilement de rails entrecrois\u00e9s sur 3 m\u00e8tres de haut symbolise le point de d\u00e9part des convois de d\u00e9port\u00e9s et arbore en lettres dor\u00e9es l\u2019inscription suivante : \u00abEn m\u00e9moire des six millions de Juifs victimes de la Shoah dont un million et demi d\u2019enfants &#8211; 1941-1945 &#8211; 6 100 venaient de notre r\u00e9gion.\u00bb<\/p>\n<p class=\"sc-ksZaOG ehjQrN text-element\">\u00abLe fait que cette inscription ait \u00e9t\u00e9 faite sur un m\u00e9morial \u00e0 la Shoah rel\u00e8ve \u00e9videmment d\u2019un acte antis\u00e9mite\u00bb, a comment\u00e9 aupr\u00e8s de l\u2019AFP un responsable du cabinet de la mairie. La municipalit\u00e9 a rapidement fait effacer l\u2019inscription et \u00abrestaurera la semaine prochaine l\u2019int\u00e9grit\u00e9 de la plaque\u00bb, a pr\u00e9cis\u00e9 cette source. Le pr\u00e9sident de l\u2019association du M\u00e9morial de la Shoah, Jean-Olivier Viout, a d\u00e9pos\u00e9 une plainte, selon la mairie.<\/p>\n<p class=\"sc-ksZaOG ehjQrN text-element\">Les actes antis\u00e9mites ont connu une nette progression en France apr\u00e8s le 7 octobre 2023, date des attaques sans pr\u00e9c\u00e9dent du mouvement islamiste palestinien Hamas contre Isra\u00ebl et du d\u00e9clenchement de la guerre \u00e0 Gaza. Sur <a href=\"https:\/\/www.liberation.fr\/societe\/religions\/antisemitisme-646-actes-recenses-en-france-entre-janvier-et-juin-20250825_VFTEC2HOFFGNRBDJQ2HV4DFV4M\/\" target=\"_blank\" rel=\"noreferrer noopener\" title=\"https:\/\/www.liberation.fr\/societe\/religions\/antisemitisme-646-actes-recenses-en-france-entre-janvier-et-juin-20250825_VFTEC2HOFFGNRBDJQ2HV4DFV4M\/\">les six premiers mois de l\u2019ann\u00e9e 2025<\/a>, 646 actes antis\u00e9mites ont \u00e9t\u00e9 recens\u00e9s dans le pays, selon le minist\u00e8re de l\u2019Int\u00e9rieur. Soit une diminution de 27,5 % comparativement au premier semestre de 2024, mais un bond de 112,5 % par rapport \u00e0 la m\u00eame p\u00e9riode de 2023.<\/p>\n","protected":false},"excerpt":{"rendered":"\u00abLes auteurs seront recherch\u00e9s et poursuivis. Lyon reste debout face \u00e0 la haine, \u00e0 l\u2019antis\u00e9mitisme et au racisme\u00bb,&hellip;\n","protected":false},"author":2,"featured_media":356226,"comment_status":"","ping_status":"","sticky":false,"template":"","format":"standard","meta":{"footnotes":""},"categories":[1889],"tags":[1111,11,6155,2430,1777,674,1011,27,2428,12,25,10775],"class_list":{"0":"post-356225","1":"post","2":"type-post","3":"status-publish","4":"format-standard","5":"has-post-thumbnail","7":"category-lyon","8":"tag-actu","9":"tag-actualites","10":"tag-antisemitisme","11":"tag-auvergne-rhone-alpes","12":"tag-eu","13":"tag-europe","14":"tag-fr","15":"tag-france","16":"tag-lyon","17":"tag-news","18":"tag-republique-francaise","19":"tag-shoah"},"share_on_mastodon":{"url":"https:\/\/pubeurope.com\/@fr\/115122796163370749","error":""},"_links":{"self":[{"href":"https:\/\/www.europesays.com\/fr\/wp-json\/wp\/v2\/posts\/356225","targetHints":{"allow":["GET"]}}],"collection":[{"href":"https:\/\/www.europesays.com\/fr\/wp-json\/wp\/v2\/posts"}],"about":[{"href":"https:\/\/www.europesays.com\/fr\/wp-json\/wp\/v2\/types\/post"}],"author":[{"embeddable":true,"href":"https:\/\/www.europesays.com\/fr\/wp-json\/wp\/v2\/users\/2"}],"replies":[{"embeddable":true,"href":"https:\/\/www.europesays.com\/fr\/wp-json\/wp\/v2\/comments?post=356225"}],"version-history":[{"count":0,"href":"https:\/\/www.europesays.com\/fr\/wp-json\/wp\/v2\/posts\/356225\/revisions"}],"wp:featuredmedia":[{"embeddable":true,"href":"https:\/\/www.europesays.com\/fr\/wp-json\/wp\/v2\/media\/356226"}],"wp:attachment":[{"href":"https:\/\/www.europesays.com\/fr\/wp-json\/wp\/v2\/media?parent=356225"}],"wp:term":[{"taxonomy":"category","embeddable":true,"href":"https:\/\/www.europesays.com\/fr\/wp-json\/wp\/v2\/categories?post=356225"},{"taxonomy":"post_tag","embeddable":true,"href":"https:\/\/www.europesays.com\/fr\/wp-json\/wp\/v2\/tags?post=356225"}],"curies":[{"name":"wp","href":"https:\/\/api.w.org\/{rel}","templated":true}]}}