{"id":356227,"date":"2025-08-31T10:01:10","date_gmt":"2025-08-31T10:01:10","guid":{"rendered":"https:\/\/www.europesays.com\/fr\/356227\/"},"modified":"2025-08-31T10:01:10","modified_gmt":"2025-08-31T10:01:10","slug":"valerie-pecresse-offre-au-bebe-un-pass-navigo-jusqua-ses-18-ans","status":"publish","type":"post","link":"https:\/\/www.europesays.com\/fr\/356227\/","title":{"rendered":"Val\u00e9rie P\u00e9cresse offre au b\u00e9b\u00e9 un pass Navigo jusqu&rsquo;\u00e0 ses 18 ans"},"content":{"rendered":"<p>            Par<br \/>\n        <strong><br \/>\n            <a href=\"https:\/\/actu.fr\/auteur\/thomas-martin\" title=\"Consulter tous les articles de Thomas Martin\" rel=\"nofollow noopener\" target=\"_blank\">Thomas Martin<\/a><br \/>\n        <\/strong><\/p>\n<p>        Publi\u00e9 le<\/p>\n<p>            31 ao\u00fbt 2025 \u00e0 10h38        <\/p>\n<p>Apr\u00e8s sa <a href=\"https:\/\/actu.fr\/ile-de-france\/paris_75056\/ratp-carnet-rose-dans-les-transports-a-paris-une-femme-accouche-sur-les-quais-du-rer-a_63043064.html\" rel=\"nofollow noopener\" target=\"_blank\">naissance<\/a> pour le moins insolite \u00e0 Paris, sur les quais du <a href=\"https:\/\/actu.fr\/tag\/rer-a\" rel=\"nofollow noopener\" target=\"_blank\">RER A<\/a> \u00e0 la station Ch\u00e2telet, l\u2019enfant n\u00e9 vendredi 15 ao\u00fbt 2025 s\u2019est vu offrir un <a href=\"https:\/\/actu.fr\/tag\/pass-navigo\" rel=\"nofollow noopener\" target=\"_blank\">pass Navigo<\/a> gratuit jusqu\u2019\u00e0 ses 18 ans par Val\u00e9rie P\u00e9cresse, la pr\u00e9sidente d\u2019<a href=\"https:\/\/actu.fr\/tag\/ile-de-france-mobilites\" rel=\"nofollow noopener\" target=\"_blank\">\u00cele-de-France Mobilit\u00e9s<\/a>.<\/p>\n<p>Des cadeaux offerts par la RATP<\/p>\n<p class=\" wall-content\">Cette sc\u00e8ne insolite avait eu lieu aux environs de 9h au coeur de l\u2019\u00e9t\u00e9. La <a href=\"https:\/\/actu.fr\/tag\/ratp\" rel=\"nofollow noopener\" target=\"_blank\">RATP<\/a> avait alors fait savoir que la maman et le b\u00e9b\u00e9 se portaient bien. Ils avaient rapidement \u00e9t\u00e9 transport\u00e9s par les Pompiers de Paris \u00e0 l\u2019h\u00f4pital Necker.\u00a0<\/p>\n<p class=\" wall-content\">Dans ce genre de cas, la RATP offre en g\u00e9n\u00e9ral un cadeau pour la maman et le b\u00e9b\u00e9. Par le pass\u00e9, la RATP avait octroy\u00e9 un trousseau de naissance, des doudous, des fleurs ou encore des pass Navigo. Ainsi, en 2018, un petit b\u00e9b\u00e9 n\u00e9 \u00e0 la station Glaci\u00e8re avait re\u00e7u un pass pour voyager gratuitement sur le r\u00e9seau RATP jusqu\u2019\u00e0 ses 25 ans.\u00a0<\/p>\n<p class=\" wall-content\">En avril 2024, un enfant <a href=\"https:\/\/actu.fr\/ile-de-france\/paris_75056\/ratp-paris-une-femme-accouche-dans-la-ligne-5-du-metro-a-gare-du-nord_60892380.html\" rel=\"nofollow noopener\" target=\"_blank\">n\u00e9 \u00e0 la station gare du Nord<\/a> de la ligne 5 avait \u00e9galement re\u00e7u un pass Navigo jusqu\u2019\u00e0 sa majorit\u00e9.\u00a0<\/p>\n<p class=\" wall-content\">Personnalisez votre actualit\u00e9 en ajoutant vos villes et m\u00e9dias en favori avec <a href=\"https:\/\/moncompte.actu.fr\" title=\"D\u00e9couvez Mon Actu\" rel=\"nofollow noopener\" data-trk=\"{&quot;cta&quot;:{&quot;action&quot;:&quot;https:\\\/\\\/moncompte.actu.fr&quot;,&quot;category&quot;:&quot;mon compte&quot;,&quot;from&quot;:&quot;article footer&quot;,&quot;name&quot;:&quot;Mon actu&quot;,&quot;type&quot;:&quot;cta&quot;}}\" target=\"_blank\">Mon Actu<\/a>.<\/p>\n","protected":false},"excerpt":{"rendered":"Par Thomas Martin Publi\u00e9 le 31 ao\u00fbt 2025 \u00e0 10h38 Apr\u00e8s sa naissance pour le moins insolite \u00e0&hellip;\n","protected":false},"author":2,"featured_media":356228,"comment_status":"","ping_status":"","sticky":false,"template":"","format":"standard","meta":{"footnotes":""},"categories":[1592],"tags":[1111,11,1777,674,1011,27,662,10883,1757,12,626,625,25,18068],"class_list":{"0":"post-356227","1":"post","2":"type-post","3":"status-publish","4":"format-standard","5":"has-post-thumbnail","7":"category-ile-de-france","8":"tag-actu","9":"tag-actualites","10":"tag-eu","11":"tag-europe","12":"tag-fr","13":"tag-france","14":"tag-ile-de-france","15":"tag-ile-de-france-mobilites","16":"tag-insolite","17":"tag-news","18":"tag-paris","19":"tag-ratp","20":"tag-republique-francaise","21":"tag-rer-a"},"share_on_mastodon":{"url":"","error":""},"_links":{"self":[{"href":"https:\/\/www.europesays.com\/fr\/wp-json\/wp\/v2\/posts\/356227","targetHints":{"allow":["GET"]}}],"collection":[{"href":"https:\/\/www.europesays.com\/fr\/wp-json\/wp\/v2\/posts"}],"about":[{"href":"https:\/\/www.europesays.com\/fr\/wp-json\/wp\/v2\/types\/post"}],"author":[{"embeddable":true,"href":"https:\/\/www.europesays.com\/fr\/wp-json\/wp\/v2\/users\/2"}],"replies":[{"embeddable":true,"href":"https:\/\/www.europesays.com\/fr\/wp-json\/wp\/v2\/comments?post=356227"}],"version-history":[{"count":0,"href":"https:\/\/www.europesays.com\/fr\/wp-json\/wp\/v2\/posts\/356227\/revisions"}],"wp:featuredmedia":[{"embeddable":true,"href":"https:\/\/www.europesays.com\/fr\/wp-json\/wp\/v2\/media\/356228"}],"wp:attachment":[{"href":"https:\/\/www.europesays.com\/fr\/wp-json\/wp\/v2\/media?parent=356227"}],"wp:term":[{"taxonomy":"category","embeddable":true,"href":"https:\/\/www.europesays.com\/fr\/wp-json\/wp\/v2\/categories?post=356227"},{"taxonomy":"post_tag","embeddable":true,"href":"https:\/\/www.europesays.com\/fr\/wp-json\/wp\/v2\/tags?post=356227"}],"curies":[{"name":"wp","href":"https:\/\/api.w.org\/{rel}","templated":true}]}}