{"id":356235,"date":"2025-08-31T10:05:12","date_gmt":"2025-08-31T10:05:12","guid":{"rendered":"https:\/\/www.europesays.com\/fr\/356235\/"},"modified":"2025-08-31T10:05:12","modified_gmt":"2025-08-31T10:05:12","slug":"paris-un-detenu-de-la-prison-de-la-sante-retrouve-carbonise-dans-sa-cellule","status":"publish","type":"post","link":"https:\/\/www.europesays.com\/fr\/356235\/","title":{"rendered":"Paris\u00a0: un d\u00e9tenu de la prison de la Sant\u00e9 retrouv\u00e9 carbonis\u00e9 dans sa cellule"},"content":{"rendered":"<p class=\"paragraph text_align_left lp-f-body-02\">Il ne lui restait qu\u2019un gros mois de prison \u00e0 purger avant de pouvoir esp\u00e9rer revoir la lumi\u00e8re du jour. Mais ce dimanche matin, \u00e0 l\u2019aube, le corps ce d\u00e9tenu de 40 ans a \u00e9t\u00e9 retrouv\u00e9 carbonis\u00e9 dans sa cellule de la <a href=\"https:\/\/www.leparisien.fr\/faits-divers\/au-coeur-de-la-prison-de-la-sante-surpeuplee-113-detenus-dorment-sur-des-matelas-au-sol-24-02-2023-KWX3JSHVZNBJHLT7QERMCY2DIQ.php\" target=\"_self\" rel=\"nofollow noopener\">prison de la Sant\u00e9<\/a> (Paris XIVe), a appris le Parisien de sources concordantes. Le parquet de Paris, sollicit\u00e9, confirme l\u2019ouverture d\u2019une \u00ab enqu\u00eate en recherche des causes de la mort \u00bb, pour faire toute la lumi\u00e8re sur les circonstances exactes de drame.<\/p>\n<p class=\"paragraph text_align_left lp-f-body-02\">D\u2019apr\u00e8s la Direction de l\u2019administration p\u00e9nitentiaire, Hamady S., d\u00e9tenu condamn\u00e9 \u2014 et non en attente de jugement \u2014 <a href=\"https:\/\/www.leparisien.fr\/yvelines-78\/yvelines-cinq-personnes-intoxiquees-apres-un-debut-dincendie-dans-une-cellule-de-la-prison-de-bois-darcy-14-11-2024-6JP4RT6GBNFONMPC353SLZ6RQI.php\" target=\"_self\" rel=\"nofollow noopener\">a mis lui-m\u00eame feu \u00e0 sa cellule<\/a>, vers 6 heures du matin. \u00ab Il souffrait de troubles psychiatriques \u00bb, confirme le parquet de Paris. Son corps n\u2019\u00e9tait m\u00eame pas reconnaissable lorsque les pompiers sont parvenus \u00e0 p\u00e9n\u00e9trer dans sa cellule, enti\u00e8rement carbonis\u00e9e, apr\u00e8s avoir ma\u00eetris\u00e9 le sinistre.<\/p>\n<p>Deux coursives \u00e9vacu\u00e9es<\/p>\n<p class=\"paragraph text_align_left lp-f-body-02\">Une centaine de soldats du feu ont \u00e9t\u00e9 mobilis\u00e9s. Quatre voisins de cellule d\u2019Hamady S., l\u00e9g\u00e8rement intoxiqu\u00e9s par les fum\u00e9es, ont d\u00fb \u00eatre extraits de leurs cellules et conduits dans un h\u00f4pital pour y effectuer de tests. Parmi eux, deux se trouvaient alors en \u00e9tat d\u2019urgence relative. Deux coursives ont \u00e9t\u00e9 enti\u00e8rement \u00e9vacu\u00e9es par mesure de pr\u00e9caution, le temps d\u2019a\u00e9rer les locaux. Les d\u00e9tenus qui les occupaient ont \u00e9t\u00e9 mis \u00e0 l\u2019abri dans une cour de promenade. Aucun agent p\u00e9nitentiaire n\u2019a \u00e9t\u00e9 bless\u00e9 pendant l\u2019op\u00e9ration.<\/p>\n<p class=\"paragraph text_align_left lp-f-body-02\">Unique \u00e9tablissement de Paris intra-muros, la maison d\u2019arr\u00eat de la Sant\u00e9 affichait une densit\u00e9 carc\u00e9rale de 189,2 % au 1er ao\u00fbt. Un chiffre sup\u00e9rieur \u00e0 la moyenne au sein de la direction interr\u00e9gionale des services p\u00e9nitentiaires (Disp) de Paris : 157 %. En plus du probl\u00e8me r\u00e9current de surpopulation, <a href=\"https:\/\/www.leparisien.fr\/meteo\/la-situation-est-invivable-entre-surpopulation-et-canicule-les-prisons-suffoquent-30-06-2025-RZOH5LLUEFDN5OPHTMCJ5UFIDY.php\" target=\"_self\" rel=\"nofollow noopener\">les prisons fran\u00e7aises<\/a> souffrent de la v\u00e9tust\u00e9 de leurs b\u00e2timents, notamment lors des p\u00e9riodes de fortes chaleurs.<\/p>\n<p class=\"lp-card-podcast-highlighting__title  lp-f-subtitle-05\">[4\/4] C\u00e9cile Vallin, les secrets d\u2019une disparition<\/p>\n<p class=\"lp-card-podcast-highlighting__description lp-f-ui-05\">Crime story raconte chaque semaine les grandes affaires criminelles.<\/p>\n<p><a class=\"lp-card-podcast-highlighting__call-to-action\" data-page-type=\"HP\" data-block-name=\"podcast-highlight\">\u00c9couter<\/a>Saturation et \u00ab atteinte \u00e0 la dignit\u00e9 \u00bb<\/p>\n<p class=\"paragraph text_align_left lp-f-body-02\">En novembre, <a href=\"https:\/\/www.leparisien.fr\/faits-divers\/surpopulation-en-prison-fouilles-integrales-la-defenseure-des-droits-denonce-des-atteintes-graves-et-repetees-07-11-2024-PKXWDBMPXJGSBFOXHSACP7ISUM.php\" rel=\"nofollow noopener\" target=\"_blank\">la d\u00e9fenseure des droits, Claire H\u00e9don, a dress\u00e9 \u00ab un constat alarmant \u00bb<\/a> et alert\u00e9 les pouvoirs publics sur \u00ab les atteintes aux droits graves et r\u00e9p\u00e9t\u00e9es \u00bb subies par les d\u00e9tenus. \u00ab La surpopulation entra\u00eene une atteinte \u00e0 leur dignit\u00e9 \u00bb, a-t-elle estim\u00e9. Cette saturation des prisons aggrave les probl\u00e8mes li\u00e9s au \u00ab manque de personnel \u00bb, a encore soulign\u00e9 la d\u00e9fenseure des droits. En particulier les services de sant\u00e9, \u00ab d\u00e9pass\u00e9s \u00bb, qui \u00ab ne peuvent offrir une prise en charge \u00e0 tous les d\u00e9tenus \u00bb.<\/p>\n<p class=\"paragraph text_align_left lp-f-body-02\">La France figure parmi les mauvais \u00e9l\u00e8ves en Europe en termes de <a href=\"https:\/\/www.leparisien.fr\/hauts-de-seine-92\/1-200-detenus-pour-592-places-absence-de-travaux-rats-pourquoi-la-prison-de-nanterre-nest-plus-vivable-17-07-2025-RUTH5VHZSJDNXI6ZOLVDBUAYPU.php\" target=\"_self\" rel=\"nofollow noopener\">surpopulation carc\u00e9rale<\/a>, en troisi\u00e8me position derri\u00e8re la Slov\u00e9nie et Chypre, selon une \u00e9tude publi\u00e9e en juillet par le Conseil de l\u2019Europe.<\/p>\n","protected":false},"excerpt":{"rendered":"Il ne lui restait qu\u2019un gros mois de prison \u00e0 purger avant de pouvoir esp\u00e9rer revoir la lumi\u00e8re&hellip;\n","protected":false},"author":2,"featured_media":356236,"comment_status":"","ping_status":"","sticky":false,"template":"","format":"standard","meta":{"footnotes":""},"categories":[1888],"tags":[11,1777,674,118,1011,27,12,626,25],"class_list":{"0":"post-356235","1":"post","2":"type-post","3":"status-publish","4":"format-standard","5":"has-post-thumbnail","7":"category-paris","8":"tag-actualites","9":"tag-eu","10":"tag-europe","11":"tag-faits-divers","12":"tag-fr","13":"tag-france","14":"tag-news","15":"tag-paris","16":"tag-republique-francaise"},"share_on_mastodon":{"url":"https:\/\/pubeurope.com\/@fr\/115122819906848645","error":""},"_links":{"self":[{"href":"https:\/\/www.europesays.com\/fr\/wp-json\/wp\/v2\/posts\/356235","targetHints":{"allow":["GET"]}}],"collection":[{"href":"https:\/\/www.europesays.com\/fr\/wp-json\/wp\/v2\/posts"}],"about":[{"href":"https:\/\/www.europesays.com\/fr\/wp-json\/wp\/v2\/types\/post"}],"author":[{"embeddable":true,"href":"https:\/\/www.europesays.com\/fr\/wp-json\/wp\/v2\/users\/2"}],"replies":[{"embeddable":true,"href":"https:\/\/www.europesays.com\/fr\/wp-json\/wp\/v2\/comments?post=356235"}],"version-history":[{"count":0,"href":"https:\/\/www.europesays.com\/fr\/wp-json\/wp\/v2\/posts\/356235\/revisions"}],"wp:featuredmedia":[{"embeddable":true,"href":"https:\/\/www.europesays.com\/fr\/wp-json\/wp\/v2\/media\/356236"}],"wp:attachment":[{"href":"https:\/\/www.europesays.com\/fr\/wp-json\/wp\/v2\/media?parent=356235"}],"wp:term":[{"taxonomy":"category","embeddable":true,"href":"https:\/\/www.europesays.com\/fr\/wp-json\/wp\/v2\/categories?post=356235"},{"taxonomy":"post_tag","embeddable":true,"href":"https:\/\/www.europesays.com\/fr\/wp-json\/wp\/v2\/tags?post=356235"}],"curies":[{"name":"wp","href":"https:\/\/api.w.org\/{rel}","templated":true}]}}