{"id":356241,"date":"2025-08-31T10:13:15","date_gmt":"2025-08-31T10:13:15","guid":{"rendered":"https:\/\/www.europesays.com\/fr\/356241\/"},"modified":"2025-08-31T10:13:15","modified_gmt":"2025-08-31T10:13:15","slug":"usa-pourquoi-trump-veut-affaiblir-le-dollar-americain","status":"publish","type":"post","link":"https:\/\/www.europesays.com\/fr\/356241\/","title":{"rendered":"USA &#8211; Pourquoi Trump veut affaiblir le dollar am\u00e9ricain ?"},"content":{"rendered":"<p> Facebook   Twitter  LinkedIn WhatsApp<\/p>\n<p data-start=\"259\" data-end=\"686\">Depuis son arriv\u00e9e \u00e0 la Maison Blanche, Donald Trump a fait de la comp\u00e9titivit\u00e9 des entreprises am\u00e9ricaines une priorit\u00e9. Apr\u00e8s l\u2019instauration de droits de douane massifs, le pr\u00e9sident am\u00e9ricain se r\u00e9jouit d\u00e9sormais de la d\u00e9pr\u00e9ciation du billet vert.<\/p>\n<p data-start=\"259\" data-end=\"686\">En chute de plus de 9 % depuis le d\u00e9but de l\u2019ann\u00e9e face \u00e0 un panier de devises (indice DXY), le dollar s\u2019\u00e9change d\u00e9sormais \u00e0 1,16 face \u00e0 l\u2019euro, un niveau in\u00e9dit depuis 2021.<\/p>\n<p data-start=\"733\" data-end=\"1120\">Pour Donald Trump, un dollar faible est un atout pour l\u2019\u00e9conomie am\u00e9ricaine : il permet aux biens \u00ab made in USA \u00bb d\u2019\u00eatre plus accessibles sur les march\u00e9s \u00e9trangers.<\/p>\n<p data-start=\"733\" data-end=\"1120\">Concr\u00e8tement, lorsqu\u2019un euro vaut 1,15 dollar, un produit de 100 dollars est vendu environ 87 euros, contre plus de 95 euros si la parit\u00e9 est de 1,05.<\/p>\n<p data-start=\"733\" data-end=\"1120\"><strong>R\u00e9sultat :<\/strong> les exportateurs am\u00e9ricains gagnent en comp\u00e9titivit\u00e9-prix.<\/p>\n<p data-start=\"1122\" data-end=\"1329\">Les grandes multinationales sont les premi\u00e8res b\u00e9n\u00e9ficiaires. Amazon, par exemple, a indiqu\u00e9 avoir profit\u00e9 d\u2019un \u00ab impact favorable \u00bb de 1,5 milliard de dollars li\u00e9 aux taux de change au deuxi\u00e8me trimestre.<\/p>\n<p>Un revers pour les consommateurs am\u00e9ricains<\/p>\n<p data-start=\"1380\" data-end=\"1773\">Cette strat\u00e9gie comporte toutefois des inconv\u00e9nients. Un dollar faible rench\u00e9rit le prix des biens import\u00e9s, aggravant la facture pour les consommateurs am\u00e9ricains d\u00e9j\u00e0 confront\u00e9s \u00e0 l\u2019inflation.<\/p>\n<p data-start=\"1380\" data-end=\"1773\">Selon \u00c9ric Dor, directeur des \u00e9tudes \u00e9conomiques \u00e0 l\u2019IESEG, un produit europ\u00e9en subit une hausse de pr\u00e8s de 30 % une fois cumul\u00e9s les droits de douane de 15 % et la d\u00e9pr\u00e9ciation de 12 % du dollar.<\/p>\n<p data-start=\"1775\" data-end=\"2007\">Trump esp\u00e8re que ses politiques inciteront les industriels \u00e0 relocaliser leur production, mais ces effets ne se feront sentir qu\u2019\u00e0 long terme. \u00c0 court terme, les m\u00e9nages am\u00e9ricains continuent de payer plus cher leurs importations.<\/p>\n<p>La Fed sous pression et la confiance en berne<\/p>\n<p data-start=\"2060\" data-end=\"2414\">La baisse du dollar est aussi li\u00e9e aux anticipations des march\u00e9s. Les investisseurs, inquiets des cons\u00e9quences des tarifs douaniers sur la croissance, anticipent une baisse des taux par la R\u00e9serve f\u00e9d\u00e9rale.<\/p>\n<p data-start=\"2060\" data-end=\"2414\">Jerome Powell, son pr\u00e9sident, a d\u00e9j\u00e0 ouvert la porte \u00e0 ce sc\u00e9nario pour soutenir l\u2019emploi, craignant une d\u00e9gradation rapide du march\u00e9 du travail.<\/p>\n<p data-start=\"2416\" data-end=\"2655\">Mais cette orientation inqui\u00e8te les investisseurs institutionnels internationaux, qui manifestent une \u00ab d\u00e9saffection vis-\u00e0-vis du dollar \u00bb. La politique jug\u00e9e impr\u00e9visible et agressive de Donald Trump a renforc\u00e9 cette perte de confiance.<\/p>\n<p>Vers une d\u00e9dollarisation acc\u00e9l\u00e9r\u00e9e ?<\/p>\n<p data-start=\"2699\" data-end=\"2998\">La faiblesse du dollar encourage certains pays, notamment les Brics (Br\u00e9sil, Russie, Inde, Chine, Afrique du Sud), \u00e0 acc\u00e9l\u00e9rer leur strat\u00e9gie de r\u00e9duction de d\u00e9pendance \u00e0 la devise am\u00e9ricaine. Un projet que Trump combat vigoureusement, allant jusqu\u2019\u00e0 menacer ces pays de 100 % de droits de douane.<\/p>\n<p data-start=\"3000\" data-end=\"3232\">Malgr\u00e9 ces tensions, le dollar conserve un r\u00f4le central dans les r\u00e9serves mondiales, repr\u00e9sentant encore 60 % contre 20 % pour l\u2019euro. Mais sa part a recul\u00e9 de 10 points en dix ans, un signe d\u2019\u00e9rosion progressive de son h\u00e9g\u00e9monie.<\/p>\n<p>Les stablecoins, un nouvel outil de domination<\/p>\n<p data-start=\"3286\" data-end=\"3672\">Pour pr\u00e9server l\u2019influence du dollar, l\u2019administration Trump mise d\u00e9sormais sur les stablecoins. En juillet, la promulgation du <strong data-start=\"3414\" data-end=\"3428\">Genius Act<\/strong> a encadr\u00e9 l\u2019usage de ces cryptomonnaies adoss\u00e9es au dollar. Les g\u00e9ants comme Tether ou Circle investissent les d\u00e9p\u00f4ts en bons du Tr\u00e9sor am\u00e9ricain, renfor\u00e7ant ainsi la demande pour la dette am\u00e9ricaine et consolidant la dollarisation mondiale.<\/p>\n<p data-start=\"3674\" data-end=\"3906\">La Banque centrale europ\u00e9enne a mis en garde contre ces actifs qui \u00ab remod\u00e8lent la finance mondiale \u00bb au b\u00e9n\u00e9fice des \u00c9tats-Unis, leur offrant des conditions de financement plus favorables et un levier g\u00e9opolitique suppl\u00e9mentaire.<\/p>\n<p>Entre opportunit\u00e9 et paradoxe<\/p>\n<p data-start=\"3943\" data-end=\"4368\">Donald Trump souhaite \u00e0 la fois un dollar faible pour stimuler l\u2019\u00e9conomie et un dollar fort comme monnaie de r\u00e9serve mondiale. Mais, comme le souligne \u00c9ric Dor, \u00ab on ne peut pas avoir le beurre et l\u2019argent du beurre \u00bb.<\/p>\n<p data-start=\"3943\" data-end=\"4368\">La strat\u00e9gie de Trump, si elle favorise les exportateurs et renforce certains atouts financiers via les stablecoins, p\u00e8se d\u00e9j\u00e0 sur le pouvoir d\u2019achat des consommateurs et accro\u00eet l\u2019incertitude \u00e9conomique.<\/p>\n<p> Facebook   Twitter  LinkedIn WhatsApp<\/p>\n<p> <b>Que se passe-t-il en Tunisie?<\/b><br \/>Nous expliquons sur notre <a href=\"https:\/\/www.youtube.com\/channel\/UCRzypVq0B_yBad5eGrwBx0Q?sub_confirmation=1\" target=\"_blank\" rel=\"nofollow noopener\">cha\u00eene YouTube<\/a> . <a href=\"https:\/\/www.youtube.com\/channel\/UCRzypVq0B_yBad5eGrwBx0Q?sub_confirmation=1\" target=\"_blank\" rel=\"nofollow noopener\">Abonnez-vous!<\/a><\/p>\n<p> <img decoding=\"async\" src=\"https:\/\/www.europesays.com\/fr\/wp-content\/uploads\/2025\/05\/Logo-Tn1-1-3.png\"\/> <a href=\"https:\/\/www.tunisienumerique.com\/tunisie-actualite\/brics\/\" rel=\"tag nofollow noopener\" target=\"_blank\">BRICS<\/a>, <a href=\"https:\/\/www.tunisienumerique.com\/tunisie-actualite\/competitivite-americaine\/\" rel=\"tag nofollow noopener\" target=\"_blank\">comp\u00e9titivit\u00e9 am\u00e9ricaine<\/a>, <a href=\"https:\/\/www.tunisienumerique.com\/tunisie-actualite\/deficit-commercial\/\" rel=\"tag nofollow noopener\" target=\"_blank\">d\u00e9ficit commercial<\/a>, <a href=\"https:\/\/www.tunisienumerique.com\/tunisie-actualite\/dollar-faible\/\" rel=\"tag nofollow noopener\" target=\"_blank\">dollar faible<\/a>, <a href=\"https:\/\/www.tunisienumerique.com\/tunisie-actualite\/dollar-fort\/\" rel=\"tag nofollow noopener\" target=\"_blank\">dollar fort<\/a>, <a href=\"https:\/\/www.tunisienumerique.com\/tunisie-actualite\/donald-trump\/\" rel=\"tag nofollow noopener\" target=\"_blank\">donald trump<\/a>, <a href=\"https:\/\/www.tunisienumerique.com\/tunisie-actualite\/economie-mondiale\/\" rel=\"tag nofollow noopener\" target=\"_blank\">\u00e9conomie mondiale<\/a>, <a href=\"https:\/\/www.tunisienumerique.com\/tunisie-actualite\/fed\/\" rel=\"tag nofollow noopener\" target=\"_blank\">fed<\/a>, <a href=\"https:\/\/www.tunisienumerique.com\/tunisie-actualite\/genius-act\/\" rel=\"tag nofollow noopener\" target=\"_blank\">Genius Act<\/a>, <a href=\"https:\/\/www.tunisienumerique.com\/tunisie-actualite\/inflation\/\" rel=\"tag nofollow noopener\" target=\"_blank\">Inflation<\/a>, <a href=\"https:\/\/www.tunisienumerique.com\/tunisie-actualite\/multinationales-americaines\/\" rel=\"tag nofollow noopener\" target=\"_blank\">multinationales am\u00e9ricaines<\/a>, <a href=\"https:\/\/www.tunisienumerique.com\/tunisie-actualite\/stablecoins\/\" rel=\"tag nofollow noopener\" target=\"_blank\">stablecoins<\/a><\/p>\n","protected":false},"excerpt":{"rendered":"Facebook Twitter LinkedIn WhatsApp Depuis son arriv\u00e9e \u00e0 la Maison Blanche, Donald Trump a fait de la comp\u00e9titivit\u00e9&hellip;\n","protected":false},"author":2,"featured_media":356242,"comment_status":"","ping_status":"","sticky":false,"template":"","format":"standard","meta":{"footnotes":""},"categories":[1589],"tags":[11,9322,49223,24493,49224,49225,75,8042,73,1866,7512,49226,9345,49227,12,15732,1864,1865,1863,308],"class_list":{"0":"post-356241","1":"post","2":"type-post","3":"status-publish","4":"format-standard","5":"has-post-thumbnail","7":"category-etats-unis","8":"tag-actualites","9":"tag-brics","10":"tag-competitivite-americaine","11":"tag-deficit-commercial","12":"tag-dollar-faible","13":"tag-dollar-fort","14":"tag-donald-trump","15":"tag-economie-mondiale","16":"tag-etats-unis","17":"tag-etats-unis-damerique","18":"tag-fed","19":"tag-genius-act","20":"tag-inflation","21":"tag-multinationales-americaines","22":"tag-news","23":"tag-stablecoins","24":"tag-united-states","25":"tag-united-states-of-america","26":"tag-us","27":"tag-usa"},"share_on_mastodon":{"url":"https:\/\/pubeurope.com\/@fr\/115122851661801487","error":""},"_links":{"self":[{"href":"https:\/\/www.europesays.com\/fr\/wp-json\/wp\/v2\/posts\/356241","targetHints":{"allow":["GET"]}}],"collection":[{"href":"https:\/\/www.europesays.com\/fr\/wp-json\/wp\/v2\/posts"}],"about":[{"href":"https:\/\/www.europesays.com\/fr\/wp-json\/wp\/v2\/types\/post"}],"author":[{"embeddable":true,"href":"https:\/\/www.europesays.com\/fr\/wp-json\/wp\/v2\/users\/2"}],"replies":[{"embeddable":true,"href":"https:\/\/www.europesays.com\/fr\/wp-json\/wp\/v2\/comments?post=356241"}],"version-history":[{"count":0,"href":"https:\/\/www.europesays.com\/fr\/wp-json\/wp\/v2\/posts\/356241\/revisions"}],"wp:featuredmedia":[{"embeddable":true,"href":"https:\/\/www.europesays.com\/fr\/wp-json\/wp\/v2\/media\/356242"}],"wp:attachment":[{"href":"https:\/\/www.europesays.com\/fr\/wp-json\/wp\/v2\/media?parent=356241"}],"wp:term":[{"taxonomy":"category","embeddable":true,"href":"https:\/\/www.europesays.com\/fr\/wp-json\/wp\/v2\/categories?post=356241"},{"taxonomy":"post_tag","embeddable":true,"href":"https:\/\/www.europesays.com\/fr\/wp-json\/wp\/v2\/tags?post=356241"}],"curies":[{"name":"wp","href":"https:\/\/api.w.org\/{rel}","templated":true}]}}