{"id":356245,"date":"2025-08-31T10:15:27","date_gmt":"2025-08-31T10:15:27","guid":{"rendered":"https:\/\/www.europesays.com\/fr\/356245\/"},"modified":"2025-08-31T10:15:27","modified_gmt":"2025-08-31T10:15:27","slug":"lallemagne-recommande-a-ses-citoyens-de-quitter-liran","status":"publish","type":"post","link":"https:\/\/www.europesays.com\/fr\/356245\/","title":{"rendered":"L\u2019Allemagne recommande \u00e0 ses citoyens de quitter l\u2019Iran"},"content":{"rendered":"<p>AA \/ Berlin \/ Oliver Towfigh Nia\u00a0<\/p>\n<p>Le gouvernement Allemand a appel\u00e9 vendredi ses citoyens \u00e0 quitter l\u2019Iran, moins de 24 heures apr\u00e8s que le Royaume-Uni, la France et l\u2019Allemagne ont d\u00e9clench\u00e9 des sanctions \u00ab\u202fsnapback\u202f\u00bb contre T\u00e9h\u00e9ran concernant son programme nucl\u00e9aire.<\/p>\n<p>\u00ab\u202fLes citoyens allemands sont invit\u00e9s \u00e0 quitter l\u2019Iran. Le 28 ao\u00fbt, la Grande-Bretagne, la France et l\u2019Allemagne ont d\u00e9cid\u00e9 de d\u00e9clencher le m\u00e9canisme dit de snapback en raison de violations r\u00e9p\u00e9t\u00e9es et \u00e9tendues par l\u2019Iran de l\u2019Accord nucl\u00e9aire de 2015 (JCPoA)\u202f\u00bb, a indiqu\u00e9 le minist\u00e8re des Affaires \u00e9trang\u00e8res sur son site internet.<\/p>\n<p>\u00ab\u202fComme des responsables Iraniens ont menac\u00e9 \u00e0 plusieurs reprises de prendre des mesures en repr\u00e9sailles, il n\u2019est pas exclu que les int\u00e9r\u00eats et ressortissants Allemands soient concern\u00e9s\u202f\u00bb, a-t-il ajout\u00e9.<\/p>\n<p>L\u2019ambassade Allemande \u00e0 T\u00e9h\u00e9ran n\u2019est \u00ab\u202factuellement capable de fournir qu\u2019une assistance consulaire limit\u00e9e\u202f\u00bb, selon le minist\u00e8re.<\/p>\n<p>Jeudi, le groupe des E3 \u2013 Royaume-Uni, France et Allemagne \u2013 a activ\u00e9 le m\u00e9canisme de r\u00e9instauration des sanctions de l\u2019ONU dans le cadre de leur diff\u00e9rend avec l\u2019Iran sur son programme nucl\u00e9aire.<\/p>\n<p>\u00ab\u202fEn raison des actions de l\u2019Iran, et conform\u00e9ment au paragraphe 11 de la r\u00e9solution 2231 du Conseil de s\u00e9curit\u00e9 des Nations unies (2015), la France, l\u2019Allemagne et le Royaume-Uni ont d\u00e9cid\u00e9 aujourd\u2019hui d\u2019informer le Conseil de s\u00e9curit\u00e9 que nous consid\u00e9rons l\u2019Iran en manquement significatif \u00e0 ses engagements au titre du JCPoA, engageant ainsi le m\u00e9canisme de \u2018snapback\u2019\u202f\u00bb, ont indiqu\u00e9 les trois pays dans un communiqu\u00e9 conjoint.<\/p>\n<p>Ce m\u00e9canisme ouvre une p\u00e9riode de 30 jours avant la possible r\u00e9activation de r\u00e9solutions du Conseil de s\u00e9curit\u00e9 pr\u00e9c\u00e9demment termin\u00e9es.<\/p>\n<p>L\u2019accord nucl\u00e9aire visait \u00e0 emp\u00eacher T\u00e9h\u00e9ran de fabriquer une bombe atomique, en r\u00e9gulant notamment la v\u00e9rification ind\u00e9pendante du programme nucl\u00e9aire iranien et en limitant la quantit\u00e9 et l\u2019enrichissement de l\u2019uranium.<\/p>\n<p>Pour rappel, les tensions avaient culmin\u00e9 en juin, apr\u00e8s une attaque surprise d\u2019Isra\u00ebl sur T\u00e9h\u00e9ran le 13 juin, visant des sites militaires, nucl\u00e9aires et civils ainsi que des commandants et scientifiques nucl\u00e9aires. L\u2019Iran avait ripost\u00e9 par des frappes de missiles et drones, tandis que les \u00c9tats-Unis avaient bombard\u00e9 trois installations nucl\u00e9aires iraniennes. Le conflit de 12 jours s\u2019\u00e9tait achev\u00e9 sous un cessez-le-feu n\u00e9goci\u00e9 par Washington le 24 juin.<\/p>\n<p>* Traduit de l&rsquo;anglais par Seyma Erkul Dayanc<\/p>\n","protected":false},"excerpt":{"rendered":"AA \/ Berlin \/ Oliver Towfigh Nia\u00a0 Le gouvernement Allemand a appel\u00e9 vendredi ses citoyens \u00e0 quitter l\u2019Iran,&hellip;\n","protected":false},"author":2,"featured_media":356246,"comment_status":"","ping_status":"","sticky":false,"template":"","format":"standard","meta":{"footnotes":""},"categories":[1587],"tags":[49228,11,672,1785,1804,1805,1803,1777,674,1801,12,1802,47873],"class_list":{"0":"post-356245","1":"post","2":"type-post","3":"status-publish","4":"format-standard","5":"has-post-thumbnail","7":"category-allemagne","8":"tag-accord-nuclaire-iranien","9":"tag-actualites","10":"tag-allemagne","11":"tag-anadolu-ajansi","12":"tag-bundesrepublik-deutschland","13":"tag-de","14":"tag-deutschland","15":"tag-eu","16":"tag-europe","17":"tag-germany","18":"tag-news","19":"tag-republique-federale-dallemagne","20":"tag-snapback"},"share_on_mastodon":{"url":"https:\/\/pubeurope.com\/@fr\/115122859209789824","error":""},"_links":{"self":[{"href":"https:\/\/www.europesays.com\/fr\/wp-json\/wp\/v2\/posts\/356245","targetHints":{"allow":["GET"]}}],"collection":[{"href":"https:\/\/www.europesays.com\/fr\/wp-json\/wp\/v2\/posts"}],"about":[{"href":"https:\/\/www.europesays.com\/fr\/wp-json\/wp\/v2\/types\/post"}],"author":[{"embeddable":true,"href":"https:\/\/www.europesays.com\/fr\/wp-json\/wp\/v2\/users\/2"}],"replies":[{"embeddable":true,"href":"https:\/\/www.europesays.com\/fr\/wp-json\/wp\/v2\/comments?post=356245"}],"version-history":[{"count":0,"href":"https:\/\/www.europesays.com\/fr\/wp-json\/wp\/v2\/posts\/356245\/revisions"}],"wp:featuredmedia":[{"embeddable":true,"href":"https:\/\/www.europesays.com\/fr\/wp-json\/wp\/v2\/media\/356246"}],"wp:attachment":[{"href":"https:\/\/www.europesays.com\/fr\/wp-json\/wp\/v2\/media?parent=356245"}],"wp:term":[{"taxonomy":"category","embeddable":true,"href":"https:\/\/www.europesays.com\/fr\/wp-json\/wp\/v2\/categories?post=356245"},{"taxonomy":"post_tag","embeddable":true,"href":"https:\/\/www.europesays.com\/fr\/wp-json\/wp\/v2\/tags?post=356245"}],"curies":[{"name":"wp","href":"https:\/\/api.w.org\/{rel}","templated":true}]}}