{"id":356251,"date":"2025-08-31T10:18:14","date_gmt":"2025-08-31T10:18:14","guid":{"rendered":"https:\/\/www.europesays.com\/fr\/356251\/"},"modified":"2025-08-31T10:18:14","modified_gmt":"2025-08-31T10:18:14","slug":"les-coulisses-glauques-de-laffaire-jean-imbert","status":"publish","type":"post","link":"https:\/\/www.europesays.com\/fr\/356251\/","title":{"rendered":"Les coulisses glauques de l\u2019affaire Jean Imbert"},"content":{"rendered":"<p><strong>EXCLUSIF<\/strong> &#8211; Vis\u00e9 par une plainte tardive pour violences conjugales, le chef m\u00e9diatique pr\u00e9pare sa d\u00e9fense. Le Figaro a eu acc\u00e8s \u00e0 des \u00e9l\u00e9ments qui mettent en exergue la complexit\u00e9 du dossier.<\/p>\n<p class=\"fig-paragraph\">L\u2019amour au temps des r\u00e9seaux sociaux\u00a0? Tout le monde se donne en spectacle et, si la flamme s\u2019\u00e9teint, en p\u00e2ture.\u00a0<a href=\"https:\/\/www.lefigaro.fr\/faits-divers\/dossier\/le-chef-jean-imbert-accuse-de-violences-conjugales-ce-qu-il-faut-savoir-sur-les-temoignages-de-ses-ex-compagnes\" target=\"_blank\" data-fig-type=\"Topic\" rel=\"sponsored noopener\" data-gtm-custom-categorie=\"navigation\" data-gtm-custom-action=\"crossclick\" data-gtm-custom-label=\"Contextuel\" data-gtm-event=\"customEventSPE\" data-fig-domain=\"LEFIGARO\">La plainte qui vise depuis peu le cuisinier Jean Imbert,\u00a0<\/a>amplifi\u00e9e par une avalanche de \u00abposts\u00bb en tout genre, est de celles qui posent de multiples questions sur les violences faites aux femmes, le voyeurisme, la pr\u00e9somption d\u2019innocence et la marge de man\u0153uvre de l\u2019institution judiciaire confront\u00e9e \u00e0 des faits anciens.<\/p>\n<p class=\"fig-paragraph\">L\u2019une de ses anciennes compagnes,\u00a0<a href=\"http:\/\/madame.lefigaro.fr\/celebrites\/actu-people\/qui-est-lila-salet-l-ex-actrice-de-33-ans-qui-porte-plainte-contre-jean-imbert-20250825\" data-fig-type=\"Article\" data-gtm-custom-categorie=\"navigation\" data-gtm-custom-action=\"crossclick\" data-gtm-custom-label=\"Contextuel\" data-gtm-event=\"customEventSPE\" data-fig-domain=\"MADAME\" target=\"_blank\" rel=\"noopener\">Lila Salet<\/a>, l\u2019accuse de violences\u00a0et d\u2019une br\u00e8ve s\u00e9questration lors d\u2019un s\u00e9jour \u00e0 Florence. Trois autres femmes, dont une ex-Miss France, font \u00e9tat de comportements qui, s\u2019ils \u00e9taient \u00e9tablis, rel\u00e8veraient clairement de la correctionnelle. La reine de beaut\u00e9\u00a0<a href=\"http:\/\/madame.lefigaro.fr\/cuisine\/actu-cuisine\/c-etait-lent-insidieux-l-emprise-alexandra-rosenfeld-revele-etre-l-une-des-victimes-de-jean-imbert-20250819\" data-fig-type=\"Article\" data-gtm-custom-categorie=\"navigation\" data-gtm-custom-action=\"crossclick\" data-gtm-custom-label=\"Contextuel\" data-gtm-event=\"customEventSPE\" data-fig-domain=\"MADAME\" target=\"_blank\" rel=\"noopener\">Alexandra Rosenfeld<\/a>\u00a0affirme notamment que le chef m\u00e9diatique lui a cass\u00e9 le nez d\u2019un coup de t\u00eate.<\/p>\n<p>Une longue liste de griefs<\/p>\n<p class=\"fig-paragraph\">Tout commence en avril par la publication d\u2019un article dans ELLE. Au terme d\u2019une longue enqu\u00eate, deux journalistes accumulent les t\u00e9moignages \u00e0 charge contre Jean Imbert\u2026<\/p>\n<p class=\"fig-premium-paywall__infos\">\n        Cet article est r\u00e9serv\u00e9 aux abonn\u00e9s.        Il vous reste 88% \u00e0 d\u00e9couvrir.\n    <\/p>\n<p>                <img  data- alt=\"Le Figaro\" class=\"fig-img--complete fig-img\"\/><\/p>\n<p class=\"fig-premium-paywall__title\">Vente Flash<\/p>\n<p class=\"fig-premium-paywall__subtitle\">4,99\u20ac par mois pendant 12 mois. Sans engagement<\/p>\n<p class=\"fig-premium-paywall__connect\">\n                D\u00e9j\u00e0 abonn\u00e9\u00a0?                <a class=\"fig-premium-paywall__connect-link\" href=\"https:\/\/connect.lefigaro.fr\/login?client=horizon_web&amp;type=main&amp;redirect_uri=https%3A%2F%2Fwww.lefigaro.fr%2Factualite-france%2Fles-coulisses-glauques-de-l-affaire-jean-imbert-20250831\" data-js-gtm=\"{&quot;customCategorie&quot;: &quot;conversion&quot;, &quot;customAction&quot;: &quot;before_Landing_Connexion_paywall_auto&quot;, &quot;customLabel&quot;: &quot;bGVmaWdhcm8uZnJfXzFmMDg0Yzk1LTY3NjItNmY1MC1hNTQ1LTQ5N2ZhZTNmNjBkNl9fQXJ0aWNsZQ==_Les coulisses glauques de l\u2019affaire Jean Imbert_170&quot;, &quot;customIDSPE&quot;: &quot;bGVmaWdhcm8uZnJfXzFmMDg0Yzk1LTY3NjItNmY1MC1hNTQ1LTQ5N2ZhZTNmNjBkNl9fQXJ0aWNsZQ==&quot;, &quot;event&quot;: &quot;customEventSPE&quot;}\" target=\"_blank\" rel=\"noopener\"><br \/>\n                    Connectez-vous<br \/>\n                <\/a>\n            <\/p>\n","protected":false},"excerpt":{"rendered":"EXCLUSIF &#8211; Vis\u00e9 par une plainte tardive pour violences conjugales, le chef m\u00e9diatique pr\u00e9pare sa d\u00e9fense. Le Figaro&hellip;\n","protected":false},"author":2,"featured_media":356252,"comment_status":"","ping_status":"","sticky":false,"template":"","format":"standard","meta":{"footnotes":""},"categories":[2],"tags":[11,1011,27,13518,12,2634,25,798],"class_list":{"0":"post-356251","1":"post","2":"type-post","3":"status-publish","4":"format-standard","5":"has-post-thumbnail","7":"category-actualites","8":"tag-actualites","9":"tag-fr","10":"tag-france","11":"tag-jean-imbert","12":"tag-news","13":"tag-plainte","14":"tag-republique-francaise","15":"tag-violences-conjugales"},"share_on_mastodon":{"url":"https:\/\/pubeurope.com\/@fr\/115122871021872686","error":""},"_links":{"self":[{"href":"https:\/\/www.europesays.com\/fr\/wp-json\/wp\/v2\/posts\/356251","targetHints":{"allow":["GET"]}}],"collection":[{"href":"https:\/\/www.europesays.com\/fr\/wp-json\/wp\/v2\/posts"}],"about":[{"href":"https:\/\/www.europesays.com\/fr\/wp-json\/wp\/v2\/types\/post"}],"author":[{"embeddable":true,"href":"https:\/\/www.europesays.com\/fr\/wp-json\/wp\/v2\/users\/2"}],"replies":[{"embeddable":true,"href":"https:\/\/www.europesays.com\/fr\/wp-json\/wp\/v2\/comments?post=356251"}],"version-history":[{"count":0,"href":"https:\/\/www.europesays.com\/fr\/wp-json\/wp\/v2\/posts\/356251\/revisions"}],"wp:featuredmedia":[{"embeddable":true,"href":"https:\/\/www.europesays.com\/fr\/wp-json\/wp\/v2\/media\/356252"}],"wp:attachment":[{"href":"https:\/\/www.europesays.com\/fr\/wp-json\/wp\/v2\/media?parent=356251"}],"wp:term":[{"taxonomy":"category","embeddable":true,"href":"https:\/\/www.europesays.com\/fr\/wp-json\/wp\/v2\/categories?post=356251"},{"taxonomy":"post_tag","embeddable":true,"href":"https:\/\/www.europesays.com\/fr\/wp-json\/wp\/v2\/tags?post=356251"}],"curies":[{"name":"wp","href":"https:\/\/api.w.org\/{rel}","templated":true}]}}