{"id":356255,"date":"2025-08-31T10:20:17","date_gmt":"2025-08-31T10:20:17","guid":{"rendered":"https:\/\/www.europesays.com\/fr\/356255\/"},"modified":"2025-08-31T10:20:17","modified_gmt":"2025-08-31T10:20:17","slug":"la-ou-la-justice-sociale-nest-pas-au-rendez-vous-cest-la-loi-de-la-jungle-assure-jerome-guedj","status":"publish","type":"post","link":"https:\/\/www.europesays.com\/fr\/356255\/","title":{"rendered":"\u00abL\u00e0 o\u00f9 la justice sociale n&rsquo;est pas au rendez-vous, c&rsquo;est la loi de la jungle\u00bb, assure J\u00e9r\u00f4me Guedj"},"content":{"rendered":"<p class=\"intro \">Le narcotrafic progresse en France, remettant en cause l\u2019autorit\u00e9 de l\u2019\u00c9tat. Entre distributions de fournitures scolaires par des dealers et tensions dans les prisons, J\u00e9r\u00f4me Guedj insiste, sur le plateau du \u00ab\u00a0Grand Rendez-vous\u00a0\u00bb sur l\u2019importance de renforcer la justice sociale et le service public pour pr\u00e9server l\u2019ordre r\u00e9publicain.<\/p>\n<p>Le narcotrafic gagne du terrain en France. L\u2019instabilit\u00e9 croissante, visible dans le refus de certaines personnes d\u2019obtemp\u00e9rer \u00e0 l\u2019autorit\u00e9 et dans le comportement des narcotrafiquants en prison <a href=\"https:\/\/www.europe1.fr\/faits-divers\/nouvelles-tensions-a-la-prison-de-vendin-le-vieil-les-narcotrafiquants-multiplient-les-incidents-770777\" rel=\"nofollow noopener\" target=\"_blank\">notamment de Vendin-le-Vieil<\/a>, soul\u00e8ve des inqui\u00e9tudes quant \u00e0 la capacit\u00e9 de l\u2019\u00c9tat \u00e0 maintenir l\u2019ordre.<\/p>\n<p>    La suite apr\u00e8s cette publicit\u00e9<\/p>\n<p>    La suite apr\u00e8s cette publicit\u00e9<\/p>\n<p>Les dealers de drogue tentent m\u00eame d\u2019acheter la paix sociale en offrant des fournitures scolaires, comme \u00e0 Orange dans le Vaucluse, mettant en lumi\u00e8re les lacunes de la justice sociale.<\/p>\n<p>Invit\u00e9 du <a href=\"https:\/\/www.europe1.fr\/emissions\/Le-grand-rendez-vous\" rel=\"nofollow noopener\" target=\"_blank\">Grand Rendez-vous<\/a> Europe 1, CNews et Les \u00c9chos, le d\u00e9put\u00e9 de l\u2019Essonne, J\u00e9r\u00f4me Guedj, souligne l\u2019importance de la justice sociale et de l\u2019ordre r\u00e9publicain pour maintenir \u00ab\u00a0une harmonie nationale\u00a0\u00bb.<\/p>\n<p>    La suite apr\u00e8s cette publicit\u00e9<\/p>\n<p>    La suite apr\u00e8s cette publicit\u00e9<\/p>\n<p><strong>Investir dans la justice<\/strong><\/p>\n<p>\u00ab\u00a0L\u00e0 o\u00f9 la justice sociale fait d\u00e9faut, c\u2019est la loi de la jungle et le chacun pour soi. La loi de la jungle, c\u2019est celui qui poss\u00e8de une arme ou de l\u2019argent issu du narcotrafic et qui se substitue \u00e0 l\u2019acteur l\u00e9gitime de l\u2019organisation de la soci\u00e9t\u00e9\u00a0\u00bb, d\u00e9taille le d\u00e9put\u00e9.<\/p>\n<p>Cependant, <a href=\"https:\/\/www.europe1.fr\/politique\/retraites-les-socialistes-deposent-une-motion-de-censure-pour-etre-coherents-insiste-jerome-761076\" rel=\"nofollow noopener\" target=\"_blank\">J\u00e9r\u00f4me Guedj<\/a>\u00a0souligne des d\u00e9faillances du syst\u00e8me judiciaire, tant au niveau p\u00e9nal que civil, alimentant l\u2019ins\u00e9curit\u00e9 et l\u2019injustice. Il est essentiel d\u2019investir dans le service public de la justice pour assurer le respect de l\u2019ordre r\u00e9publicain et garantir le bon fonctionnement des institutions.<\/p>\n","protected":false},"excerpt":{"rendered":"Le narcotrafic progresse en France, remettant en cause l\u2019autorit\u00e9 de l\u2019\u00c9tat. Entre distributions de fournitures scolaires par des&hellip;\n","protected":false},"author":2,"featured_media":356256,"comment_status":"","ping_status":"","sticky":false,"template":"","format":"standard","meta":{"footnotes":""},"categories":[4],"tags":[11,1011,27,12,25],"class_list":{"0":"post-356255","1":"post","2":"type-post","3":"status-publish","4":"format-standard","5":"has-post-thumbnail","7":"category-france","8":"tag-actualites","9":"tag-fr","10":"tag-france","11":"tag-news","12":"tag-republique-francaise"},"share_on_mastodon":{"url":"https:\/\/pubeurope.com\/@fr\/115122878832217982","error":""},"_links":{"self":[{"href":"https:\/\/www.europesays.com\/fr\/wp-json\/wp\/v2\/posts\/356255","targetHints":{"allow":["GET"]}}],"collection":[{"href":"https:\/\/www.europesays.com\/fr\/wp-json\/wp\/v2\/posts"}],"about":[{"href":"https:\/\/www.europesays.com\/fr\/wp-json\/wp\/v2\/types\/post"}],"author":[{"embeddable":true,"href":"https:\/\/www.europesays.com\/fr\/wp-json\/wp\/v2\/users\/2"}],"replies":[{"embeddable":true,"href":"https:\/\/www.europesays.com\/fr\/wp-json\/wp\/v2\/comments?post=356255"}],"version-history":[{"count":0,"href":"https:\/\/www.europesays.com\/fr\/wp-json\/wp\/v2\/posts\/356255\/revisions"}],"wp:featuredmedia":[{"embeddable":true,"href":"https:\/\/www.europesays.com\/fr\/wp-json\/wp\/v2\/media\/356256"}],"wp:attachment":[{"href":"https:\/\/www.europesays.com\/fr\/wp-json\/wp\/v2\/media?parent=356255"}],"wp:term":[{"taxonomy":"category","embeddable":true,"href":"https:\/\/www.europesays.com\/fr\/wp-json\/wp\/v2\/categories?post=356255"},{"taxonomy":"post_tag","embeddable":true,"href":"https:\/\/www.europesays.com\/fr\/wp-json\/wp\/v2\/tags?post=356255"}],"curies":[{"name":"wp","href":"https:\/\/api.w.org\/{rel}","templated":true}]}}