{"id":356257,"date":"2025-08-31T10:21:15","date_gmt":"2025-08-31T10:21:15","guid":{"rendered":"https:\/\/www.europesays.com\/fr\/356257\/"},"modified":"2025-08-31T10:21:15","modified_gmt":"2025-08-31T10:21:15","slug":"ugo-coussaud-11e-thriston-lawrence-toujours-en-tete-de-lomega-european-masters-lequipe","status":"publish","type":"post","link":"https:\/\/www.europesays.com\/fr\/356257\/","title":{"rendered":"Ugo Coussaud 11e, Thriston Lawrence toujours en t\u00eate de l&#039;Omega European Masters &#8211; L&#039;\u00c9quipe"},"content":{"rendered":"<ol>\n<li><a href=\"https:\/\/news.google.com\/rss\/articles\/CBMixAFBVV95cUxNV1lmYm0zQlIxMFY5anRqWFZHY1Y2czd0Qkg5di1PTHVMeUtkSjZrRjVKcWdPamViNjdrVW05MlhaMC1XQkw3OE1oVmgtTmtLaktsWHF5amdEWWZBNEwyaER4bnpKcnJvcHc0T1J1bFBMazNBRW40YnkyRlhMWUlCZzZkck1xM21DNkViZ1ZqNmtfdy1ueFY5OFhvN3lka3Q3OVQzaEV0OFBkMGFIM1RyU3pOU2lwWHZVMTR4MGNsQlpMWFVn?oc=5\" target=\"_blank\" rel=\"nofollow noopener\">Ugo Coussaud 11e, Thriston Lawrence toujours en t\u00eate de l&rsquo;Omega European Masters<\/a>&nbsp;&nbsp;L&rsquo;\u00c9quipe<\/li>\n<li><a href=\"https:\/\/news.google.com\/rss\/articles\/CBMizAFBVV95cUxNc3h1VzhPbWpWdzdvSUV3MEJnMWpndG1QZFNlbnY0YzNkOWtKUEhzSGlodi1ta2hEZUZXZVBpcDJrbVNJSXdZa08xbmROYTNidHZraVdac1JjLXNQZ2F6WE5yZVdVM3A2N3IyeWxUWnBCRmp4V1hEc2lMNWlxX3gwZE90LUFjSldMT0N2UHJJZHlFN0ZYY2VxWlJhSEdYU0xQS2VwbHRPLUxCUE4tUXJfOF8teFhwdjk5Zk1yamkwa3MxRW9LU2tyNmtfODk?oc=5\" target=\"_blank\" rel=\"nofollow noopener\">Omega European Masters : Adrien Saddier dans le dur, Thriston Lawrence leader provisoire<\/a>&nbsp;&nbsp;L&rsquo;\u00c9quipe<\/li>\n<li><a href=\"https:\/\/news.google.com\/rss\/articles\/CBMipwFBVV95cUxQRVZQbzB1NXY5YzNocm1KaWEzVVl0a0g4cktIbkxpUl9IMDk3U3p3RVhDbGt6U1lCVElCLUU3QklfZ0ZmYlozVkx1WnBNM1lzcUd0UWc5blQ3UWhZcXJIZHp6X3ZoS1Z4V3M4UHFyQnlMeGZxSU9SeG5HTkhhRVYtcF8xMk8tLWpuNm5iVDdhbC1zbXlLN08yRU9NUWVnTV9TZmE3NndaQQ?oc=5\" target=\"_blank\" rel=\"nofollow noopener\">Golf professionnel : Les Fran\u00e7ais r\u00e9trogradent en Suisse<\/a>&nbsp;&nbsp;F\u00e9d\u00e9ration Fran\u00e7aise de Golf<\/li>\n<li><a href=\"https:\/\/news.google.com\/rss\/articles\/CBMikAJBVV95cUxQcENKMkpVWTR1OTRoOUNWZjVDdUwybUdNZ0RJZlRmNktrcU0tYXBkVTgyYnBFeGhvc0djbXZaanRRNFlDRkJtN3hOMjNESm81N3EzQVpuNXMwYkdRMzV2OXRtaGZ6NFdGUGRia1ViZnZqcWNYNTU5NzlNUTZiSG5HSXVSUEh0WF9GcmVGWnJTS05WaXVQZDNuLUhaOU5WaVplS1BVTTJVS2VNa1hxai1IMGgwUEJfbG81TTg1NzRkR2Fzb1Z0dm9lOFFfMndqUUVaLTBJdFh5anR1ck1oY251cnVNVllhc1dBdXktNWRKSm1Wa2xPQnF1SlF6WlEydXdyRzYtdjVkbEM1NDdXT1RGbg?oc=5\" target=\"_blank\" rel=\"nofollow noopener\">Golf. European Masters: le 3e tour se termine ce matin, le 4e reprend \u00e0 10 h, pas facile \u00e0 suivre<\/a>&nbsp;&nbsp;Ouest-France<\/li>\n<li><a href=\"https:\/\/news.google.com\/rss\/articles\/CBMirAFBVV95cUxQMjFOai1pQkRvWWJCU3pwbVFuWUFDNDc3a1ZPX0lqaWI4NG93V25xX3NwdGhWZDh3WEt6Y0FHb0cwdDVRRXVzWjdvOHY4dzY3bU93LWtGRmpWcHM4V0NyTmpCb3oxMVRGem13SGpqNUxVS1VEeUlFSm9ESUdFM213aVFQUDMzaTdKdHpTX2xzWU5hQ2FOSGp1OUI4ZmhsdWNDMThPV3NURlV6eXVx?oc=5\" target=\"_blank\" rel=\"nofollow noopener\">Matt Wallace se rapproche de Thriston Lawrence avant le dernier tour<\/a>&nbsp;&nbsp;Golf Plan\u00e8te<\/li>\n<\/ol>\n","protected":false},"excerpt":{"rendered":"Ugo Coussaud 11e, Thriston Lawrence toujours en t\u00eate de l&rsquo;Omega European Masters&nbsp;&nbsp;L&rsquo;\u00c9quipe Omega European Masters : Adrien Saddier&hellip;\n","protected":false},"author":2,"featured_media":356258,"comment_status":"","ping_status":"","sticky":false,"template":"","format":"standard","meta":{"footnotes":""},"categories":[1418],"tags":[1011,27,1472,60],"class_list":{"0":"post-356257","1":"post","2":"type-post","3":"status-publish","4":"format-standard","5":"has-post-thumbnail","7":"category-golf","8":"tag-fr","9":"tag-france","10":"tag-golf","11":"tag-sports"},"share_on_mastodon":{"url":"https:\/\/pubeurope.com\/@fr\/115122882655432302","error":""},"_links":{"self":[{"href":"https:\/\/www.europesays.com\/fr\/wp-json\/wp\/v2\/posts\/356257","targetHints":{"allow":["GET"]}}],"collection":[{"href":"https:\/\/www.europesays.com\/fr\/wp-json\/wp\/v2\/posts"}],"about":[{"href":"https:\/\/www.europesays.com\/fr\/wp-json\/wp\/v2\/types\/post"}],"author":[{"embeddable":true,"href":"https:\/\/www.europesays.com\/fr\/wp-json\/wp\/v2\/users\/2"}],"replies":[{"embeddable":true,"href":"https:\/\/www.europesays.com\/fr\/wp-json\/wp\/v2\/comments?post=356257"}],"version-history":[{"count":0,"href":"https:\/\/www.europesays.com\/fr\/wp-json\/wp\/v2\/posts\/356257\/revisions"}],"wp:featuredmedia":[{"embeddable":true,"href":"https:\/\/www.europesays.com\/fr\/wp-json\/wp\/v2\/media\/356258"}],"wp:attachment":[{"href":"https:\/\/www.europesays.com\/fr\/wp-json\/wp\/v2\/media?parent=356257"}],"wp:term":[{"taxonomy":"category","embeddable":true,"href":"https:\/\/www.europesays.com\/fr\/wp-json\/wp\/v2\/categories?post=356257"},{"taxonomy":"post_tag","embeddable":true,"href":"https:\/\/www.europesays.com\/fr\/wp-json\/wp\/v2\/tags?post=356257"}],"curies":[{"name":"wp","href":"https:\/\/api.w.org\/{rel}","templated":true}]}}