{"id":356259,"date":"2025-08-31T10:23:43","date_gmt":"2025-08-31T10:23:43","guid":{"rendered":"https:\/\/www.europesays.com\/fr\/356259\/"},"modified":"2025-08-31T10:23:43","modified_gmt":"2025-08-31T10:23:43","slug":"kochhann-la-bresilienne-qui-court-plus-vite-depuis-quelle-a-vaincu-le-cancer-20-minutes","status":"publish","type":"post","link":"https:\/\/www.europesays.com\/fr\/356259\/","title":{"rendered":"Kochhann, la Br\u00e9silienne qui court plus vite depuis qu\u2019elle a vaincu le cancer &#8211; 20 Minutes"},"content":{"rendered":"<ol>\n<li><a href=\"https:\/\/news.google.com\/rss\/articles\/CBMi_gFBVV95cUxQb2tMc2NHQ3lOSVNhekQ5TWNtYUxzOWFybmZ5UHRnQy1HZnZwd0RuNkJ1ZjJ2bkxiT0pNV2ZpZTlxNXBVN0VGc3RYNzVOTmtMeEN4eGJXTDZ1Wmw2Q2FYSFcyU1dqQmh2TjFWdmhnSllES1ZHOGVfdzE3RGlOWkFqRXVpTVZmblg4am5ReFNWRmU3ZGhEZGd3WWQ4ZUFkeFdQZTVFZUR2MXh2QmVqTWRTNk8wMGhqcG90bGlVdzZKSjFxVDlCaXV3ZUxwR3NGMUplN3dtc2tPd1VjMG50bWR0REhRM0t6Y0Zmam4wOGxiUlRFQ0hUd0NUYmhUYnZqZw?oc=5\" target=\"_blank\" rel=\"nofollow noopener\">Kochhann, la Br\u00e9silienne qui court plus vite depuis qu\u2019elle a vaincu le cancer<\/a>&nbsp;&nbsp;20 Minutes<\/li>\n<li><a href=\"https:\/\/news.google.com\/rss\/articles\/CBMikgJBVV95cUxPZUZpeGRkcmJWckdTMGNmZmVsQ0tFbmR3T3pZTlVkWWszSW9GVTF6RmNNMk4tNHk5Z1gzRG9xVmNxbjRwWjhZdGw5cDFDa2xNenJCYm5CZHUySF9sWk5CQ2RBWFZzalFCMFFueHZ4Slo4dXBvTGYtZE9sQ2ttbzB2YUxBLXFqeHh1d1FOQTFLdlhzcXRtSS1kZ3dyMDJ2a3YyNGJEQUc0MjZOMUdiZG1qVllqbFBFVHMySFdKRkhIa3pwZkl2em54YUlrT1EwcW9mc19fZlJ3b0hQbG02TVhPUFhRR1JiRXFIU1oxXzYxS1NpMHVaYjU4aXBRNlVuazY4azJQVEpkNjBUOW1hTGFWa1d3?oc=5\" target=\"_blank\" rel=\"nofollow noopener\">\u00ab Je cours plus vite sans mes seins \u00bb : l\u2019incroyable le\u00e7on de vie de la rugbywoman br\u00e9silienne Raquel Kochhann<\/a>&nbsp;&nbsp;Le Parisien<\/li>\n<li><a href=\"https:\/\/news.google.com\/rss\/articles\/CBMi8gFBVV95cUxPTUdCdlM4V2pxZEdEUE9meXFldHFzYUVMMDZBQnhCZm0zWi1yUDdmN1pjSWFHWGwwNmxBbzh6VUQ2YlJpV1NRVDRqODdRWG9YSS1BTkk3T242X2RRc2VvUUlnS0o2aHdHYUl1cmlvcllnRnVCQVVqaS1RQ0xUbkRFT1ZPZHFyQWRFc05uVXVVSzRPMGZmTC11RmpkUGFSTWxwODdqRjd2RlAxQXlPQnJCV29fSVZZRnY0dWpsOW41eU1OUmt3bTFyTHZaX1VlZGZZUGxmOG5Pa0x1YnMxMEhVVl9IWUw4aWFOUmdmM19zajBtQQ?oc=5\" target=\"_blank\" rel=\"nofollow noopener\">\u00ab On veut devenir un sport normal \u00bb : faire aimer le rugby au Br\u00e9sil, l&rsquo;autre d\u00e9fi des Yaras malgr\u00e9 des moyens limit\u00e9s<\/a>&nbsp;&nbsp;L&rsquo;\u00c9quipe<\/li>\n<li><a href=\"https:\/\/news.google.com\/rss\/articles\/CBMiwgFBVV95cUxQaVFaT0syVWRQaVZ3SVJjMmhibTVKVU1ta3BfeHA3c1VnUHl2b2JhTmhuRUFFWTlmZ05lOGZ3R0l2TFBpdDZjel9NaDBuZlV5VktCdDBNSDlxTkhDam5MWlhBTVAzd1RVZHJuQUU2Mm04REYxQU56SjdTT3BUNGpvaHNXdHFUdDlsc3B1OGxqVmVueUkzbVJBTWhvQUY0cG1YWXc0YlQtenV3b2JWOG4zUUhOTTR3NWE3MHBwWkJUMGNMdw?oc=5\" target=\"_blank\" rel=\"nofollow noopener\">Coupe du monde f\u00e9minine &#8211; Les Boks r\u00eavent d\u2019un passage en force face \u00e0 l\u2019Italie<\/a>&nbsp;&nbsp;Rugbyrama<\/li>\n<li><a href=\"https:\/\/news.google.com\/rss\/articles\/CBMijgFBVV95cUxPYWxOXzVJdU5ocDl4SEI1RzJzZ2lzOTJQbjJMUWtKa3BORWt1LVNiM0w3NXVfZHhLbzBUZnBCUWtOYnhNWUZTVEJoMDlIazdtUGJtc2lzUmY1SlRXcHp2OWtsaVA5MXlnSlpkV0RhSmptNEt0b0JWbjJWVFJHZ2RIdlF5blJmMFFqa0hiYU93?oc=5\" target=\"_blank\" rel=\"nofollow noopener\">Italie \u2013 Afrique du Sud, toutes les informations<\/a>&nbsp;&nbsp;Women&rsquo;s Rugby World Cup 2025<\/li>\n<\/ol>\n","protected":false},"excerpt":{"rendered":"Kochhann, la Br\u00e9silienne qui court plus vite depuis qu\u2019elle a vaincu le cancer&nbsp;&nbsp;20 Minutes \u00ab Je cours plus&hellip;\n","protected":false},"author":2,"featured_media":1445,"comment_status":"","ping_status":"","sticky":false,"template":"","format":"standard","meta":{"footnotes":""},"categories":[1416],"tags":[1011,27,479,1468,60],"class_list":{"0":"post-356259","1":"post","2":"type-post","3":"status-publish","4":"format-standard","5":"has-post-thumbnail","7":"category-rugby","8":"tag-fr","9":"tag-france","10":"tag-rugby","11":"tag-rugby-football","12":"tag-sports"},"share_on_mastodon":{"url":"https:\/\/pubeurope.com\/@fr\/115122890571146809","error":""},"_links":{"self":[{"href":"https:\/\/www.europesays.com\/fr\/wp-json\/wp\/v2\/posts\/356259","targetHints":{"allow":["GET"]}}],"collection":[{"href":"https:\/\/www.europesays.com\/fr\/wp-json\/wp\/v2\/posts"}],"about":[{"href":"https:\/\/www.europesays.com\/fr\/wp-json\/wp\/v2\/types\/post"}],"author":[{"embeddable":true,"href":"https:\/\/www.europesays.com\/fr\/wp-json\/wp\/v2\/users\/2"}],"replies":[{"embeddable":true,"href":"https:\/\/www.europesays.com\/fr\/wp-json\/wp\/v2\/comments?post=356259"}],"version-history":[{"count":0,"href":"https:\/\/www.europesays.com\/fr\/wp-json\/wp\/v2\/posts\/356259\/revisions"}],"wp:featuredmedia":[{"embeddable":true,"href":"https:\/\/www.europesays.com\/fr\/wp-json\/wp\/v2\/media\/1445"}],"wp:attachment":[{"href":"https:\/\/www.europesays.com\/fr\/wp-json\/wp\/v2\/media?parent=356259"}],"wp:term":[{"taxonomy":"category","embeddable":true,"href":"https:\/\/www.europesays.com\/fr\/wp-json\/wp\/v2\/categories?post=356259"},{"taxonomy":"post_tag","embeddable":true,"href":"https:\/\/www.europesays.com\/fr\/wp-json\/wp\/v2\/tags?post=356259"}],"curies":[{"name":"wp","href":"https:\/\/api.w.org\/{rel}","templated":true}]}}