{"id":356266,"date":"2025-08-31T10:28:14","date_gmt":"2025-08-31T10:28:14","guid":{"rendered":"https:\/\/www.europesays.com\/fr\/356266\/"},"modified":"2025-08-31T10:28:14","modified_gmt":"2025-08-31T10:28:14","slug":"cyclisme-route-un-autre-fidele-coureur-dineos-grenadiers-annonce-sa-retraite","status":"publish","type":"post","link":"https:\/\/www.europesays.com\/fr\/356266\/","title":{"rendered":"Cyclisme. Route &#8211; Un autre fid\u00e8le coureur d&rsquo;INEOS Grenadiers annonce sa retraite !"},"content":{"rendered":"<p>Une grande page va d\u00e9finitivement se tourner chez <strong><a href=\"https:\/\/www.cyclismactu.net\/..\/news-transfert-route-dorian-godon-rejoint-ineos-le-debut-d-un-nouveau-chapitre-89795.html\" target=\"_blank\" rel=\"nofollow noopener\">INEOS Grenadiers<\/a><\/strong> \u00e0 la fin de la saison&#8230; La formation britannique s&rsquo;appr\u00eate \u00e0 vivre un gros renouvellement au sein de son effectif, car apr\u00e8s les d\u00e9parts \u00e0 la retraite d&rsquo;<strong><a href=\"https:\/\/www.cyclismactu.net\/..\/news-route-omar-fraile-va-prendre-sa-retraite-apres-12-ans-dans-peloton-87159.html\" target=\"_blank\" rel=\"nofollow noopener\">Omar Fraile<\/a><\/strong>,\u00a0<strong>Jonathan Castroviejo<\/strong>\u00a0et surtout de l&rsquo;historique <strong><a href=\"https:\/\/www.cyclismactu.net\/..\/news-route-geraint-thomas-un-nouveau-role-dans-pelotons-en-2026-89541.html\" target=\"_blank\" rel=\"nofollow noopener\">Geraint Thomas<\/a><\/strong>, c&rsquo;est au tour d&rsquo;un autre fid\u00e8le coureur de la stucture d&rsquo;annoncer la fin de sa carri\u00e8re : <strong>Salvatore Puccio<\/strong> ! Pass\u00e9 professionnel en 2012 avec la <strong>Sky<\/strong>, le Sicilien de 36 ans aura pass\u00e9 toute sa vie de coureur dans la m\u00eame \u00e9quipe, soit 14 ans de loyaut\u00e9 en tant qu&rsquo;\u00e9quipier mod\u00e8le. S&rsquo;il ne compte aucune victoire \u00e0 son palmar\u00e8s, il a particip\u00e9 aux nombreuses campagnes victorieuses de l&rsquo;\u00e8re de domination britannique, notamment sur son\u00a0<strong>Giro d&rsquo;Italia<\/strong> (10 participations) et <strong>La Vuelta<\/strong> (7), m\u00eame s&rsquo;il n&rsquo;a jamais couru le <strong>Tour de France<\/strong>. Il a port\u00e9 le maillot Rose pour son tout premier Grand Tour sur le <strong>Giro 2013<\/strong> apr\u00e8s avoir remport\u00e9 le chrono par \u00e9quipes inaugiral avec la Sky, son principal fait d&rsquo;arme et souvenir durant ces 14 ans de bons et loyaux services.<\/p>\n<p>Vid\u00e9o &#8211; Salvatore Puccio va arr\u00eater en m\u00eame temps que Geraint Thomas Lire la suite de l&rsquo;article&#13;<\/p>\n<p>\u00a0<\/p>\n<p>&#13;<br \/>\nLe message de Salvatore Puccio pour annoncer sa retraite :&#13;<\/p>\n<p>Celui qui participera \u00e0 la <strong>Bretagne Classic<\/strong> ce dimanche pour entamer la derni\u00e8re ligne droite de sa carri\u00e8re avec <strong>INEOS Grenadiers<\/strong> a \u00e9crit un message d&rsquo;au revoir sur son Instagram. \u00ab\u00a0Apr\u00e8s 14 saisons en tant que professionnel \u2013 toutes avec INEOS Grenadiers \u2013 je veux partager que cette ann\u00e9e sera ma derni\u00e8re saison dans le peloton. Le cyclisme m&rsquo;a tellement donn\u00e9 : une carri\u00e8re incroyable, des exp\u00e9riences que je n&rsquo;oublierai jamais et des amiti\u00e9s qui dureront toute une vie. Parmi les moments que je ch\u00e9rirai toujours figurent mes 10 apparitions au Giro d&rsquo;Italia, la fiert\u00e9 de porter le maglia rosa et de faire partie des plus grands succ\u00e8s de notre \u00e9quipe. Il y a encore des courses passionnantes \u00e0 venir et mon objectif reste de terminer cette saison comme nous avons toujours couru &#8211; avec engagement et passion. \u00c0 ma famille, mes amis, mes co\u00e9quipiers et tous ceux qui m&rsquo;ont soutenu dans cette aventure : Merci. Rien de tout cela n&rsquo;aurait \u00e9t\u00e9 possible sans votre incroyable soutien.\u00a0\u00bb<\/p>\n","protected":false},"excerpt":{"rendered":"Une grande page va d\u00e9finitivement se tourner chez INEOS Grenadiers \u00e0 la fin de la saison&#8230; La formation&hellip;\n","protected":false},"author":2,"featured_media":356267,"comment_status":"","ping_status":"","sticky":false,"template":"","format":"standard","meta":{"footnotes":""},"categories":[1411],"tags":[1154,207,211,1011,27,209,60,210,212,208,213],"class_list":{"0":"post-356266","1":"post","2":"type-post","3":"status-publish","4":"format-standard","5":"has-post-thumbnail","7":"category-cyclisme","8":"tag-cycling","9":"tag-cyclisme","10":"tag-ffc","11":"tag-fr","12":"tag-france","13":"tag-route","14":"tag-sports","15":"tag-tour-de-france","16":"tag-uci","17":"tag-velo","18":"tag-world-tour"},"share_on_mastodon":{"url":"https:\/\/pubeurope.com\/@fr\/115122910291492073","error":""},"_links":{"self":[{"href":"https:\/\/www.europesays.com\/fr\/wp-json\/wp\/v2\/posts\/356266","targetHints":{"allow":["GET"]}}],"collection":[{"href":"https:\/\/www.europesays.com\/fr\/wp-json\/wp\/v2\/posts"}],"about":[{"href":"https:\/\/www.europesays.com\/fr\/wp-json\/wp\/v2\/types\/post"}],"author":[{"embeddable":true,"href":"https:\/\/www.europesays.com\/fr\/wp-json\/wp\/v2\/users\/2"}],"replies":[{"embeddable":true,"href":"https:\/\/www.europesays.com\/fr\/wp-json\/wp\/v2\/comments?post=356266"}],"version-history":[{"count":0,"href":"https:\/\/www.europesays.com\/fr\/wp-json\/wp\/v2\/posts\/356266\/revisions"}],"wp:featuredmedia":[{"embeddable":true,"href":"https:\/\/www.europesays.com\/fr\/wp-json\/wp\/v2\/media\/356267"}],"wp:attachment":[{"href":"https:\/\/www.europesays.com\/fr\/wp-json\/wp\/v2\/media?parent=356266"}],"wp:term":[{"taxonomy":"category","embeddable":true,"href":"https:\/\/www.europesays.com\/fr\/wp-json\/wp\/v2\/categories?post=356266"},{"taxonomy":"post_tag","embeddable":true,"href":"https:\/\/www.europesays.com\/fr\/wp-json\/wp\/v2\/tags?post=356266"}],"curies":[{"name":"wp","href":"https:\/\/api.w.org\/{rel}","templated":true}]}}