{"id":356268,"date":"2025-08-31T10:29:09","date_gmt":"2025-08-31T10:29:09","guid":{"rendered":"https:\/\/www.europesays.com\/fr\/356268\/"},"modified":"2025-08-31T10:29:09","modified_gmt":"2025-08-31T10:29:09","slug":"la-prise-de-position-de-xabi-alonso-sur-larbitrage","status":"publish","type":"post","link":"https:\/\/www.europesays.com\/fr\/356268\/","title":{"rendered":"la prise de position de Xabi Alonso sur l\u2019arbitrage"},"content":{"rendered":"<p>Samedi soir, <a href=\"https:\/\/www.footmercato.net\/a8348934885991292974-liga-le-real-madrid-enchaine-contre-majorque-et-passe-en-tete\" rel=\"nofollow noopener\" target=\"_blank\">le Real Madrid a valid\u00e9 un troisi\u00e8me succ\u00e8s cons\u00e9cutif<\/a> en championnat en renversant <a href=\"https:\/\/www.footmercato.net\/club\/real-club-deportivo-majorque\/\" rel=\"nofollow noopener\" target=\"_blank\">Majorque<\/a> \u00e0 domicile (2-1), dans un match o\u00f9 l\u2019arbitre a annul\u00e9 trois buts madril\u00e8nes : deux de Kylian Mbapp\u00e9 et un d\u2019Arda G\u00fcler. Interrog\u00e9 \u00e0 ce propos en conf\u00e9rence de presse, l\u2019entra\u00eeneur <a href=\"https:\/\/www.footmercato.net\/entraineur\/xabier-alonso-olano\" rel=\"nofollow noopener\" target=\"_blank\">Xabi Alonso<\/a> a bri\u00e8vement exprim\u00e9 son d\u00e9saccord avec certaines d\u00e9cisions.<\/p>\n<p>            La suite apr\u00e8s cette publicit\u00e9<\/p>\n<p>\u00abLe quatri\u00e8me arbitre a d\u00e9clar\u00e9 qu\u2019il fallait jouer imm\u00e9diatement. C\u2019est l\u2019interpr\u00e9tation de l\u2019arbitre, la mienne \u00e9tait diff\u00e9rente \u00e0 ce moment-l\u00e0. Cela aurait \u00e9t\u00e9 un but important. C\u2019est son interpr\u00e9tation et c\u2019est lui qui d\u00e9cide. Il a pris cette d\u00e9cision\u00bb, a-t-il admis, avant d\u2019\u00e9voquer l\u2019arbitrage vid\u00e9o. \u00abMoi aussi, cela m\u2019a surpris. Ce sont des erreurs qui ne devraient pas arriver. Il faut r\u00e9fl\u00e9chir \u00e0 la surutilisation et \u00e0 l\u2019usage correct. Je ne pense pas qu\u2019il faille r\u00e9-arbitrer toutes les situations, mais quand c\u2019est fait, cela doit l\u2019\u00eatre correctement.\u00bb L\u2019ancien coach du Bayer Leverkusen s\u2019\u00e9tait adress\u00e9 \u00e0 l\u2019arbitre au coup de sifflet final, encore sur la pelouse du Santiago Bernab\u00e9u.<\/p>\n<p>\n    Pub. le 31\/08\/2025 10:32<br \/>\n            &#8211; MAJ le 31\/08\/2025 12:16\n    <\/p>\n","protected":false},"excerpt":{"rendered":"Samedi soir, le Real Madrid a valid\u00e9 un troisi\u00e8me succ\u00e8s cons\u00e9cutif en championnat en renversant Majorque \u00e0 domicile&hellip;\n","protected":false},"author":2,"featured_media":356269,"comment_status":"","ping_status":"","sticky":false,"template":"","format":"standard","meta":{"footnotes":""},"categories":[1410],"tags":[63,1011,27,60],"class_list":{"0":"post-356268","1":"post","2":"type-post","3":"status-publish","4":"format-standard","5":"has-post-thumbnail","7":"category-football","8":"tag-football","9":"tag-fr","10":"tag-france","11":"tag-sports"},"share_on_mastodon":{"url":"https:\/\/pubeurope.com\/@fr\/115122914241426179","error":""},"_links":{"self":[{"href":"https:\/\/www.europesays.com\/fr\/wp-json\/wp\/v2\/posts\/356268","targetHints":{"allow":["GET"]}}],"collection":[{"href":"https:\/\/www.europesays.com\/fr\/wp-json\/wp\/v2\/posts"}],"about":[{"href":"https:\/\/www.europesays.com\/fr\/wp-json\/wp\/v2\/types\/post"}],"author":[{"embeddable":true,"href":"https:\/\/www.europesays.com\/fr\/wp-json\/wp\/v2\/users\/2"}],"replies":[{"embeddable":true,"href":"https:\/\/www.europesays.com\/fr\/wp-json\/wp\/v2\/comments?post=356268"}],"version-history":[{"count":0,"href":"https:\/\/www.europesays.com\/fr\/wp-json\/wp\/v2\/posts\/356268\/revisions"}],"wp:featuredmedia":[{"embeddable":true,"href":"https:\/\/www.europesays.com\/fr\/wp-json\/wp\/v2\/media\/356269"}],"wp:attachment":[{"href":"https:\/\/www.europesays.com\/fr\/wp-json\/wp\/v2\/media?parent=356268"}],"wp:term":[{"taxonomy":"category","embeddable":true,"href":"https:\/\/www.europesays.com\/fr\/wp-json\/wp\/v2\/categories?post=356268"},{"taxonomy":"post_tag","embeddable":true,"href":"https:\/\/www.europesays.com\/fr\/wp-json\/wp\/v2\/tags?post=356268"}],"curies":[{"name":"wp","href":"https:\/\/api.w.org\/{rel}","templated":true}]}}