{"id":356270,"date":"2025-08-31T10:30:12","date_gmt":"2025-08-31T10:30:12","guid":{"rendered":"https:\/\/www.europesays.com\/fr\/356270\/"},"modified":"2025-08-31T10:30:12","modified_gmt":"2025-08-31T10:30:12","slug":"joyeux-mariage-provencal-pour-eric-antoine-et-gennifer-demey","status":"publish","type":"post","link":"https:\/\/www.europesays.com\/fr\/356270\/","title":{"rendered":"joyeux mariage proven\u00e7al pour Eric Antoine et Gennifer Demey"},"content":{"rendered":"<p>Pr\u00e8s de trois ans apr\u00e8s leur coup de foudre amical, Eric Antoine et Gennifer Demey ont officialis\u00e9 leur belle histoire d\u2019amour. Un mariage c\u00e9l\u00e9br\u00e9 samedi dans le sud de la France, devant une Karine Le Marchand conquise.<\/p>\n<p>Un peu plus de cinq mois apr\u00e8s <a href=\"https:\/\/www.parismatch.com\/People\/eric-antoine-amoureux-premiere-sortie-avec-la-miss-meteo-gennifer-demey-248664\" rel=\"nofollow noopener\" target=\"_blank\">leur premi\u00e8re sortie publique<\/a>, Eric Antoine et Gennifer Demey se sont dit \u00ab\u00a0oui\u00a0\u00bb. Le magicien animateur et la miss m\u00e9t\u00e9o de M6 se sont en effet mari\u00e9s en cette fin d\u2019\u00e9t\u00e9, ce 30\u00a0ao\u00fbt, \u00e0 Aix-en-Provence. Des noces dont leur amie et invit\u00e9e Karine Le Marchand a partag\u00e9 quelques extraits sur ses r\u00e9seaux sociaux.<\/p>\n<p>L\u2019animatrice de \u00ab\u00a0L\u2019Amour est dans le pr\u00e9\u00a0\u00bb a d\u2019abord partag\u00e9 une vid\u00e9o de l\u2019\u00e9change des v\u0153ux \u00e0 la mairie sur Instagram. L\u2019occasion de d\u00e9couvrir les tenues des mari\u00e9s\u00a0: costume parme pour Eric Antoine, robe bustier satin\u00e9e au d\u00e9collet\u00e9 crois\u00e9 pour Gennifer Demey. Main dans la main avec sa fianc\u00e9e, ses yeux plong\u00e9s dans les siens, c\u2019est avec un enthousiasme d\u00e9bordant que l\u2019animateur a cri\u00e9 un \u00ab\u00a0Oh oui\u00a0!\u00a0\u00bb de sa grosse voix. Une r\u00e9ponse qui n\u2019a pas manqu\u00e9 d\u2019amuser les invit\u00e9s.<\/p>\n<p>    La suite apr\u00e8s cette publicit\u00e9<\/p>\n<p>    <img decoding=\"async\" src=\"https:\/\/www.europesays.com\/fr\/wp-content\/uploads\/2025\/08\/ericantoinemontage.jpg\" alt=\"Mariage d'Eric Antoine et de Gennifer Demey \u00e0 Aix-en-Provence, le 30 ao\u00fbt 2025.\" loading=\"lazy\"\/><\/p>\n<p>\n      Mariage d&rsquo;Eric Antoine et de Gennifer Demey \u00e0 Aix-en-Provence, le 30 ao\u00fbt 2025. <\/p>\n<p>                                \u00a9 Instagram<\/p>\n<p>Au moment de faire leur sortie en tant que jeunes mari\u00e9s face \u00e0 leurs proches, Eric Antoine a laiss\u00e9 voir son \u00e9motion, alors que des violons jouaient \u00ab\u00a0La Javanaise\u00a0\u00bb de Serge Gainsbourg. Gennifer Demey lui a alors arrach\u00e9 un sourire en criant \u00ab\u00a0mari\u00e9s\u00a0!\u00a0\u00bb, levant son joli bouquet de roses. Un instant captur\u00e9 par un photographe, et que le couple a relay\u00e9 le temps d\u2019une photo sur leurs propres comptes Instagram. \u00ab\u00a0Vive l\u2019amour\u00a0\u00bb, ont-ils simplement comment\u00e9.<\/p>\n<p>    La suite apr\u00e8s cette publicit\u00e9<\/p>\n<p>\u00ab\u00a0Coup de foudre amical et sublime histoire d\u2019amour\u00a0\u00bb<\/p>\n<p>Eric Antoine avait r\u00e9v\u00e9l\u00e9 \u00eatre \u00e0 nouveau amoureux alors qu\u2019il \u00e9tait de passage dans l\u2019\u00e9mission \u00ab\u00a0La Grande Semaine\u00a0\u00bb sur M6, en janvier dernier. Avant cette histoire d\u2019amour, l\u2019animateur de 48\u00a0ans a \u00e9t\u00e9 mari\u00e9 \u00e0\u00a0Calista Sinclair, la m\u00e8re de\u00a0<a href=\"https:\/\/www.parismatch.com\/people\/eric-antoine-et-son-fils-apercus-au-parc-des-princes-pierre-sarkozy-de-la-partie-234987\" rel=\"nofollow noopener\" target=\"_blank\">ses enfants Ulysse et Rapha\u00ebl<\/a> (10 et 13\u00a0ans), dont il a divorc\u00e9 en 2023.<\/p>\n<p>Dans <a href=\"https:\/\/www.parismatch.com\/People\/eric-antoine-et-gennifer-demey-un-coup-de-foudre-amical-devenu-une-sublime-histoire-damour-249459\" rel=\"nofollow noopener\" target=\"_blank\">une interview accord\u00e9e \u00e0 \u00ab\u00a0<\/a><a href=\"https:\/\/www.parismatch.com\/People\/eric-antoine-et-gennifer-demey-un-coup-de-foudre-amical-devenu-une-sublime-histoire-damour-249459\" rel=\"nofollow noopener\" target=\"_blank\">T\u00e9l\u00e9 Star\u00a0\u00bb en mars dernier<\/a>, Gennifer Demey avait racont\u00e9 avoir rencontr\u00e9 Eric Antoine deux ans plus t\u00f4t, \u00ab pour un bulletin m\u00e9t\u00e9o sp\u00e9cial \u00e0 l\u2019occasion du lancement de la nouvelle saison de Lego Masters \u00bb. Le duo s\u2019est ensuite retrouv\u00e9 en 2023 sur le tournage des \u00ab Tra\u00eetres\u00a0\u00bb, \u00e9mission qu\u2019Eric Antoine anime et \u00e0 laquelle la miss m\u00e9t\u00e9o a particip\u00e9 en tant que candidate. \u00ab \u00c7a a d\u2019abord \u00e9t\u00e9 un coup de foudre amical et maintenant, je vis une sublime histoire d\u2019amour.\u00a0\u00bb<\/p>\n<p>    La suite apr\u00e8s cette publicit\u00e9<\/p>\n<p>    La suite apr\u00e8s cette publicit\u00e9<\/p>\n<p>Osth\u00e9opathe de formation, la jolie blonde de 32\u00a0ans s\u2019est d\u2019abord fait conna\u00eetre du public en d\u00e9crochant l\u2019\u00e9charpe de Miss Aquitaine 2015 et en participant au concours\u00a0<a href=\"https:\/\/www.parismatch.com\/People\/Quand-Iris-Mittenaere-etait-elue-Miss-France-2016-1654518\" rel=\"nofollow noopener\" target=\"_blank\">Miss France 2016, \u00e0 l\u2019issue duquel elle a termin\u00e9 5e dauphine<\/a>\u00a0derri\u00e8re Iris Mittenaere. Depuis, Gennifer Demey officie en tant que miss m\u00e9t\u00e9o pour M6.<\/p>\n<p>La psychoth\u00e9rapie, un indispensable dans le couple<\/p>\n<p>\u00ab\u00a0Je suis amoureux comme je ne l\u2019ai jamais \u00e9t\u00e9\u00a0\u00bb, <a href=\"https:\/\/www.parismatch.com\/People\/eric-antoine-je-suis-amoureux-comme-je-ne-lai-jamais-ete-250398\" rel=\"nofollow noopener\" target=\"_blank\">avait confi\u00e9 Eric Antoine \u00e0 Paris Match<\/a> en mai dernier. Alors qu\u2019il revenait sur sa participation au documentaire \u00ab\u00a0Sant\u00e9 mentale, briser le tabou\u00a0\u00bb (diffus\u00e9 sur M6), dans lequel il \u00e9voquait le stress post-traumatique dont il a souffert et ses troubles du comportement alimentaire pass\u00e9s, l\u2019animateur de \u00ab\u00a0La Roue de la fortune\u00a0\u00bb avait expliqu\u00e9 ne plus pouvoir partager la vie de quelqu\u2019un \u00ab\u00a0qui ne fait pas ou n\u2019a pas fait un grand travail psychoth\u00e9rapeutique\u00a0\u00bb.<\/p>\n<p>\u00ab\u00a0L\u2019aborder avec quelqu\u2019un pour qui vous avez un crush, c\u2019est une des premi\u00e8res discussions importantes, parce que si l\u2019autre n\u2019est pas dans cette dynamique-l\u00e0, on va avoir des gros soucis de communication. Donc, oui, c\u2019est un sujet que j\u2019ai abord\u00e9 avec Gennifer, dont on a beaucoup parl\u00e9.\u00a0\u00bb<\/p>\n","protected":false},"excerpt":{"rendered":"Pr\u00e8s de trois ans apr\u00e8s leur coup de foudre amical, Eric Antoine et Gennifer Demey ont officialis\u00e9 leur&hellip;\n","protected":false},"author":2,"featured_media":356271,"comment_status":"","ping_status":"","sticky":false,"template":"","format":"standard","meta":{"footnotes":""},"categories":[1359],"tags":[58,59,1011,27,973],"class_list":{"0":"post-356270","1":"post","2":"type-post","3":"status-publish","4":"format-standard","5":"has-post-thumbnail","7":"category-people","8":"tag-divertissement","9":"tag-entertainment","10":"tag-fr","11":"tag-france","12":"tag-people"},"share_on_mastodon":{"url":"https:\/\/pubeurope.com\/@fr\/115122918244869156","error":""},"_links":{"self":[{"href":"https:\/\/www.europesays.com\/fr\/wp-json\/wp\/v2\/posts\/356270","targetHints":{"allow":["GET"]}}],"collection":[{"href":"https:\/\/www.europesays.com\/fr\/wp-json\/wp\/v2\/posts"}],"about":[{"href":"https:\/\/www.europesays.com\/fr\/wp-json\/wp\/v2\/types\/post"}],"author":[{"embeddable":true,"href":"https:\/\/www.europesays.com\/fr\/wp-json\/wp\/v2\/users\/2"}],"replies":[{"embeddable":true,"href":"https:\/\/www.europesays.com\/fr\/wp-json\/wp\/v2\/comments?post=356270"}],"version-history":[{"count":0,"href":"https:\/\/www.europesays.com\/fr\/wp-json\/wp\/v2\/posts\/356270\/revisions"}],"wp:featuredmedia":[{"embeddable":true,"href":"https:\/\/www.europesays.com\/fr\/wp-json\/wp\/v2\/media\/356271"}],"wp:attachment":[{"href":"https:\/\/www.europesays.com\/fr\/wp-json\/wp\/v2\/media?parent=356270"}],"wp:term":[{"taxonomy":"category","embeddable":true,"href":"https:\/\/www.europesays.com\/fr\/wp-json\/wp\/v2\/categories?post=356270"},{"taxonomy":"post_tag","embeddable":true,"href":"https:\/\/www.europesays.com\/fr\/wp-json\/wp\/v2\/tags?post=356270"}],"curies":[{"name":"wp","href":"https:\/\/api.w.org\/{rel}","templated":true}]}}