{"id":356272,"date":"2025-08-31T10:31:12","date_gmt":"2025-08-31T10:31:12","guid":{"rendered":"https:\/\/www.europesays.com\/fr\/356272\/"},"modified":"2025-08-31T10:31:12","modified_gmt":"2025-08-31T10:31:12","slug":"la-maison-atelier-lurcat-a-paris-une-oeuvre-totale-moderne-a-jamais","status":"publish","type":"post","link":"https:\/\/www.europesays.com\/fr\/356272\/","title":{"rendered":"La maison-atelier Lur\u00e7at \u00e0 Paris, une \u0153uvre totale moderne \u00e0 jamais"},"content":{"rendered":"<p>      Premi\u00e8re des huit maisons de la villa Seurat construites il y a un si\u00e8cle pour des artistes, pr\u00e8s du parc Montsouris, son esth\u00e9tique n\u2019a pas vieilli.              <a href=\"https:\/\/www.europesays.com\/fr\/wp-content\/uploads\/2025\/08\/c40163f_upload-1-vc1n39smpovs-chambre-de-jean-lurcat-maison-atelier-lurcat.jpg\" data-pswp-width=\"\" data-pswp-height=\"\" class=\"media__hd\" target=\"_blank\">      <img decoding=\"async\" fetchpriority=\"high\" src=\"https:\/\/www.europesays.com\/fr\/wp-content\/uploads\/2025\/08\/c40163f_upload-1-vc1n39smpovs-chambre-de-jean-lurcat-maison-atelier-lurcat.jpg\" class=\"media__picture js-media-zoom-main \" alt=\"Apr\u00e8s deux ans de r\u00e9novation, la maison-atelier est pr\u00e9sent\u00e9e \u00e0 l\u2019\u00e9tat originel, dans une sc\u00e9nographie de Jean-Michel Wilmotte.\" title=\"Photo Patrick Rimond \/ Acad\u00e9mie des beaux-arts\"\/>      <\/p>\n<p class=\"media__legend\"> Apr\u00e8s deux ans de r\u00e9novation, la maison-atelier est pr\u00e9sent\u00e9e \u00e0 l\u2019\u00e9tat originel, dans une sc\u00e9nographie de Jean-Michel Wilmotte.  Photo Patrick Rimond \/ Acad\u00e9mie des beaux-arts  <\/p>\n<p>     <\/a>                    <\/p>\n<p class=\"author author--simple\">Par  <a class=\"author author--link\" href=\"https:\/\/www.telerama.fr\/recherche\/articles?q=Emmanuelle+Chaudieu\" rel=\"nofollow noopener\" target=\"_blank\"> Emmanuelle Chaudieu <\/a>    <\/p>\n<p class=\"publication__date\">Publi\u00e9 le 31 ao\u00fbt 2025 \u00e0 09h30<\/p>\n<p>   Partager   <\/p>\n<ul class=\"sharing-popin--results\">\n<li class=\"sharing-popin--item sharing-popin--item-container\"> Partage  <\/li>\n<li data-share=\"linkedin\" class=\"sharing-popin--item\">  LinkedIn <\/li>\n<li data-share=\"facebook\" class=\"sharing-popin--item\">  Facebook <\/li>\n<li data-share=\"mail\" data-social=\"mail\" class=\"sharing-popin--item\">  Envoyer par email <\/li>\n<li data-share=\"copy\" class=\"sharing-popin--item\">  Copier le lien <\/li>\n<\/ul>\n<p>        Favoris       <\/p>\n<p>                <a class=\"openapp__link\" data-event=\"click-open-app\" data-deep-link=\"tlrm:\/\/element?id=\/arts-expositions\/la-maison-atelier-lurcat-a-paris-une-uvre-totale-moderne-a-jamais-7027128.php&amp;source=deeplink_site\">  Lire dans l&rsquo;application<br \/>\n  <\/a>                               <\/p>\n<p class=\"paragraph\">Dans les ann\u00e9es\u00a01920, la fine fleur artistique de l\u2019\u00e9poque, avec laquelle Jean Lur\u00e7at frayait, aimait se retrouver dans le quartier du Montparnasse. Mais la flamb\u00e9e des prix de l\u2019immobilier s\u00e9vissait d\u00e9j\u00e0. Alors, \u00e0 d\u00e9faut d\u2019un atelier au c\u0153ur du bouillonnant 14\u1d49 arrondissement, le peintre, instigateur du renouveau de la tapisserie au XX\u1d49 si\u00e8cle, va trouver un port d\u2019attache \u00e0 quelques encablures de l\u00e0, \u00e0 la lisi\u00e8re du quartier du Petit-Montrouge et du r\u00e9servoir de Montsouris. Son fr\u00e8re cadet, Andr\u00e9, architecte form\u00e9 aux Beaux-Arts, est un membre important (avec <a target=\"_blank\" href=\"https:\/\/www.telerama.fr\/arts-expositions\/60-ans-de-la-mort-du-corbusier-en-2007-telerama-faisait-le-tour-de-l-architecte-et-de-son-dernier-projet-realise-7027066.php\" rel=\"nofollow noopener\">Le Corbusier<\/a>, Perret et Mallet-Stevens) du mouvement moderne d\u2019apr\u00e8s-guerre, caract\u00e9ris\u00e9 par le jeu des volumes, la sobri\u00e9t\u00e9 des fa\u00e7ades, les larges baies vitr\u00e9es, les toits-terrasses, l\u2019abandon de la sym\u00e9trie\u2026 Il est \u00e9galement proche de <a target=\"_blank\" href=\"https:\/\/www.telerama.fr\/scenes\/a-dessau-sur-les-traces-de-walter-gropius-fondateur-du-bauhaus,149986.php\" rel=\"nofollow noopener\">Walter Gropius, le p\u00e8re du Bauhaus<\/a>.<\/p>\n<p class=\"paragraph\">En\u00a01925, Andr\u00e9 d\u00e9niche un terrain occup\u00e9 par des hangars et des \u00e9curies o\u00f9 il va construire pour Jean une maison-atelier. Sur sa lanc\u00e9e, Andr\u00e9 va concevoir dans cette impasse du 14\u1d49 \u2013 la villa Seurat \u2013 sept autres demeures d\u2019artistes (pour l\u2019\u00e9crivain Frank Townshend, le sculpteur Arnold Huggler, les peintres Edouard Goerg et Marcel Gromaire\u2026). Seule exception\u00a0: la b\u00e2tisse qui s\u2019\u00e9l\u00e8ve au num\u00e9ro\u00a07\u00a0bis, ancien atelier de la sculptrice Chana Orloff, est sign\u00e9e Auguste Perret. Avec son portique en b\u00e9ton apparent, cher \u00e0 l\u2019artisan de la reconstruction du\u00a0Havre, dans lequel s\u2019ins\u00e8rent un panneau de briques en damier et deux portes rouges surmont\u00e9es d\u2019une paroi vitr\u00e9e, elle r\u00e9pond dans un harmonieux jeu de contrastes aux fa\u00e7ades blanches recouvertes d\u2019enduit lisse de la maison-atelier de Jean Lur\u00e7at, situ\u00e9e non loin.<\/p>\n<p>                              <a href=\"https:\/\/www.europesays.com\/fr\/wp-content\/uploads\/2025\/08\/899c3c7_upload-1-a0j66gwx4lh3-atelier-de-lartiste-maison-lurci-at-06.jpg\" data-pswp-width=\"\" data-pswp-height=\"\" class=\"media__hd\" target=\"_blank\">      <img decoding=\"async\" loading=\"lazy\" src=\"https:\/\/www.europesays.com\/fr\/wp-content\/uploads\/2025\/08\/899c3c7_upload-1-a0j66gwx4lh3-atelier-de-lartiste-maison-lurci-at-06.jpg\" class=\"media__picture js-media-zoom  media__size--large\" alt=\"La maison-atelier, con\u00e7ue par Andr\u00e9, le fr\u00e8re du peintre Jean Lur\u00e7at, m\u00eale toutes les formes d\u2019arts d\u00e9coratifs (tapisserie, c\u00e9ramique, peinture, vitrail\u2026)\" title=\"Photo Patrick Rimond \/ Acad\u00e9mie des beaux-arts\"\/>      <\/p>\n<p class=\"media__legend\"> La maison-atelier, con\u00e7ue par Andr\u00e9, le fr\u00e8re du peintre Jean Lur\u00e7at, m\u00eale toutes les formes d\u2019arts d\u00e9coratifs (tapisserie, c\u00e9ramique, peinture, vitrail\u2026)  Photo Patrick Rimond \/ Acad\u00e9mie des beaux-arts  <\/p>\n<p>     <\/a>                          <\/p>\n<p class=\"paragraph\">Cette derni\u00e8re a rouvert au public d\u00e9but juillet apr\u00e8s deux ans d\u2019une r\u00e9novation men\u00e9e sous la houlette de l\u2019Acad\u00e9mie des beaux-arts, propri\u00e9taire des lieux depuis\u00a02010, suite au legs de la veuve de l\u2019artiste, Simone Lur\u00e7at. La restauration a permis de redonner toute sa superbe \u00e0 cette d\u00e9sormais centenaire d\u2019une incroyable modernit\u00e9. Et d\u2019offrir \u00ab\u00a0un lieu \u00e0 la hauteur\u00a0\u00bb de Jean Lur\u00e7at, artiste prolifique, \u00ab\u00a0tr\u00e8s contemporain et touche-\u00e0-tout, qui s\u2019est exprim\u00e9 dans le vitrail, le tissu, la peinture, la c\u00e9ramique\u2026\u00a0\u00bb, comme le rappelle Jean-Michel Wilmotte, qui a imagin\u00e9 la sc\u00e9nographie de la maison-atelier. Chaque espace met en valeur une facette de l\u2019\u0153uvre du cr\u00e9ateur (tapisseries, c\u00e9ramiques, tableaux, illustrations, po\u00e8mes\u2026) tout en r\u00e9v\u00e9lant son cadre de vie et de travail. Ainsi, dans les \u00e9tages, cuisine, chambre, et s\u00e9jour ont retrouv\u00e9 leur \u00e9tat originel et leur d\u00e9cor d\u2019\u00e9poque, \u00e0 commencer par le mobilier dont une partie a \u00e9t\u00e9 con\u00e7ue par Andr\u00e9.<\/p>\n<p class=\"edito__prefixe\">   \u00c0 lire aussi :   <\/p>\n<p class=\"edito__text-container\">     <a alt=\"Lire aussi\" href=\"https:\/\/www.telerama.fr\/sortir\/quand-paris-fait-fantasmer-les-architectes-pour-le-meilleur-et-pour-le-pire-6766777.php\" class=\"article__title--edito\" rel=\"nofollow noopener\" target=\"_blank\">Quand Paris fait fantasmer les architectes : pour le meilleur et pour le pire<\/a>  <\/p>\n<p class=\"paragraph\">La visite s\u2019ach\u00e8ve sur l\u2019atelier, au 3\u1d49 \u00e9tage, ouvrant sur une terrasse d\u00e9cor\u00e9e au sol par l\u2019artiste. De l\u00e0, on dispose d\u2019un point de vue imprenable pour admirer la villa Seurat, art\u00e8re paisible qui forme aujourd\u2019hui l\u2019un des trois principaux ensembles du mouvement moderne de la capitale avec les maisons de Le Corbusier et Jeanneret, square du Docteur-Blanche, et la rue Mallet-Stevens, situ\u00e9es dans le 16\u1d49 arrondissement. La visite de la maison-atelier permet ainsi une plong\u00e9e dans l\u2019univers de deux fr\u00e8res dont les talents se nourrissaient mutuellement, au service d\u2019une sorte d\u2019\u0153uvre totale m\u00ealant arts, architecture et intimit\u00e9. \u00c0 compl\u00e9ter par un passage \u00e0 la librairie Lur\u00e7at, ouverte en d\u00e9cembre\u00a02024 \u00e0 l\u2019angle de la villa Seurat, o\u00f9 l\u2019on trouve livres d\u2019art, catalogues d\u2019expo, publications de l\u2019Acad\u00e9mie et un vaste rayon jeunesse.<\/p>\n<p>                                      <strong>Y aller<\/strong><br \/>M\u00e9tro, ligne 4, station Al\u00e9sia.<br \/><strong>Visiter<\/strong><br \/><a target=\"_blank\" href=\"https:\/\/www.maisonatelierlurcat.fr\/\" rel=\"nofollow noopener\">Maison-atelier Jean-Lur\u00e7at<\/a>, 4, villa Seurat, Paris 14\u1d49. Visites guid\u00e9es ven. et sam. sur r\u00e9servation, 45\u202fmin, 10-15\u00a0\u20ac.<br \/>Librairie Lur\u00e7at, 101, rue de la Tombe-Issoire, Paris14\u1d49. Mar.-sam. 11h-19h.           <\/p>\n","protected":false},"excerpt":{"rendered":"Premi\u00e8re des huit maisons de la villa Seurat construites il y a un si\u00e8cle pour des artistes, pr\u00e8s&hellip;\n","protected":false},"author":2,"featured_media":356273,"comment_status":"","ping_status":"","sticky":false,"template":"","format":"standard","meta":{"footnotes":""},"categories":[1358],"tags":[1348,1384,1385,1386,58,59,1011,27],"class_list":{"0":"post-356272","1":"post","2":"type-post","3":"status-publish","4":"format-standard","5":"has-post-thumbnail","7":"category-arts-et-design","8":"tag-arts","9":"tag-arts-and-design","10":"tag-arts-et-design","11":"tag-design","12":"tag-divertissement","13":"tag-entertainment","14":"tag-fr","15":"tag-france"},"share_on_mastodon":{"url":"https:\/\/pubeurope.com\/@fr\/115122922083054321","error":""},"_links":{"self":[{"href":"https:\/\/www.europesays.com\/fr\/wp-json\/wp\/v2\/posts\/356272","targetHints":{"allow":["GET"]}}],"collection":[{"href":"https:\/\/www.europesays.com\/fr\/wp-json\/wp\/v2\/posts"}],"about":[{"href":"https:\/\/www.europesays.com\/fr\/wp-json\/wp\/v2\/types\/post"}],"author":[{"embeddable":true,"href":"https:\/\/www.europesays.com\/fr\/wp-json\/wp\/v2\/users\/2"}],"replies":[{"embeddable":true,"href":"https:\/\/www.europesays.com\/fr\/wp-json\/wp\/v2\/comments?post=356272"}],"version-history":[{"count":0,"href":"https:\/\/www.europesays.com\/fr\/wp-json\/wp\/v2\/posts\/356272\/revisions"}],"wp:featuredmedia":[{"embeddable":true,"href":"https:\/\/www.europesays.com\/fr\/wp-json\/wp\/v2\/media\/356273"}],"wp:attachment":[{"href":"https:\/\/www.europesays.com\/fr\/wp-json\/wp\/v2\/media?parent=356272"}],"wp:term":[{"taxonomy":"category","embeddable":true,"href":"https:\/\/www.europesays.com\/fr\/wp-json\/wp\/v2\/categories?post=356272"},{"taxonomy":"post_tag","embeddable":true,"href":"https:\/\/www.europesays.com\/fr\/wp-json\/wp\/v2\/tags?post=356272"}],"curies":[{"name":"wp","href":"https:\/\/api.w.org\/{rel}","templated":true}]}}