{"id":356295,"date":"2025-08-31T10:49:49","date_gmt":"2025-08-31T10:49:49","guid":{"rendered":"https:\/\/www.europesays.com\/fr\/356295\/"},"modified":"2025-08-31T10:49:49","modified_gmt":"2025-08-31T10:49:49","slug":"la-ligue-des-droits-de-lhomme-sinquiete-apres-le-buzz-dune-video-tournee-a-saint-etienne","status":"publish","type":"post","link":"https:\/\/www.europesays.com\/fr\/356295\/","title":{"rendered":"La Ligue des droits de l&rsquo;homme s&rsquo;inqui\u00e8te apr\u00e8s le buzz d&rsquo;une vid\u00e9o tourn\u00e9e \u00e0 Saint-Etienne"},"content":{"rendered":"\n<p>\u00ab\u00a0Insoutenable\u00a0\u00bb selon la Ligue des droits de l&rsquo;Homme de la Loire. L&rsquo;association r\u00e9agit \u00e0 la suite de la parution d&rsquo;une vid\u00e9o sur les r\u00e9seaux sociaux montrant un policier frappant \u00e0 plusieurs reprises un automobiliste, rue de Verney \u00e0 Saint-Etienne (la sc\u00e8ne est identifi\u00e9e \u00e0 Lyon, mais on reconnait bien les rues de Saint-Etienne).\u00a0<\/p>\n<p> Un refus d&rsquo;obtemp\u00e9rer violent<\/p>\n<p>La police de Saint-Etienne a comment\u00e9 l&rsquo;incident, expliquant qu&rsquo;il s&rsquo;agissait d&rsquo;un refus d&rsquo;obtemp\u00e9rer. Mais pour la Ligue des droits de l&rsquo;homme de la Loire, \u00ab\u00a0rien ne peut justifier de tels gestes\u00a0\u00bb quel que soit le contexte. Pour l&rsquo;association cette vid\u00e9o est plut\u00f4t \u00ab\u00a0le sympt\u00f4me d\u2019un probl\u00e8me structurel dans le rapport entre police et population\u00a0\u00bb<\/p>\n","protected":false},"excerpt":{"rendered":"\u00ab\u00a0Insoutenable\u00a0\u00bb selon la Ligue des droits de l&rsquo;Homme de la Loire. L&rsquo;association r\u00e9agit \u00e0 la suite de la&hellip;\n","protected":false},"author":2,"featured_media":356296,"comment_status":"","ping_status":"","sticky":false,"template":"","format":"standard","meta":{"footnotes":""},"categories":[9653],"tags":[1111,11,2430,1777,674,1011,27,13614,12,1072,25,4001,133,49234],"class_list":{"0":"post-356295","1":"post","2":"type-post","3":"status-publish","4":"format-standard","5":"has-post-thumbnail","7":"category-saint-etienne","8":"tag-actu","9":"tag-actualites","10":"tag-auvergne-rhone-alpes","11":"tag-eu","12":"tag-europe","13":"tag-fr","14":"tag-france","15":"tag-ligue-des-droits-de-lhomme","16":"tag-news","17":"tag-police","18":"tag-republique-francaise","19":"tag-saint-etienne","20":"tag-video","21":"tag-violence-policiere"},"share_on_mastodon":{"url":"https:\/\/pubeurope.com\/@fr\/115122996696290259","error":""},"_links":{"self":[{"href":"https:\/\/www.europesays.com\/fr\/wp-json\/wp\/v2\/posts\/356295","targetHints":{"allow":["GET"]}}],"collection":[{"href":"https:\/\/www.europesays.com\/fr\/wp-json\/wp\/v2\/posts"}],"about":[{"href":"https:\/\/www.europesays.com\/fr\/wp-json\/wp\/v2\/types\/post"}],"author":[{"embeddable":true,"href":"https:\/\/www.europesays.com\/fr\/wp-json\/wp\/v2\/users\/2"}],"replies":[{"embeddable":true,"href":"https:\/\/www.europesays.com\/fr\/wp-json\/wp\/v2\/comments?post=356295"}],"version-history":[{"count":0,"href":"https:\/\/www.europesays.com\/fr\/wp-json\/wp\/v2\/posts\/356295\/revisions"}],"wp:featuredmedia":[{"embeddable":true,"href":"https:\/\/www.europesays.com\/fr\/wp-json\/wp\/v2\/media\/356296"}],"wp:attachment":[{"href":"https:\/\/www.europesays.com\/fr\/wp-json\/wp\/v2\/media?parent=356295"}],"wp:term":[{"taxonomy":"category","embeddable":true,"href":"https:\/\/www.europesays.com\/fr\/wp-json\/wp\/v2\/categories?post=356295"},{"taxonomy":"post_tag","embeddable":true,"href":"https:\/\/www.europesays.com\/fr\/wp-json\/wp\/v2\/tags?post=356295"}],"curies":[{"name":"wp","href":"https:\/\/api.w.org\/{rel}","templated":true}]}}