{"id":356303,"date":"2025-08-31T10:53:09","date_gmt":"2025-08-31T10:53:09","guid":{"rendered":"https:\/\/www.europesays.com\/fr\/356303\/"},"modified":"2025-08-31T10:53:09","modified_gmt":"2025-08-31T10:53:09","slug":"apres-deux-mois-dete-lheure-du-premier-bilan-pour-les-86-artisans-du-marche-nocturne-de-sanary","status":"publish","type":"post","link":"https:\/\/www.europesays.com\/fr\/356303\/","title":{"rendered":"Apr\u00e8s deux mois d&rsquo;\u00e9t\u00e9, l&rsquo;heure du premier bilan pour les 86 artisans du march\u00e9 nocturne de Sanary"},"content":{"rendered":"<p>Lorsque l\u2019on sonde les commer\u00e7ants install\u00e9s tous les soirs sur le port de Sanary, leurs exp\u00e9riences sont aussi diverses que leurs productions, entre bijouterie, accessoires, d\u00e9coration, jouets, savons, illustrations, gourmandises\u2026<\/p>\n<p><strong>Quel bilan pour juillet-ao\u00fbt?<\/strong><\/p>\n<p>Un diagnostic partag\u00e9: tous s\u2019accordent sur une baisse de la fr\u00e9quentation en juillet, compens\u00e9e par les trois premi\u00e8res semaines d\u2019ao\u00fbt.<\/p>\n<p>La faute au calendrier des vacances scolaires, qui ont d\u00e9marr\u00e9 tard (5 juillet) et fini t\u00f4t (31 ao\u00fbt), rabotant au passage deux semaines aux commer\u00e7ants\u2026<\/p>\n<p>Fin ao\u00fbt, les all\u00e9es \u00e9taient \u00e0 nouveau clairsem\u00e9es, les familles venues de loin \u00e9tant d\u00e9j\u00e0 parties pr\u00e9parer la rentr\u00e9e. Certains exposants ont aussi remarqu\u00e9 une baisse de la fr\u00e9quentation fran\u00e7aise au profit des touristes \u00e9trangers. Et la m\u00e9t\u00e9o frisquette de juillet n\u2019a pas aid\u00e9 non plus\u2026<\/p>\n<p>Mais au-del\u00e0 de la fr\u00e9quentation, les artisans ont tous remarqu\u00e9 une certaine retenue dans les d\u00e9penses qui, comme en t\u00e9moigne Marina (textiles pour enfants), \u00ab\u00a0se sont souvent concentr\u00e9es sur les petits prix et les objets faciles \u00e0 transporter\u00a0\u00bb. <\/p>\n<p>Elle-m\u00eame se d\u00e9clare n\u00e9anmoins satisfaite, avec une offre d\u2019articles \u00e0 moins de 30 euros. Jean-Philippe, potier habitu\u00e9 du march\u00e9, ne se plaint pas non plus malgr\u00e9 \u00ab\u00a0une ambiance un peu morose cette ann\u00e9e\u00a0\u00bb.<\/p>\n<p><strong>Quel impact sur les ventes?<\/strong><\/p>\n<p>C\u2019est l\u00e0 que les avis divergent. Car si certains artisans d\u00e9plorent, comme Caroline (artisanat pour enfants) et Sedo (gastronomie varoise), \u00ab\u00a0une saison un peu en baisse par rapport \u00e0 l\u2019an dernier, m\u00eame si ce n\u2019est pas catastrophique\u00a0\u00bb, d\u2019autres se d\u00e9clarent satisfaits comme Sergine (bijoux fantaisie), Latifa (savons de Marseille) ou Carole (c\u00e9ramique) qui ont r\u00e9ussi \u00e0 s\u00e9duire les touristes de passage tout en fid\u00e9lisant une partie de leur client\u00e8le, touristes et locaux, parfois aid\u00e9s par des produits originaux comme Ren\u00e9 (jeux et casse-t\u00eate en bois). \u00ab\u00a0Et on est l\u00e0 tous les soirs, m\u00eame quand il y a du mistral!\u00a0\u00bb, pr\u00e9cise Sergine.<\/p>\n<p>Une satisfaction partag\u00e9e par des primo exposants comme Arnold (Photo Laika) pour qui le bouche-\u00e0-oreille a fonctionn\u00e9 imm\u00e9diatement ou les illustrateurs d\u2019Image District, qui ont \u00e9galement lou\u00e9 \u00ab\u00a0l\u2019accueil de la Ville, l\u2019entraide entre exposants et les vacanciers sympas\u00a0\u00bb. Proposant un concept original d\u2019affichettes personnalis\u00e9es et d\u00e9bord\u00e9s par la demande, ils ont m\u00eame d\u00fb acheter du mat\u00e9riel en urgence mi-ao\u00fbt\u2026<\/p>\n<p>Certains pourront compter sur les nouveaux \u00ab\u00a0Week-ends des cr\u00e9ateurs\u00a0\u00bb, chaque premier week-end du mois \u00e0 partir du 6 septembre!<\/p>\n","protected":false},"excerpt":{"rendered":"Lorsque l\u2019on sonde les commer\u00e7ants install\u00e9s tous les soirs sur le port de Sanary, leurs exp\u00e9riences sont aussi&hellip;\n","protected":false},"author":2,"featured_media":356304,"comment_status":"","ping_status":"","sticky":false,"template":"","format":"standard","meta":{"footnotes":""},"categories":[9619],"tags":[1111,11,1777,674,1011,27,12,882,25,2310,3366],"class_list":{"0":"post-356303","1":"post","2":"type-post","3":"status-publish","4":"format-standard","5":"has-post-thumbnail","7":"category-toulon","8":"tag-actu","9":"tag-actualites","10":"tag-eu","11":"tag-europe","12":"tag-fr","13":"tag-france","14":"tag-news","15":"tag-provence-alpes-cote-dazur","16":"tag-republique-francaise","17":"tag-toulon","18":"tag-vie-locale"},"share_on_mastodon":{"url":"https:\/\/pubeurope.com\/@fr\/115123008472427838","error":""},"_links":{"self":[{"href":"https:\/\/www.europesays.com\/fr\/wp-json\/wp\/v2\/posts\/356303","targetHints":{"allow":["GET"]}}],"collection":[{"href":"https:\/\/www.europesays.com\/fr\/wp-json\/wp\/v2\/posts"}],"about":[{"href":"https:\/\/www.europesays.com\/fr\/wp-json\/wp\/v2\/types\/post"}],"author":[{"embeddable":true,"href":"https:\/\/www.europesays.com\/fr\/wp-json\/wp\/v2\/users\/2"}],"replies":[{"embeddable":true,"href":"https:\/\/www.europesays.com\/fr\/wp-json\/wp\/v2\/comments?post=356303"}],"version-history":[{"count":0,"href":"https:\/\/www.europesays.com\/fr\/wp-json\/wp\/v2\/posts\/356303\/revisions"}],"wp:featuredmedia":[{"embeddable":true,"href":"https:\/\/www.europesays.com\/fr\/wp-json\/wp\/v2\/media\/356304"}],"wp:attachment":[{"href":"https:\/\/www.europesays.com\/fr\/wp-json\/wp\/v2\/media?parent=356303"}],"wp:term":[{"taxonomy":"category","embeddable":true,"href":"https:\/\/www.europesays.com\/fr\/wp-json\/wp\/v2\/categories?post=356303"},{"taxonomy":"post_tag","embeddable":true,"href":"https:\/\/www.europesays.com\/fr\/wp-json\/wp\/v2\/tags?post=356303"}],"curies":[{"name":"wp","href":"https:\/\/api.w.org\/{rel}","templated":true}]}}