{"id":356305,"date":"2025-08-31T11:00:40","date_gmt":"2025-08-31T11:00:40","guid":{"rendered":"https:\/\/www.europesays.com\/fr\/356305\/"},"modified":"2025-08-31T11:00:40","modified_gmt":"2025-08-31T11:00:40","slug":"le-campus-lenoard-de-vinci-prend-forme-et-cest-tout-un-quartier-qui-se-dessine-a-castelnau-le-lez","status":"publish","type":"post","link":"https:\/\/www.europesays.com\/fr\/356305\/","title":{"rendered":"Le campus L\u00e9noard-de-Vinci prend forme et c\u2019est tout un quartier qui se dessine \u00e0 Castelnau-le-Lez"},"content":{"rendered":"<p>\n                                                                Face au lyc\u00e9e Georges-Pompidou, \u201cCastel Med Park\u201d sort de terre.\n                            <\/p>\n<p>Sur les hauteurs de Castelnau-le-Lez, en face du lyc\u00e9e Georges-Pompidou, c\u2019est bien tout un quartier qui se dessine. Les quatre b\u00e2timents en R +\u00a03 et R +\u00a04, con\u00e7us par le promoteur montpelli\u00e9rain Aeko, les Ateliers A +\u00a0et leurs partenaires, sont d\u00e9j\u00e0 bien avanc\u00e9s.<\/p>\n<p>\u00c0 terme, ils constitueront le Castel Med Park\u00a0: essentiellement des bureaux (8\u00a0000\u00a0m2), des espaces partag\u00e9s, 600\u00a0m2 de terrasses panoramiques, 2\u00a0000\u00a0m2 d\u2019espaces paysagers, mais aussi des salles de r\u00e9union bien s\u00fbr, une cr\u00e8che, une salle de sport, une conciergerie\u2026 L\u2019effort a \u00e9galement \u00e9t\u00e9 port\u00e9 sur la transition \u00e9cologique avec notamment trois toits \u00e9quip\u00e9s en panneaux photovolta\u00efques. Le tout pour un co\u00fbt total estim\u00e9 \u00e0 15,5 M\u20ac.<\/p>\n<p>On en sait plus aussi sur l\u2019un des principaux r\u00e9sidants du site. Le P\u00f4le L\u00e9onard-de-Vinci occupera \u00e0 lui tout seul le plus grand b\u00e2timent. Ses campus d\u2019enseignement priv\u00e9 sont d\u00e9j\u00e0 pr\u00e9sents en France\u00a0: \u00e0 Paris-La D\u00e9fense, \u00e0 Nantes\u2026 et \u00e0 partir de cette rentr\u00e9e, d\u00e8s ce mardi 2\u00a0septembre, \u00e0 Montpellier. \u00c0 Eurom\u00e9decine, \u00e0 c\u00f4t\u00e9 d\u2019ICM. Pour, dans un premier temps, une centaine d\u2019\u00e9tudiants.<\/p>\n<p>        <img decoding=\"async\" class=\"std-img__img responsive-img\" src=\"https:\/\/www.europesays.com\/fr\/wp-content\/uploads\/2025\/08\/1756638040_762_image.jpg\" alt=\"Responsable du campus L\u00e9onard-de-Vinci, Val\u00e9rie Guilleray et Bouchra Sao appr\u00e9cient\u00a0: &quot;Nous avons h\u00e2te\u00a0!&quot;\"\/><\/p>\n<p>                Responsable du campus L\u00e9onard-de-Vinci, Val\u00e9rie Guilleray et Bouchra Sao appr\u00e9cient\u00a0: \u00ab\u00a0Nous avons h\u00e2te\u00a0!\u00a0\u00bb<br \/>\n                                    Midi Libre &#8211; T. J.<\/p>\n<p>\u00ab\u00a0Chaque campus a trois \u00e9coles\u00a0: management, ing\u00e9nierie g\u00e9n\u00e9raliste et digital\u00a0\u00bb, expliquent Val\u00e9rie Guilleray et Bouchra Sao, responsable\u00a0d\u00e9veloppement et charg\u00e9e des admissions, qui mettent en avant la \u00ab\u00a0transversalit\u00e9\u00a0\u00bb\u00a0de leurs formations pour que leurs \u00e9tudiants \u00ab\u00a0apprennent \u00e0 travailler ensemble\u00a0\u00bb, quelle que soit leur sp\u00e9cialit\u00e9. Des formations sur cinq ans. Comptez de 7\u00a0500\u00a0\u20ac \u00e0 12\u00a0000\u00a0\u20ac par an.<\/p>\n<p>500 \u00e9tudiants d\u2019ici cinq ans<\/p>\n<p>\u00ab\u00a0Cette ann\u00e9e, c\u2019est d\u00e9j\u00e0 une \u00e9tape pour nous avec l\u2019implantation sur le territoire, sur la m\u00e9tropole de Montpellier, confient-elles. Et l\u2019an prochain, nous aurons ce b\u00e2timent tout neuf, sur 4\u00a0000\u00a0m2 super innovant, techniquement comme technologiquement. Nous avons h\u00e2te\u00a0! Et \u00e0 terme, d\u2019ici cinq ans, on devrait accueillir 500 \u00e9tudiants.\u00a0\u00bb<\/p>\n<p>Le b\u00e2timent et ses 22 salles de cours seront livr\u00e9s au printemps, pour une rentr\u00e9e en septembre\u00a02026.<\/p>\n","protected":false},"excerpt":{"rendered":"Face au lyc\u00e9e Georges-Pompidou, \u201cCastel Med Park\u201d sort de terre. Sur les hauteurs de Castelnau-le-Lez, en face du&hellip;\n","protected":false},"author":2,"featured_media":356306,"comment_status":"","ping_status":"","sticky":false,"template":"","format":"standard","meta":{"footnotes":""},"categories":[9599],"tags":[1111,11,1777,674,1011,27,2208,12,2680,25],"class_list":{"0":"post-356305","1":"post","2":"type-post","3":"status-publish","4":"format-standard","5":"has-post-thumbnail","7":"category-montpellier","8":"tag-actu","9":"tag-actualites","10":"tag-eu","11":"tag-europe","12":"tag-fr","13":"tag-france","14":"tag-montpellier","15":"tag-news","16":"tag-occitanie","17":"tag-republique-francaise"},"share_on_mastodon":{"url":"https:\/\/pubeurope.com\/@fr\/115123036428676369","error":""},"_links":{"self":[{"href":"https:\/\/www.europesays.com\/fr\/wp-json\/wp\/v2\/posts\/356305","targetHints":{"allow":["GET"]}}],"collection":[{"href":"https:\/\/www.europesays.com\/fr\/wp-json\/wp\/v2\/posts"}],"about":[{"href":"https:\/\/www.europesays.com\/fr\/wp-json\/wp\/v2\/types\/post"}],"author":[{"embeddable":true,"href":"https:\/\/www.europesays.com\/fr\/wp-json\/wp\/v2\/users\/2"}],"replies":[{"embeddable":true,"href":"https:\/\/www.europesays.com\/fr\/wp-json\/wp\/v2\/comments?post=356305"}],"version-history":[{"count":0,"href":"https:\/\/www.europesays.com\/fr\/wp-json\/wp\/v2\/posts\/356305\/revisions"}],"wp:featuredmedia":[{"embeddable":true,"href":"https:\/\/www.europesays.com\/fr\/wp-json\/wp\/v2\/media\/356306"}],"wp:attachment":[{"href":"https:\/\/www.europesays.com\/fr\/wp-json\/wp\/v2\/media?parent=356305"}],"wp:term":[{"taxonomy":"category","embeddable":true,"href":"https:\/\/www.europesays.com\/fr\/wp-json\/wp\/v2\/categories?post=356305"},{"taxonomy":"post_tag","embeddable":true,"href":"https:\/\/www.europesays.com\/fr\/wp-json\/wp\/v2\/tags?post=356305"}],"curies":[{"name":"wp","href":"https:\/\/api.w.org\/{rel}","templated":true}]}}