{"id":356307,"date":"2025-08-31T11:01:09","date_gmt":"2025-08-31T11:01:09","guid":{"rendered":"https:\/\/www.europesays.com\/fr\/356307\/"},"modified":"2025-08-31T11:01:09","modified_gmt":"2025-08-31T11:01:09","slug":"heraia-de-retour-a-larena-pour-developper-le-sport-feminin","status":"publish","type":"post","link":"https:\/\/www.europesays.com\/fr\/356307\/","title":{"rendered":"H\u00e9raia de retour \u00e0 l\u2019Arena pour d\u00e9velopper le sport f\u00e9minin"},"content":{"rendered":"<p>            Par<br \/>\n        <strong><br \/>\n            <a href=\"https:\/\/actu.fr\/auteur\/g-martin\" title=\"Consulter tous les articles de Gil Martin\" rel=\"nofollow noopener\" target=\"_blank\">Gil Martin<\/a><br \/>\n        <\/strong><\/p>\n<p>        Publi\u00e9 le<\/p>\n<p>            31 ao\u00fbt 2025 \u00e0 12h28        <\/p>\n<p>Le club de basket du <strong>BLMA<\/strong> (Basket Lattes-Montpellier Association), dont les Gazelles \u00e9voluent en LFB, le championnat de France basket f\u00e9minin, a pris l\u2019initiative d\u2019organiser en 2024<a href=\"https:\/\/actu.fr\/occitanie\/montpellier_34172\/montpellier-pour-le-sport-feminin-blma-s-offre-l-arena-le-24-mars_60666170.html\" rel=\"nofollow noopener\" target=\"_blank\"> une grande journ\u00e9e d\u00e9di\u00e9e \u00e0 la pratique sportive et au d\u00e9veloppement du sport f\u00e9minin\u00a0<\/a>: <strong>la journ\u00e9e H\u00e9raia<\/strong>.<\/p>\n<p>A l\u2019Arena le 5 octobre<\/p>\n<p class=\" wall-content\">Le club lattois que cette initiative est reconduite cette ann\u00e9e : la seconde \u00e9dition des H\u00e9raia se d\u00e9roulera le dimanche 5 octobre 2025 \u00e0 nouveau \u00e0 la Sud de France Arena et proposera au public de tester plusieurs disciplines (crossfit, escalade, tir \u00e0 l\u2019arc, escrime, arts martiaux, boxe, etc\u2026), avec en point d\u2019orgue de la journ\u00e9e le match de basketball professionnel f\u00e9minin \u00e0 17h entre le BLMA et l\u2019ESBVA, comptant pour la deuxi\u00e8me journ\u00e9e du championnat de France.<\/p>\n<p><strong>Pourquoi \u00ab H\u00e9raia \u00bb ?<\/strong> Dans la Gr\u00e8ce Antique, les H\u00e9raia (ou Jeux H\u00e9r\u00e9ens) \u00e9taient une comp\u00e9tition gymnique organis\u00e9e \u00e0 l\u2019honneur de la d\u00e9esse H\u00e9ra et r\u00e9serv\u00e9e exclusivement aux femmes.<\/p>\n<p>\u00ab\u00a0Inspirer les femmes\u00a0\u00bb<\/p>\n<p class=\" wall-content\">\u00ab Depuis plusieurs ann\u00e9es d\u00e9j\u00e0, le BLMA \u0153uvre pour la promotion du basketball f\u00e9minin et, plus globalement, la mise en avant du sport f\u00e9minin \u00bb, explique le club lattois qui avait profiter du programme de pr\u00e9paration des Jeux Olympiques de Paris 2024 pour lancer ses H\u00e9raia, et qui entend perp\u00e9tuer l\u2019\u00e9v\u00e8nement\u00a0: \u00ab\u00a0Le club souhaite agir pour ancrer la pratique f\u00e9minine dans les usages. Nous avons l\u2019intime conviction que les athl\u00e8tes d\u2019aujourd\u2019hui peuvent et doivent inspirer les femmes de demain. Il est donc primordial d\u2019inciter les femmes, quel que soit leur \u00e2ge, \u00e0 d\u00e9buter ou reprendre une activit\u00e9 sportive \u00bb.<\/p>\n<p>    <a href=\"https:\/\/www.google.com\/maps\/embed?pb=!1m18!1m12!1m3!1d2890.5894344930443!2d3.948909711306906!3d43.57343747098547!2m3!1f0!2f0!3f0!3m2!1i1024!2i768!4f13.1!3m3!1m2!1s0x12b6a4d5fc7a3bf7%3A0x7409bb29f43e093a!2sSud%20de%20France%20Arena!5e0!3m2!1sfr!2sfr!4v1754091753366!5m2!1sfr!2sfr\" title=\"Ouvrie le lien\" rel=\"nofollow noopener\" target=\"_blank\">Cliquez ici pour visualiser le contenu<\/a><\/p>\n<p>Vid\u00e9os : en ce moment sur ActuAu programme des H\u00e9raia 2025<\/p>\n<p>-De 10h \u00e0 16h\u00a0: Village sportif dans l\u2019Arena, avec de nombreux sports \u00e0 tester\u00a0;<br \/>-Comp\u00e9tition de Crossfit\u00a0100% f\u00e9minine ;<br \/>-A 17h : match de basketball professionnel f\u00e9minin entre le BLMA et l\u2019ESBVA (deuxi\u00e8me journ\u00e9e du championnat La Boulang\u00e8re WonderLigue).<\/p>\n<p>    <img   decoding=\"async\" loading=\"lazy\" src=\"https:\/\/www.europesays.com\/fr\/wp-content\/uploads\/2025\/08\/photo-heraia-1-960x640.jpg\" alt=\"L'an dernier, plus de 9500 personnes  9 500 spectateurs avaient arpent\u00e9 les couloirs de l\u2019Arena durant la journ\u00e9e des H\u00e9raria\" width=\"960\" height=\"640\"\/><br \/>\n    L\u2019an dernier, plus de 9500 personnes 9 500 spectateurs avaient arpent\u00e9 les couloirs de l\u2019Arena durant la journ\u00e9e des H\u00e9raria (\u00a9BLMA)<\/p>\n<p>Votre r\u00e9gion, votre actu !<\/p>\n<p>Recevez chaque jour les infos qui comptent pour vous.<\/p>\n<p>\t<a href=\"https:\/\/actu.fr\/newsletter\" class=\"ac-btn ac-btn--corner ac-btn--medium ac-btn--blue800\" rel=\"nofollow noopener\" target=\"_blank\">S&rsquo;incrire<\/a><br \/>\nTester de nouveaux sports<\/p>\n<p class=\" wall-content\">\u00ab\u00a0Le dimanche 24 mars 2024, la Sud de France Arena de Montpellier accueillait la toute premi\u00e8re \u00e9dition de l\u2019\u00e9v\u00e9nement sportif unique H\u00c9RAIA. Au total, pas moins de 9 500 spectateurs avaient arpent\u00e9 les couloirs de l\u2019Arena durant la journ\u00e9e\u2026\u00a0Les nombreux stands pr\u00e9sents dans le Village des Sportives avaient permis aux spectateurs de d\u00e9couvrir et tester de nouveaux sports, mais \u00e9galement de comprendre les bienfaits de la pratique sportive sur la sant\u00e9 physique et mentale \u00bb, rappelle le BLMA.<\/p>\n<p class=\" wall-content\"><strong>Le BLMA pour un record<\/strong><\/p>\n<p class=\" wall-content\">Le club esp\u00e8re faire aussi bien en octobre prochain, voire mieux pour battre un record qui lui appartient d\u00e9j\u00e0\u00a0: \u00ab\u00a0Lors des H\u00e9raia de 2024, le BLMA a battu le record d\u2019affluence pour une rencontre de sport collectif f\u00e9minin indoor en France avec 8 069 spectateurs\u00a0\u00bb. Combien seront-ils dans les tribunes le 5 octobre 2025\u00a0?<\/p>\n<p><strong>&gt; <\/strong>Journ\u00e9e des H\u00e9raia.\u00a0Dimanche 5 octobre, Sud de France Arena \u00e0 P\u00e9rols. \u00c0 partir de 9\u20ac.<br \/>\nInfos et r\u00e9servations : <a href=\"http:\/\/www.blma.camatau.com\/billetterie\/events\/155\/shows\/949\" rel=\"nofollow noopener\" target=\"_blank\">www.blma.camatau.com\/billetterie\/events\/155\/shows\/949<\/a><\/p>\n<p class=\" wall-content\">Personnalisez votre actualit\u00e9 en ajoutant vos villes et m\u00e9dias en favori avec <a href=\"https:\/\/moncompte.actu.fr\" title=\"D\u00e9couvez Mon Actu\" rel=\"nofollow noopener\" data-trk=\"{&quot;cta&quot;:{&quot;action&quot;:&quot;https:\\\/\\\/moncompte.actu.fr&quot;,&quot;category&quot;:&quot;mon compte&quot;,&quot;from&quot;:&quot;article footer&quot;,&quot;name&quot;:&quot;Mon actu&quot;,&quot;type&quot;:&quot;cta&quot;}}\" target=\"_blank\">Mon Actu<\/a>.<\/p>\n","protected":false},"excerpt":{"rendered":"Par Gil Martin Publi\u00e9 le 31 ao\u00fbt 2025 \u00e0 12h28 Le club de basket du BLMA (Basket Lattes-Montpellier&hellip;\n","protected":false},"author":2,"featured_media":356308,"comment_status":"","ping_status":"","sticky":false,"template":"","format":"standard","meta":{"footnotes":""},"categories":[9599],"tags":[1111,11,1777,674,1011,27,2208,12,2680,25,60],"class_list":{"0":"post-356307","1":"post","2":"type-post","3":"status-publish","4":"format-standard","5":"has-post-thumbnail","7":"category-montpellier","8":"tag-actu","9":"tag-actualites","10":"tag-eu","11":"tag-europe","12":"tag-fr","13":"tag-france","14":"tag-montpellier","15":"tag-news","16":"tag-occitanie","17":"tag-republique-francaise","18":"tag-sports"},"share_on_mastodon":{"url":"https:\/\/pubeurope.com\/@fr\/115123040085371561","error":""},"_links":{"self":[{"href":"https:\/\/www.europesays.com\/fr\/wp-json\/wp\/v2\/posts\/356307","targetHints":{"allow":["GET"]}}],"collection":[{"href":"https:\/\/www.europesays.com\/fr\/wp-json\/wp\/v2\/posts"}],"about":[{"href":"https:\/\/www.europesays.com\/fr\/wp-json\/wp\/v2\/types\/post"}],"author":[{"embeddable":true,"href":"https:\/\/www.europesays.com\/fr\/wp-json\/wp\/v2\/users\/2"}],"replies":[{"embeddable":true,"href":"https:\/\/www.europesays.com\/fr\/wp-json\/wp\/v2\/comments?post=356307"}],"version-history":[{"count":0,"href":"https:\/\/www.europesays.com\/fr\/wp-json\/wp\/v2\/posts\/356307\/revisions"}],"wp:featuredmedia":[{"embeddable":true,"href":"https:\/\/www.europesays.com\/fr\/wp-json\/wp\/v2\/media\/356308"}],"wp:attachment":[{"href":"https:\/\/www.europesays.com\/fr\/wp-json\/wp\/v2\/media?parent=356307"}],"wp:term":[{"taxonomy":"category","embeddable":true,"href":"https:\/\/www.europesays.com\/fr\/wp-json\/wp\/v2\/categories?post=356307"},{"taxonomy":"post_tag","embeddable":true,"href":"https:\/\/www.europesays.com\/fr\/wp-json\/wp\/v2\/tags?post=356307"}],"curies":[{"name":"wp","href":"https:\/\/api.w.org\/{rel}","templated":true}]}}