{"id":356309,"date":"2025-08-31T11:02:18","date_gmt":"2025-08-31T11:02:18","guid":{"rendered":"https:\/\/www.europesays.com\/fr\/356309\/"},"modified":"2025-08-31T11:02:18","modified_gmt":"2025-08-31T11:02:18","slug":"cest-ma-ville-de-coeur","status":"publish","type":"post","link":"https:\/\/www.europesays.com\/fr\/356309\/","title":{"rendered":"\u00ab C&rsquo;est ma ville de c\u0153ur \u00bb"},"content":{"rendered":"<p>            Par<br \/>\n        <strong><br \/>\n            <a href=\"https:\/\/actu.fr\/auteur\/emilien-jacques\" title=\"Consulter tous les articles de Emilien Jacques\" rel=\"nofollow noopener\" target=\"_blank\">Emilien Jacques<\/a><br \/>\n        <\/strong><\/p>\n<p>        Publi\u00e9 le<\/p>\n<p>            31 ao\u00fbt 2025 \u00e0 11h16        <\/p>\n<p>\u00c0 <a href=\"https:\/\/actu.fr\/normandie\/bois-guillaume_76108\" rel=\"nofollow noopener\" target=\"_blank\">Bois-Guillaume (Seine-Maritime)<\/a>, <strong>la course \u00e0 la mairie<\/strong> pour les municipales de mars 2026, est d\u00e9j\u00e0 lanc\u00e9e. Cet \u00e9t\u00e9, c\u2019est <strong>Sosth\u00e8ne Loser<\/strong>, 43 ans, leader du collectif<strong> Nous sommes Bois-Guillaume<\/strong> qui se pr\u00e9sente sur la ligne de d\u00e9part. Trop t\u00f4t ? En aucun cas, selon le candidat, qui veut se donner le temps d\u2019aborder tous ses sujets : \u00ab On a beaucoup de choses \u00e0 dire. \u00bb<\/p>\n<p>\u00ab Ma ville de c\u0153ur \u00bb<\/p>\n<p class=\" wall-content\">Sosth\u00e8ne Loser a pass\u00e9 sa jeunesse \u00e0 Bois-Guillaume avant de quitter le d\u00e9partement apr\u00e8s ses \u00e9tudes de sciences et techniques des activit\u00e9s physiques et sportives (<strong>STAPS<\/strong>) \u00e0 l\u2019universit\u00e9 de Rouen. Il a atterri \u00e0 Pont-Audemer (Eure), o\u00f9 il a mont\u00e9 sa premi\u00e8re salle de sport (il en poss\u00e8de quatre d\u2019aujourd\u2019hui).<\/p>\n<p class=\" wall-content\">Quelques ann\u00e9es plus tard, il conna\u00eet sa premi\u00e8re exp\u00e9rience en tant qu\u2019\u00e9lu \u00e0 Anceaumeville, o\u00f9 il est adjoint au maire entre 2008 et 2012. Puis, il fait <strong>son retour \u00e0 Bois-Guillaume<\/strong> apr\u00e8s la p\u00e9riode du Covid, une sorte de retour aux sources : \u00ab C\u2019est ma ville de c\u0153ur. Tous mes amis d\u2019enfance sont l\u00e0. Toute ma vie sociale se fait sur le coin \u00bb, dit-il. Et c\u2019est assez naturellement qu\u2019il s\u2019int\u00e9resse \u00e0 la vie de la commune.<\/p>\n<blockquote class=\"ac-article-quote wall-content\">\n<p>J&rsquo;ai toujours eu un attrait pour la vie municipale. J&rsquo;ai toujours \u00e9t\u00e9 un acteur engag\u00e9, un acteur du local<\/p>\n<p>    <strong>Sosth\u00e8ne Loser<\/strong><br \/>\n        Candidat \u00e0 la mairie de Bois-Guillaume    <\/p><\/blockquote>\n<p class=\" wall-content\">C\u2019est \u00e0 force de discussions et de rencontres avec des acteurs locaux et des \u00e9lus d\u2019opposition qu\u2019est n\u00e9, il y a un an, le collectif Nous sommes Bois-Guillaume. \u00ab Au d\u00e9but, on parlait de <strong>l\u2019\u00e9volution de la commune<\/strong>. Quand on a vu les diff\u00e9rents \u00e9l\u00e9ments de d\u00e9rive, l\u2019id\u00e9e a grandi de faire quelque chose pour Bois-Guillaume \u00bb, retrace Sosth\u00e8ne Loser.<\/p>\n<p class=\" wall-content\">Ce \u00ab rassemblement de citoyens \u00bb, comme il le pr\u00e9sente, r\u00e9fute toute vision partisane de l\u2019\u00e9lectorat : \u00ab on est sur un discours citoyen \u00bb, annonce-t-il, \u00ab nous ne sommes pas d\u2019un bord politique \u00bb.<\/p>\n<p class=\" wall-content\">Pas d\u2019\u00e9tiquette donc, mais une sensibilit\u00e9 tout de m\u00eame bien d\u00e9finie : \u00ab \u00c7a va <strong>du centre gauche<\/strong>, ce qu\u2019on appelle la gauche s\u00e9curitaire,<strong> \u00e0 la droite<\/strong> \u00bb, explique le candidat. Constitu\u00e9 d\u2019une vingtaine de membres, le collectif a identifi\u00e9, depuis un an, trois points centraux sur lesquels il va baser sa campagne.<\/p>\n<p>\u00ab Il a d\u00e9gomm\u00e9 la tr\u00e9sorerie \u00bb<\/p>\n<p class=\" wall-content\">\u00ab Il a d\u00e9gomm\u00e9 la tr\u00e9sorerie \u00bb : Sosth\u00e8ne Loser parle de Th\u00e9o Perez, maire actuel de Bois-Guillaume, et de sa gestion des finances sans d\u00e9tours Selon lui, cette tr\u00e9sorerie \u00e9tait de<strong> 5 millions d\u2019euros<\/strong> au sortir des derni\u00e8res \u00e9lections municipales de 2020, et de 400 000 euros aujourd\u2019hui. Des chiffres sourc\u00e9s et d\u00e9taill\u00e9s dans des vid\u00e9os explicatives sur la page Facebook du collectif.<\/p>\n<p>Votre r\u00e9gion, votre actu !<\/p>\n<p>Recevez chaque jour les infos qui comptent pour vous.<\/p>\n<p>\t<a href=\"https:\/\/actu.fr\/newsletter\" class=\"ac-btn ac-btn--corner ac-btn--medium ac-btn--blue800\" rel=\"nofollow noopener\" target=\"_blank\">S&rsquo;incrire<\/a><\/p>\n<p class=\" wall-content\">Collectif qui fait \u00e9galement de <strong>la s\u00e9curit\u00e9<\/strong> une de ses priorit\u00e9s pour la commune. Avec pour objectif de faire baisser le taux de cambriolages, sup\u00e9rieur de plus de 33 % par rapport \u00e0 la moyenne nationale, selon un article du Figaro datant de 2024, que le candidat ne manque pas d\u2019\u00e9voquer.<\/p>\n<p class=\" wall-content\">Enfin, Sosth\u00e8ne Loser d\u00e9nonce<strong> un urbanisme non ma\u00eetris\u00e9<\/strong> de la part de la municipalit\u00e9 actuelle : une \u00ab explosion des logements sociaux \u00bb. Il prend l\u2019exemple de ceux pr\u00e9vus le long de la route de Neufch\u00e2tel, qui vont, selon lui, aggraver la circulation d\u00e9j\u00e0 difficile sur cet axe, ou encore risquer de saturer les \u00e9coles en provoquant une augmentation du nombre d\u2019\u00e9l\u00e8ves.<\/p>\n<p>\u00ab On a fait le job \u00bb<\/p>\n<p class=\" wall-content\">C\u2019est pour avoir le temps d\u2019approfondir et de d\u00e9velopper ces principaux axes que le collectif Nous sommes Bois-Guillaume a voulu d\u00e9marrer sa campagne d\u00e8s cet \u00e9t\u00e9 : \u00ab on a <strong>beaucoup d\u2019\u00e9l\u00e9ments \u00e0 communiquer<\/strong> sur ces trois points. On a fait le job \u00bb, affirme Sosth\u00e8ne Loser. \u00ab Si on veut tout dire, il faut se donner du temps \u00bb. Selon lui, \u00ab si les gens partent tard, c\u2019est qu\u2019ils n\u2019ont pas grand-chose \u00e0 dire. \u00bb<\/p>\n<p class=\" wall-content\">Personnalisez votre actualit\u00e9 en ajoutant vos villes et m\u00e9dias en favori avec <a href=\"https:\/\/moncompte.actu.fr\" title=\"D\u00e9couvez Mon Actu\" rel=\"nofollow noopener\" data-trk=\"{&quot;cta&quot;:{&quot;action&quot;:&quot;https:\\\/\\\/moncompte.actu.fr&quot;,&quot;category&quot;:&quot;mon compte&quot;,&quot;from&quot;:&quot;article footer&quot;,&quot;name&quot;:&quot;Mon actu&quot;,&quot;type&quot;:&quot;cta&quot;}}\" target=\"_blank\">Mon Actu<\/a>.<\/p>\n","protected":false},"excerpt":{"rendered":"Par Emilien Jacques Publi\u00e9 le 31 ao\u00fbt 2025 \u00e0 11h16 \u00c0 Bois-Guillaume (Seine-Maritime), la course \u00e0 la mairie&hellip;\n","protected":false},"author":2,"featured_media":356310,"comment_status":"","ping_status":"","sticky":false,"template":"","format":"standard","meta":{"footnotes":""},"categories":[9587],"tags":[1111,11,1777,674,1011,27,3434,12,5161,316,25,9590],"class_list":{"0":"post-356309","1":"post","2":"type-post","3":"status-publish","4":"format-standard","5":"has-post-thumbnail","7":"category-rouen","8":"tag-actu","9":"tag-actualites","10":"tag-eu","11":"tag-europe","12":"tag-fr","13":"tag-france","14":"tag-municipales-2026","15":"tag-news","16":"tag-normandie","17":"tag-politique","18":"tag-republique-francaise","19":"tag-rouen"},"share_on_mastodon":{"url":"https:\/\/pubeurope.com\/@fr\/115123044464073672","error":""},"_links":{"self":[{"href":"https:\/\/www.europesays.com\/fr\/wp-json\/wp\/v2\/posts\/356309","targetHints":{"allow":["GET"]}}],"collection":[{"href":"https:\/\/www.europesays.com\/fr\/wp-json\/wp\/v2\/posts"}],"about":[{"href":"https:\/\/www.europesays.com\/fr\/wp-json\/wp\/v2\/types\/post"}],"author":[{"embeddable":true,"href":"https:\/\/www.europesays.com\/fr\/wp-json\/wp\/v2\/users\/2"}],"replies":[{"embeddable":true,"href":"https:\/\/www.europesays.com\/fr\/wp-json\/wp\/v2\/comments?post=356309"}],"version-history":[{"count":0,"href":"https:\/\/www.europesays.com\/fr\/wp-json\/wp\/v2\/posts\/356309\/revisions"}],"wp:featuredmedia":[{"embeddable":true,"href":"https:\/\/www.europesays.com\/fr\/wp-json\/wp\/v2\/media\/356310"}],"wp:attachment":[{"href":"https:\/\/www.europesays.com\/fr\/wp-json\/wp\/v2\/media?parent=356309"}],"wp:term":[{"taxonomy":"category","embeddable":true,"href":"https:\/\/www.europesays.com\/fr\/wp-json\/wp\/v2\/categories?post=356309"},{"taxonomy":"post_tag","embeddable":true,"href":"https:\/\/www.europesays.com\/fr\/wp-json\/wp\/v2\/tags?post=356309"}],"curies":[{"name":"wp","href":"https:\/\/api.w.org\/{rel}","templated":true}]}}