{"id":356313,"date":"2025-08-31T11:06:30","date_gmt":"2025-08-31T11:06:30","guid":{"rendered":"https:\/\/www.europesays.com\/fr\/356313\/"},"modified":"2025-08-31T11:06:30","modified_gmt":"2025-08-31T11:06:30","slug":"ligue-2-on-a-ete-efficace-devant-le-but-le-gf38-arrache-un-match-nul-inespere-contre-lasse","status":"publish","type":"post","link":"https:\/\/www.europesays.com\/fr\/356313\/","title":{"rendered":"Ligue 2. \u00ab On a \u00e9t\u00e9 efficace devant le but \u00bb : le GF38 arrache un match nul inesp\u00e9r\u00e9 contre l&rsquo;ASSE"},"content":{"rendered":"<p>Les Verts pensaient poursuivre leur bel \u00e9t\u00e9 quand Nad\u00e9 est venu ouvrir le score \u00e0 la demi-heure de jeu. Surnomm\u00e9 par certains comme \u00ab le PSG de la Ligue 2 \u00bb, l\u2019ASSE avan\u00e7ait avec une ligne offensive impressionnante qui est pourtant rest\u00e9e atone. Cela en raison de nombreuses maladresses mais aussi d\u2019un collectif is\u00e9rois valeureux et d\u2019un Diop d\u00e9cisif.<\/p>\n<p>Dans ce derby, Eirik Horneland avait opt\u00e9 pour une attaque compos\u00e9e de Cardona, Davitashvili et Duffus, laissant sur le banc Stassin et Boakye. Un trio offensif qui a mis du temps \u00e0 se montrer malgr\u00e9 une possession de balle largement \u00e0 l\u2019avantage des St\u00e9phanois. Bien en place, Grenoble a contrari\u00e9 les Verts d\u2019entr\u00e9e avec sa d\u00e9fense \u00e0 cinq bien disciplin\u00e9e.<\/p>\n<p>Ce contenu est bloqu\u00e9 car vous n&rsquo;avez pas accept\u00e9 les cookies et autres traceurs.<\/p>\n<p>En cliquant sur \u00ab J\u2019accepte \u00bb, les cookies et autres traceurs seront d\u00e9pos\u00e9s et vous pourrez visualiser les contenus  (<a href=\"\" class=\"consentModule_policy\" target=\"_blank\" title=\"Consulter la politique de protection des donn\u00e9es du fournisseur\">plus d&rsquo;informations<\/a>).<\/p>\n<p>En cliquant sur \u00ab J\u2019accepte tous les cookies \u00bb, vous autorisez des d\u00e9p\u00f4ts de cookies et autres traceurs pour le stockage de vos donn\u00e9es sur nos sites et applications \u00e0 des fins de personnalisation et de ciblage publicitaire.<\/p>\n<p class=\"consentModule_secondaryText\">Vous gardez la possibilit\u00e9 de retirer votre consentement \u00e0 tout moment en consultant notre <a href=\"https:\/\/www.ledauphine.com\/protection-des-donnees\" target=\"_blank\" title=\"Consulter notre politique de protection des donn\u00e9es\" rel=\"nofollow noopener\">politique de protection des donn\u00e9es<\/a>. <br \/>&#13;<br \/>\n            <a href=\"https:\/\/www.ledauphine.com\/sport\/2025\/08\/30\/javascript:Didomi.notice.show()\" class=\"consentModule_cmp\" rel=\"nofollow noopener\" target=\"_blank\">G\u00e9rer mes choix<\/a>&#13;\n        <\/p>\n<p>&#13;<br \/>\n                        J&rsquo;accepte&#13;<br \/>\n            J&rsquo;accepte tous les cookies&#13;\n        <\/p>\n<p>Il faut attendre la 21e minute pour voir la premi\u00e8re v\u00e9ritable occasion : sur un bon ballon de Bernauer dans le dos de la d\u00e9fense, Tardieu remise pour Davitashvili qui voit sa frappe passer juste au-dessus des cages de Diop. Dans la foul\u00e9e, Duffus se joue de Paquiez d&rsquo;un grand pont, mais trop excentr\u00e9 sa frappe est bien repouss\u00e9e par le portier du GF38. On se dit que les St\u00e9phanois vont avoir du mal \u00e0 faire sauter le verrou grenoblois. Mieux, que les visiteurs pourraient bien cr\u00e9er la surprise. Sur un ballon lob\u00e9, Nad\u00e9 et Lamba se manquent, Zahui en profite mais Larsonneur s\u2019interpose (32e).<\/p>\n<p>Mouyokolo voit rouge<\/p>\n<p>Finalement, c\u2019est sur un cadeau grenoblois que Nad\u00e9, rest\u00e9 aux avants postes, d\u00e9livre les Verts. Sur un centre de Tardieu au point de p\u00e9nalty, Mambo manque son dribble devant le d\u00e9fenseur st\u00e9phanois qui en profite pour marquer du plat du pied (1-0, 36e).<\/p>\n<p><strong><a href=\"https:\/\/www.ledauphine.com\/sport\/calendrier-resultats\/football\/national-ligue-2\" target=\"_blank\" rel=\"nofollow noopener\">&gt;&gt; Retrouvez le calendrier, le classement et les r\u00e9sultats de la Ligue 2<\/a><\/strong><\/p>\n<p class=\"insetTitle\">La r\u00e9action de la soir\u00e9e<\/p>\n<p><strong>Franck Rizzetto, entra\u00eeneur du GF38\u00a0: <\/strong>\u00ab\u00a0Je suis tr\u00e8s content. Revenir au score, c\u2019est tr\u00e8s bien. J\u2019ai toujours eu une \u00e9quipe qui ne l\u00e2chait pas. On n\u2019est pas la seule \u00e0 avoir subi comme \u00e7a depuis le d\u00e9but du championnat face \u00e0 eux. On a \u00e9t\u00e9 efficace devant le but, tant mieux, mais je retiens surtout la rigueur et la discipline que mon \u00e9quipe a men\u00e9 face \u00e0 cette belle \u00e9quipe de Saint-Etienne. Malgr\u00e9 cette erreur, il fallait continuer comme \u00e7a parce que je savais qu\u2019on allait avoir une situation. On a fait front. Il faut \u00eatre lucide\u00a0: on n\u2019a pas encore gagn\u00e9 un match donc on attend patiemment cette victoire. \u00bb<\/p>\n<p><strong>Eirik Horneland, entra\u00eeneur de l&rsquo;ASSE :\u00a0<\/strong>\u00ab L\u2019enjeu \u00e9tait d\u2019arriver \u00e0 cr\u00e9er du rythme. On a \u00e9t\u00e9 \u00e0 l\u2019initiative mais on n\u2019a pas su cr\u00e9er assez et profiter de cette possession de balle. Dans le dernier tiers du terrain, on a manqu\u00e9 d\u2019initiative sans ballon. Quand on est autant en contr\u00f4le du jeu, on aurait d\u00fb se cr\u00e9er davantage d\u2019occasions. J\u2019ai trouv\u00e9 que les joueurs ont attaqu\u00e9 avec une bonne \u00e9nergie. C\u2019est le manque d\u2019opportunit\u00e9 qui nous a fait d\u00e9faut. On a manqu\u00e9 de rythme pour \u00eatre plus efficaces devant le but. On a \u00e9galement d\u00fb changer deux joueurs \u00e0 la pause. Jaber est sorti bless\u00e9. Il a d\u00fb \u00eatre recousu \u00e0 la mi-temps. Je pense qu\u2019il aurait d\u00fb y avoir un carton rouge sur cette action. Il reste deux jours de mercato. Je serai content quand on sera arriv\u00e9 au bout. Je pense que ce sera plut\u00f4t calme mais je ne suis pas aux commandes.\u00a0\u00bb<\/p>\n<p class=\"insetSignature\">Propos reccueillis par Florian Leyvastre et Cl\u00e9ment Goutelle<\/p>\n<p>Au retour des vestiaires, Moueffek et Jaber c\u00e8dent leur place c\u00f4t\u00e9 st\u00e9phanois. Le premier \u00e9tait incertain et le second est sorti en raison d\u2019une grosse entaille apr\u00e8s le tacle non ma\u00eetris\u00e9 de Paquiez (45e). Pour les remplacer, Eirik Horneland lance deux jeunes du centre de formation : Gadegbeku et El-Jamali. Comme face \u00e0 Rodez, les Verts reviennent tambour battant et tentent d\u2019emballer la rencontre. El-Jamali pousse Diop \u00e0 la parade (50e). Dans la foul\u00e9e, sur une ouverture lumineuse de Bernauer, Cardona se pr\u00e9sente seul devant le portier grenoblois qui remporte son duel. L\u2019attaquant manque cette fois le cadre sur un centre en retrait tendu de Ferreira (69e).<\/p>\n<p>Duffus, peu adroit, c\u00e8de sa place \u00e0 Stassin (76e). Mais \u00e0 force de laisser filer les occasions de faire le break, Grenoble en profite. C\u00f4t\u00e9 droit, Delos adresse un centre millim\u00e9tr\u00e9 sur la t\u00eate de Diaby, qui surgit dans le dos de Lamba, pour \u00e9galiser (1-1, 77e). Mouyokolo est exclu en fin de rencontre apr\u00e8s un deuxi\u00e8me carton jaune (90e +3).<\/p>\n<p>Une ombre au tableau pour le GF38 qui sera surtout satisfait d\u2019avoir arrach\u00e9 le nul. Un point qui va revigorer un collectif grenoblois apr\u00e8s un d\u00e9but de saison d\u00e9licat. Pour l\u2019ASSE, c\u2019est deux points de perdus et une piqure de rappel que le chemin vers la Ligue 1 est long et difficile.<\/p>\n<p><strong><a href=\"https:\/\/www.ledauphine.com\/sport\/2025\/08\/30\/l-asse-peut-confirmer-a-domicile-le-gf38-veut-eviter-la-crise-suivez-le-match\" rel=\"nofollow noopener\" target=\"_blank\">&gt;&gt;\u00a0Le GF38 r\u00e9alise un gros coup contre l&rsquo;ASSE \u00e0 10 contre 11&#8230; Revivez le match<\/a><\/strong><\/p>\n","protected":false},"excerpt":{"rendered":"Les Verts pensaient poursuivre leur bel \u00e9t\u00e9 quand Nad\u00e9 est venu ouvrir le score \u00e0 la demi-heure de&hellip;\n","protected":false},"author":2,"featured_media":356314,"comment_status":"","ping_status":"","sticky":false,"template":"","format":"standard","meta":{"footnotes":""},"categories":[9566],"tags":[1111,11,9443,2430,112,113,114,1777,674,107,1701,63,1011,27,12637,2731,2732,108,12636,12,25,517,1947],"class_list":{"0":"post-356313","1":"post","2":"type-post","3":"status-publish","4":"format-standard","5":"has-post-thumbnail","7":"category-grenoble","8":"tag-actu","9":"tag-actualites","10":"tag-asse-as-saint-etienne","11":"tag-auvergne-rhone-alpes","12":"tag-edition-grenoble-agglomeration","13":"tag-edition-gresivaudan-oisans","14":"tag-edition-voiron-saint-marcellin","15":"tag-eu","16":"tag-europe","17":"tag-fil-info","18":"tag-fil-info-sport","19":"tag-football","20":"tag-fr","21":"tag-france","22":"tag-gf38-grenoble-foot-38","23":"tag-grenoble","24":"tag-grenoble-bassin","25":"tag-isere","26":"tag-ligue-2-football","27":"tag-news","28":"tag-republique-francaise","29":"tag-sport","30":"tag-sport-national"},"share_on_mastodon":{"url":"https:\/\/pubeurope.com\/@fr\/115123059700375988","error":""},"_links":{"self":[{"href":"https:\/\/www.europesays.com\/fr\/wp-json\/wp\/v2\/posts\/356313","targetHints":{"allow":["GET"]}}],"collection":[{"href":"https:\/\/www.europesays.com\/fr\/wp-json\/wp\/v2\/posts"}],"about":[{"href":"https:\/\/www.europesays.com\/fr\/wp-json\/wp\/v2\/types\/post"}],"author":[{"embeddable":true,"href":"https:\/\/www.europesays.com\/fr\/wp-json\/wp\/v2\/users\/2"}],"replies":[{"embeddable":true,"href":"https:\/\/www.europesays.com\/fr\/wp-json\/wp\/v2\/comments?post=356313"}],"version-history":[{"count":0,"href":"https:\/\/www.europesays.com\/fr\/wp-json\/wp\/v2\/posts\/356313\/revisions"}],"wp:featuredmedia":[{"embeddable":true,"href":"https:\/\/www.europesays.com\/fr\/wp-json\/wp\/v2\/media\/356314"}],"wp:attachment":[{"href":"https:\/\/www.europesays.com\/fr\/wp-json\/wp\/v2\/media?parent=356313"}],"wp:term":[{"taxonomy":"category","embeddable":true,"href":"https:\/\/www.europesays.com\/fr\/wp-json\/wp\/v2\/categories?post=356313"},{"taxonomy":"post_tag","embeddable":true,"href":"https:\/\/www.europesays.com\/fr\/wp-json\/wp\/v2\/tags?post=356313"}],"curies":[{"name":"wp","href":"https:\/\/api.w.org\/{rel}","templated":true}]}}