{"id":356315,"date":"2025-08-31T11:07:11","date_gmt":"2025-08-31T11:07:11","guid":{"rendered":"https:\/\/www.europesays.com\/fr\/356315\/"},"modified":"2025-08-31T11:07:11","modified_gmt":"2025-08-31T11:07:11","slug":"voici-les-7-infos-quil-ne-fallait-pas-rater-cet-ete-a-rennes","status":"publish","type":"post","link":"https:\/\/www.europesays.com\/fr\/356315\/","title":{"rendered":"Voici les 7 infos qu\u2019il ne fallait pas rater cet \u00e9t\u00e9 \u00e0 Rennes"},"content":{"rendered":"<p>9 juillet &#8211; L\u2019avocat rennais Maxime Tessier se donne la mort<\/p>\n<p>C\u2019est un s\u00e9isme pour le monde judiciaire. L\u2019avocat p\u00e9naliste <a href=\"https:\/\/www.letelegramme.fr\/bretagne\/lavocat-de-joel-le-scouarnec-maxime-tessier-est-decede-6852253.php\" target=\"_blank\" rel=\"nofollow noopener\">Maxime Tessier<\/a> d\u00e9c\u00e8de dans la nuit de mardi \u00e0 mercredi. Le Parquet privil\u00e9gie la th\u00e8se du suicide. Le Rennais de 34 ans, dont le talent \u00e9tait lou\u00e9 par ses confr\u00e8res, est notamment connu pour avoir assur\u00e9 la d\u00e9fense de Jo\u00ebl Le Scouarnec, chirurgien p\u00e9docriminel condamn\u00e9, fin mai, \u00e0 20 ans de r\u00e9clusion pour viols et agressions sexuelles sur 299 victimes. \u00ab Mon client n\u2019a jamais demand\u00e9 l\u2019acquittement mais le droit \u00e0 la repentance \u00bb, avait plaid\u00e9 Me Tessier. Le lendemain de sa mort, une centaine d\u2019avocats et des magistrats lui rendent hommage devant le Parlement.<\/p>\n<p><a class=\"tlg-kiosque tlg-kiosque-rennes gtm-kiosque-rennes\" href=\"https:\/\/www.lemensuel.com\/rennes\" target=\"_blank\" rel=\"nofollow noopener\"><img decoding=\"async\" src=\"https:\/\/www.europesays.com\/fr\/wp-content\/uploads\/2025\/07\/MDR_une_complete.png\" alt=\"Couverture Mensuel Rennes\"\/><\/p>\n<p>Le Mensuel de Rennes<\/p>\n<p>Magazine curieux et (im)pertinent !<\/p>\n<p>D\u00e9couvrez<\/a>23 juillet &#8211; L\u2019horloge des Lices est \u00e0 nouveau dans la place<\/p>\n<p>C\u2019est la bonne nouvelle de l\u2019\u00e9t\u00e9 pour ceux qui veulent se fixer un rencard au centre de Rennes. L\u2019horloge des Lices est de retour sur la place \u00e9ponyme apr\u00e8s un an et demi d\u2019absence. \u00c9rig\u00e9e \u00e0 l\u2019endroit d\u2019une ancienne potence, elle avait subi des d\u00e9gradations. \u00ab L\u2019horloge et sa motorisation \u00e9taient hors service \u00bb, selon Luis Cabral, charg\u00e9 d\u2018affaires pour l\u2019horlogerie Bodet qui officiait pour la troisi\u00e8me fois sur les m\u00e9canismes. \u00ab \u00c0 chaque fois, l\u2019horloge a \u00e9t\u00e9 vandalis\u00e9e. C\u2019est de la b\u00eatise. Maintenant, elle est blind\u00e9e. Elle est prot\u00e9g\u00e9e par des plaques de verre qui emp\u00eachent les gens de l\u2019escalader. \u00bb Le co\u00fbt de la restauration s\u2019\u00e9l\u00e8ve \u00e0 10 000 \u20ac. Fabriqu\u00e9e en 1865, l\u2019horloge avait \u00e9t\u00e9 install\u00e9e \u00ab \u00e0 la fin de ann\u00e9es 80 ou au d\u00e9but des ann\u00e9es 90 \u00bb selon la Ville.<\/p>\n<p>29 juillet &#8211; Le retour des grandes tours<\/p>\n<p>Le conseil d\u2019\u00c9tat donne son feu vert \u00e0 la construction de tours de 11 et 15 \u00e9tages du programme Ecotones, entre les boulevards de Vitr\u00e9 et Raymond-Poincar\u00e9. La plus haute culminera \u00e0 48 m. Cinq riverains avaient attaqu\u00e9 le permis de construire en 2022. \u00ab Quand je suis arriv\u00e9e il y a 14 ans, il n\u2019y avait que des maisons, se souvient Suzie, une habitante. Depuis, beaucoup ont \u00e9t\u00e9 d\u00e9truites pour construire des immeubles \u00e0 la place. \u00bb Aucune date n\u2019est avanc\u00e9e pour le d\u00e9but des travaux.<\/p>\n<p>31 juillet &#8211; Darmanin interdit un stage de surf pour les d\u00e9tenus<\/p>\n<p>Le toll\u00e9 part d\u2019un communiqu\u00e9 post\u00e9 sur les r\u00e9seaux sociaux. Le syndicat UFAP de la prison de Rennes-Vezin explique qu\u2019un stage de surf a \u00e9t\u00e9 prescrit par l\u2019h\u00f4pital psychiatrique Guillaume-R\u00e9gnier \u00e0 plusieurs d\u00e9tenus. Dans la foul\u00e9e, G\u00e9rald Darmanin demande son \u00ab annulation imm\u00e9diate \u00bb. \u00ab On manque cruellement de moyens dans les prisons fran\u00e7aises, il y a une surpopulation end\u00e9mique, s\u2019agace \u00c9ric Tox\u00e9, porte-parole de l\u2019UFAP Rennes (\u2026). Dans le m\u00eame temps, l\u2019\u00c9tat trouve de l\u2019argent pour offrir des stages de surf \u00e0 des d\u00e9tenus qui ont une fragilit\u00e9 psychiatrique. \u00bb Ce stage devait se d\u00e9rouler mi-septembre et visait \u00e0 une \u00ab r\u00e9insertion th\u00e9rapeutique \u00bb. En f\u00e9vrier, le Garde des sceaux avait demand\u00e9 l\u2019arr\u00eat de toute activit\u00e9 ludique en prison.<\/p>\n<p>1er ao\u00fbt &#8211; Des tags pour mieux identifier les sas v\u00e9los<\/p>\n<p>Des couleurs flashy\u2026 Des lettres calligraphi\u00e9es comme dans les bandes-dessin\u00e9es. \u00c0 partir de ce vendredi et pour plusieurs jours, une petite \u00e9quipe de Marseillais peint des messages de pr\u00e9vention dans les sas v\u00e9lo, devant les feux tricolores. Impossible \u00e0 rater\u2026 Objectif : mieux d\u00e9marquer les espaces r\u00e9serv\u00e9s aux v\u00e9los afin d\u2019\u00e9viter que les voitures osent y mettre une roue. Les slogans ? \u00ab Relax \u00bb, \u00ab molo-molo \u00bb ou encore \u00ab chill \u00bb.<\/p>\n<p>15 ao\u00fbt &#8211; Un homme meurt dans un r\u00e8glement de compte \u00e0 Maurepas<\/p>\n<p>Il est 5h lorsque les pompiers interviennent pr\u00e8s de la station Gros-Ch\u00eane \u00e0 Maurepas. Un homme de 21 ans -bless\u00e9 par un \u00ab objet tranchant \u00bb \u00e0 la poitrine et aux jambes, selon la police- g\u00eet dans une mare de sang. Malgr\u00e9 les efforts des secours, il d\u00e9c\u00e8de des suites d\u2019un arr\u00eat cardiorespiratoire. Le parquet pr\u00e9cise que la victime \u00ab avait d\u00e9j\u00e0 \u00e9t\u00e9 mise en cause dans des affaires li\u00e9es \u00e0 des infractions (concernant) les stup\u00e9fiants \u00bb. Selon Le T\u00e9l\u00e9gramme, les faits sont cons\u00e9cutifs \u00e0 un r\u00e8glement de compte qui a eu lieu quelques heures plus t\u00f4t sous les arcades du centre commercial Gros-Ch\u00eane.<\/p>\n<p>15 ao\u00fbt &#8211; Le Stade Rennais lance sa saison face \u00e0 l\u2019OM<\/p>\n<p>Ce match Rennes\/Marseille, en ouverture de la 1re journ\u00e9e de Ligue 1, rime avec victoire et la Beaujoire. Les Rouge et noir, \u00e0 10 contre 11, l\u2019emportent dans les arr\u00eats de jeu gr\u00e2ce \u00e0 un but de l\u2019ancien Canari Ludovic Blas. Un peu plus t\u00f4t, le RCK a d\u00e9ploy\u00e9 une banderole hostile \u00e0 Valentin Rougier pour sa premi\u00e8re sous les couleurs rennaises. L\u2019ex-Nantais avait chambr\u00e9 Rennes \u00e0 plusieurs reprises avant de rejoindre les bords de la Vilaine. Malgr\u00e9 cette victoire de prestige face aux Olympiens, les Rennais tr\u00e9buchent lourdement (4-0) \u00e0 Lorient, neuf jours plus tard.<\/p>\n","protected":false},"excerpt":{"rendered":"9 juillet &#8211; L\u2019avocat rennais Maxime Tessier se donne la mort C\u2019est un s\u00e9isme pour le monde judiciaire.&hellip;\n","protected":false},"author":2,"featured_media":356316,"comment_status":"","ping_status":"","sticky":false,"template":"","format":"standard","meta":{"footnotes":""},"categories":[2821],"tags":[1111,11,829,1777,674,1011,27,848,12,584,25],"class_list":{"0":"post-356315","1":"post","2":"type-post","3":"status-publish","4":"format-standard","5":"has-post-thumbnail","7":"category-rennes","8":"tag-actu","9":"tag-actualites","10":"tag-bretagne","11":"tag-eu","12":"tag-europe","13":"tag-fr","14":"tag-france","15":"tag-ille-et-vilaine","16":"tag-news","17":"tag-rennes","18":"tag-republique-francaise"},"share_on_mastodon":{"url":"https:\/\/pubeurope.com\/@fr\/115123063642629116","error":""},"_links":{"self":[{"href":"https:\/\/www.europesays.com\/fr\/wp-json\/wp\/v2\/posts\/356315","targetHints":{"allow":["GET"]}}],"collection":[{"href":"https:\/\/www.europesays.com\/fr\/wp-json\/wp\/v2\/posts"}],"about":[{"href":"https:\/\/www.europesays.com\/fr\/wp-json\/wp\/v2\/types\/post"}],"author":[{"embeddable":true,"href":"https:\/\/www.europesays.com\/fr\/wp-json\/wp\/v2\/users\/2"}],"replies":[{"embeddable":true,"href":"https:\/\/www.europesays.com\/fr\/wp-json\/wp\/v2\/comments?post=356315"}],"version-history":[{"count":0,"href":"https:\/\/www.europesays.com\/fr\/wp-json\/wp\/v2\/posts\/356315\/revisions"}],"wp:featuredmedia":[{"embeddable":true,"href":"https:\/\/www.europesays.com\/fr\/wp-json\/wp\/v2\/media\/356316"}],"wp:attachment":[{"href":"https:\/\/www.europesays.com\/fr\/wp-json\/wp\/v2\/media?parent=356315"}],"wp:term":[{"taxonomy":"category","embeddable":true,"href":"https:\/\/www.europesays.com\/fr\/wp-json\/wp\/v2\/categories?post=356315"},{"taxonomy":"post_tag","embeddable":true,"href":"https:\/\/www.europesays.com\/fr\/wp-json\/wp\/v2\/tags?post=356315"}],"curies":[{"name":"wp","href":"https:\/\/api.w.org\/{rel}","templated":true}]}}