{"id":356317,"date":"2025-08-31T11:08:12","date_gmt":"2025-08-31T11:08:12","guid":{"rendered":"https:\/\/www.europesays.com\/fr\/356317\/"},"modified":"2025-08-31T11:08:12","modified_gmt":"2025-08-31T11:08:12","slug":"mercato-rennes-leicester-veut-jordan-james","status":"publish","type":"post","link":"https:\/\/www.europesays.com\/fr\/356317\/","title":{"rendered":"Mercato Rennes\u00a0: Leicester veut Jordan James"},"content":{"rendered":"<p class=\"paragraph text_align_left lp-f-body-02\">Un an seulement apr\u00e8s son arriv\u00e9e au Stade Rennais en provenance de Birmingham, Jordan James devrait d\u00e9j\u00e0 partir. \u00c0 quelques heures de la fin du <a href=\"https:\/\/www.leparisien.fr\/sports\/football\/\" target=\"_blank\" rel=\"noreferrer nofollow noopener\">mercato<\/a>, le milieu de terrain de 21 ans fait l\u2019objet d\u2019une cour assidue de Leicester qui s\u2019est clairement positionn\u00e9 pour le r\u00e9cup\u00e9rer.<\/p>\n<p class=\"paragraph text_align_left lp-f-body-02\">Selon nos informations, le club anglais, pensionnaire de Championship (la deuxi\u00e8me division anglaise), est en discussion active avec Rennes pour trouver un accord. L\u2019op\u00e9ration n\u2019est pas encore boucl\u00e9e avec le club breton qui veut un transfert.<\/p>\n","protected":false},"excerpt":{"rendered":"Un an seulement apr\u00e8s son arriv\u00e9e au Stade Rennais en provenance de Birmingham, Jordan James devrait d\u00e9j\u00e0 partir.&hellip;\n","protected":false},"author":2,"featured_media":356318,"comment_status":"","ping_status":"","sticky":false,"template":"","format":"standard","meta":{"footnotes":""},"categories":[2821],"tags":[1111,11,829,1777,674,63,1011,27,12,584,25,60],"class_list":{"0":"post-356317","1":"post","2":"type-post","3":"status-publish","4":"format-standard","5":"has-post-thumbnail","7":"category-rennes","8":"tag-actu","9":"tag-actualites","10":"tag-bretagne","11":"tag-eu","12":"tag-europe","13":"tag-football","14":"tag-fr","15":"tag-france","16":"tag-news","17":"tag-rennes","18":"tag-republique-francaise","19":"tag-sports"},"share_on_mastodon":{"url":"https:\/\/pubeurope.com\/@fr\/115123067587405620","error":""},"_links":{"self":[{"href":"https:\/\/www.europesays.com\/fr\/wp-json\/wp\/v2\/posts\/356317","targetHints":{"allow":["GET"]}}],"collection":[{"href":"https:\/\/www.europesays.com\/fr\/wp-json\/wp\/v2\/posts"}],"about":[{"href":"https:\/\/www.europesays.com\/fr\/wp-json\/wp\/v2\/types\/post"}],"author":[{"embeddable":true,"href":"https:\/\/www.europesays.com\/fr\/wp-json\/wp\/v2\/users\/2"}],"replies":[{"embeddable":true,"href":"https:\/\/www.europesays.com\/fr\/wp-json\/wp\/v2\/comments?post=356317"}],"version-history":[{"count":0,"href":"https:\/\/www.europesays.com\/fr\/wp-json\/wp\/v2\/posts\/356317\/revisions"}],"wp:featuredmedia":[{"embeddable":true,"href":"https:\/\/www.europesays.com\/fr\/wp-json\/wp\/v2\/media\/356318"}],"wp:attachment":[{"href":"https:\/\/www.europesays.com\/fr\/wp-json\/wp\/v2\/media?parent=356317"}],"wp:term":[{"taxonomy":"category","embeddable":true,"href":"https:\/\/www.europesays.com\/fr\/wp-json\/wp\/v2\/categories?post=356317"},{"taxonomy":"post_tag","embeddable":true,"href":"https:\/\/www.europesays.com\/fr\/wp-json\/wp\/v2\/tags?post=356317"}],"curies":[{"name":"wp","href":"https:\/\/api.w.org\/{rel}","templated":true}]}}