{"id":35632,"date":"2025-04-19T04:39:09","date_gmt":"2025-04-19T04:39:09","guid":{"rendered":"https:\/\/www.europesays.com\/fr\/35632\/"},"modified":"2025-04-19T04:39:09","modified_gmt":"2025-04-19T04:39:09","slug":"qui-etait-alison-cette-sportive-fauchee-a-29-ans-lors-dune-seance-de-cryotherapie","status":"publish","type":"post","link":"https:\/\/www.europesays.com\/fr\/35632\/","title":{"rendered":"Qui \u00e9tait Alison, cette sportive fauch\u00e9e \u00e0 29 ans lors d\u2019une s\u00e9ance de cryoth\u00e9rapie"},"content":{"rendered":"<p>Lundi, <a href=\"https:\/\/www.20minutes.fr\/faits_divers\/faits-divers-paris\/4148623-20250414-paris-fuite-azote-cuve-cryotherapie-fait-mort-blessee-grave\" target=\"_blank\" class=\"color-ultramarine c-link\" rel=\"noopener\">une employ\u00e9e de 29 ans, Alison, est d\u00e9c\u00e9d\u00e9e lors d\u2019une s\u00e9ance de cryoth\u00e9rapie<\/a> au sein de l\u2019\u00e9tablissement On Air Voltaire \u00e0 <a href=\"https:\/\/www.20minutes.fr\/paris\/\" target=\"_blank\" class=\"color-ultramarine c-link\" rel=\"noopener\">Paris<\/a>. Une autre femme, une adh\u00e9rente de 32 ans retrouv\u00e9e inanim\u00e9e \u00e0 ses c\u00f4t\u00e9s, a \u00e9t\u00e9 d\u00e9clar\u00e9e en \u00e9tat de mort c\u00e9r\u00e9brale trois jours plus tard. Selon les premi\u00e8res constatations, une fuite d\u2019<a href=\"https:\/\/www.20minutes.fr\/dossier\/gaz\" target=\"_blank\" class=\"color-ultramarine c-link\" rel=\"noopener\">azote liquide<\/a> serait \u00e0 l\u2019origine du drame. Une enqu\u00eate, confi\u00e9e \u00e0 la police et \u00e0 l\u2019inspection du travail, est en cours.<\/p>\n<p><a href=\"https:\/\/www.leparisien.fr\/faits-divers\/paris-determinee-passionnee-de-sport-alison-29-ans-une-vie-fauchee-par-la-fuite-dazote-mortelle-18-04-2025-VBAO3KARQJGHTDGFBZVJ3KP43Q.php?ts=1745007697197\" rel=\"nofollow noopener\" target=\"_blank\" class=\"color-ultramarine c-link\">Le Parisien<\/a>, qui a recueilli les t\u00e9moignages des proches d\u2019Alison, dresse le portrait d\u2019une jeune femme d\u00e9termin\u00e9e, passionn\u00e9e de sport et profond\u00e9ment attachante. Originaire d\u2019Ille-sur-T\u00eat, dans les <a href=\"https:\/\/www.20minutes.fr\/dossier\/pyrenees_orientales\" target=\"_blank\" class=\"color-ultramarine c-link\" rel=\"noopener\">Pyr\u00e9n\u00e9es-Orientales<\/a>, elle s\u2019\u00e9tait d\u2019abord lanc\u00e9e dans la p\u00e2tisserie avec une rigueur qui l\u2019avait men\u00e9e jusqu\u2019au prestigieux laboratoire de C\u00e9dric Grolet. Mais c\u2019est le sport qui allait finalement devenir sa voie.<\/p>\n<p>Alison voulait devenir coach sportif<\/p>\n<p>Comme le raconte une amie d\u2019enfance, elle avait commenc\u00e9 \u00e0 s\u2019entra\u00eener pour compenser les effets de son travail en p\u00e2tisserie\u00a0: \u00ab\u00a0Elle disait qu\u2019elle avait du mal \u00e0 se motiver au d\u00e9but. Et puis, elle a trouv\u00e9 son \u00e9quilibre. Elle \u00e9tait heureuse.\u00a0\u00bb Sur <a href=\"https:\/\/www.20minutes.fr\/high-tech\/instagram\/\" target=\"_blank\" class=\"color-ultramarine c-link\" rel=\"noopener\">Instagram<\/a>, Alison partageait sa transformation, ses entra\u00eenements, ses recettes di\u00e9t\u00e9tiques et ses conseils de nutrition, toujours avec douceur et bienveillance. Son objectif \u00e9tait clair\u00a0: devenir coach sportif.<\/p>\n<\/p>\n<p>\u00ab\u00a0Son sourire va me manquer. Ses mimiques, sa voix de casserole, sa pr\u00e9sence\u00a0\u00bb, confie Izra, une amie rencontr\u00e9e \u00e0 la salle. \u00ab\u00a0Elle kiffait sa vie et elle nous a fait kiffer\u00a0\u00bb, raconte-t-elle au Parisien Les hommages se multiplient sur les r\u00e9seaux sociaux, et un petit espace a \u00e9t\u00e9 am\u00e9nag\u00e9 dans la salle pour permettre aux proches, amis et anonymes de se recueillir. Une cagnotte en ligne a \u00e9galement \u00e9t\u00e9 ouverte pour soutenir sa famille.<\/p>\n<p class=\"mb-m@xs text-l@xs\">En cliquant sur\u00ab J\u2019accepte \u00bb, vous acceptez le d\u00e9p\u00f4t de cookies par des services externes et aurez ainsi acc\u00e8s aux contenus de nos partenaires.<\/p>\n<p class=\"mb-xl@xs text-s@xs\">Plus d\u2019informations sur la page<a href=\"https:\/\/www.20minutes.fr\/gestion-cookies\" class=\"mx-xxs@xs color-ultramarine\" target=\"_blank\" rel=\"noopener\">Politique de gestion des cookies<\/a><\/p>\n<p>J\u2019accepteLa direction salue la m\u00e9moire d\u2019Alison<\/p>\n<p>Deux jours apr\u00e8s le drame, la salle de sport a rouvert ses portes. Dans un message publi\u00e9 sur ses r\u00e9seaux sociaux, la direction a exprim\u00e9 \u00ab\u00a0sa profonde douleur\u00a0\u00bb et salu\u00e9 la m\u00e9moire d\u2019Alison, \u00ab\u00a0appr\u00e9ci\u00e9e de tous pour ses qualit\u00e9s humaines et professionnelles\u00a0\u00bb. Mais l\u2019ambiance sur place reste pesante. \u00ab\u00a0Il y a une ambiance tr\u00e8s bizarre\u00a0\u00bb, t\u00e9moigne un adh\u00e9rent interrog\u00e9 par Le Parisien. \u00ab\u00a0C\u2019est surtout pour les employ\u00e9s que \u00e7a doit \u00eatre difficile de revenir.\u00a0\u00bb<\/p>\n<p><a href=\"https:\/\/www.20minutes.fr\/paris\/\" target=\"_blank\" class=\"c-link c-btn c-btn--primary\" rel=\"noopener\">Toute l&rsquo;actualit\u00e9 de Paris<\/a><\/p>\n<p>Le rapport d\u2019<a href=\"https:\/\/www.20minutes.fr\/dossier\/autopsie\" target=\"_blank\" class=\"color-ultramarine c-link\" rel=\"noopener\">autopsie<\/a> fait \u00e9tat d\u2019un \u00ab\u00a0syndrome asphyxique dans un milieu appauvri en oxyg\u00e8ne\u00a0\u00bb. Les investigations techniques se poursuivent pour comprendre comment une telle fuite a pu survenir en pleine s\u00e9ance.<\/p>\n","protected":false},"excerpt":{"rendered":"Lundi, une employ\u00e9e de 29 ans, Alison, est d\u00e9c\u00e9d\u00e9e lors d\u2019une s\u00e9ance de cryoth\u00e9rapie au sein de l\u2019\u00e9tablissement&hellip;\n","protected":false},"author":2,"featured_media":35633,"comment_status":"","ping_status":"","sticky":false,"template":"","format":"standard","meta":{"footnotes":""},"categories":[2],"tags":[119,47,11,3983,118,1011,27,662,2440,12,626,11548,25,938],"class_list":{"0":"post-35632","1":"post","2":"type-post","3":"status-publish","4":"format-standard","5":"has-post-thumbnail","7":"category-actualites","8":"tag-accident","9":"tag-actualite","10":"tag-actualites","11":"tag-deces","12":"tag-faits-divers","13":"tag-fr","14":"tag-france","15":"tag-ile-de-france","16":"tag-instagram","17":"tag-news","18":"tag-paris","19":"tag-pyrenees-orientales","20":"tag-republique-francaise","21":"tag-reseaux-sociaux"},"share_on_mastodon":{"url":"https:\/\/pubeurope.com\/@fr\/114362788357353336","error":""},"_links":{"self":[{"href":"https:\/\/www.europesays.com\/fr\/wp-json\/wp\/v2\/posts\/35632","targetHints":{"allow":["GET"]}}],"collection":[{"href":"https:\/\/www.europesays.com\/fr\/wp-json\/wp\/v2\/posts"}],"about":[{"href":"https:\/\/www.europesays.com\/fr\/wp-json\/wp\/v2\/types\/post"}],"author":[{"embeddable":true,"href":"https:\/\/www.europesays.com\/fr\/wp-json\/wp\/v2\/users\/2"}],"replies":[{"embeddable":true,"href":"https:\/\/www.europesays.com\/fr\/wp-json\/wp\/v2\/comments?post=35632"}],"version-history":[{"count":0,"href":"https:\/\/www.europesays.com\/fr\/wp-json\/wp\/v2\/posts\/35632\/revisions"}],"wp:featuredmedia":[{"embeddable":true,"href":"https:\/\/www.europesays.com\/fr\/wp-json\/wp\/v2\/media\/35633"}],"wp:attachment":[{"href":"https:\/\/www.europesays.com\/fr\/wp-json\/wp\/v2\/media?parent=35632"}],"wp:term":[{"taxonomy":"category","embeddable":true,"href":"https:\/\/www.europesays.com\/fr\/wp-json\/wp\/v2\/categories?post=35632"},{"taxonomy":"post_tag","embeddable":true,"href":"https:\/\/www.europesays.com\/fr\/wp-json\/wp\/v2\/tags?post=35632"}],"curies":[{"name":"wp","href":"https:\/\/api.w.org\/{rel}","templated":true}]}}