{"id":356323,"date":"2025-08-31T11:10:16","date_gmt":"2025-08-31T11:10:16","guid":{"rendered":"https:\/\/www.europesays.com\/fr\/356323\/"},"modified":"2025-08-31T11:10:16","modified_gmt":"2025-08-31T11:10:16","slug":"bete-noire-citadelle-pressing-les-stats-avant-strasbourg","status":"publish","type":"post","link":"https:\/\/www.europesays.com\/fr\/356323\/","title":{"rendered":"B\u00eate noire, citadelle, pressing\u2026 Les stats avant Strasbourg"},"content":{"rendered":"<p>\n                Avant la troisi\u00e8me journ\u00e9e de Ligue 1 McDonald\u2019s face au RCSA (coup d&rsquo;envoi, 17h15), d\u00e9couvre les principales statistiques \u00e0 conna\u00eetre, gr\u00e2ce \u00e0 l\u2019aide de notre partenaire Opta.\n            <\/p>\n<p>D\u00e8s \u00e0 pr\u00e9sent retrouver le succ\u00e8s pour aborder la tr\u00eave internationale avec s\u00e9r\u00e9nit\u00e9. <a href=\"https:\/\/www.asmonaco.com\/offensif-mais-sans-reussite-las-monaco-cede-sur-le-fil-face-au-losc\/\" target=\"_blank\" rel=\"noopener nofollow\">Battus sur le fil \u00e0 Lille<\/a> la semaine derni\u00e8re (1-0), les Rouge et Blanc retrouvent d\u00e9sormais le Stade Louis-II et sont oppos\u00e9s<a href=\"https:\/\/www.asmonaco.com\/tarifs-abonnement-trains-les-infos-billetterie-pour-strasbourg\/\" target=\"_blank\" rel=\"noopener nofollow\"> \u00e0 Strasbourg<\/a> (coup d\u2019envoi, 17h15). Avant le d\u00e9but du match comptant pour la troisi\u00e8me journ\u00e9e de Ligue 1, d\u00e9couvre les statistiques \u00e0 conna\u00eetre <strong>avec notre partenaire Opta. \ud83d\udcca<\/strong><\/p>\n<blockquote class=\"twitter-tweet\" data-width=\"550\" data-dnt=\"true\">\n<p lang=\"fr\" dir=\"ltr\">\ud835\udde1\ud835\uddf2\ud835\ude05\ud835\ude01 \ud835\uddfa\ud835\uddee\ud835\ude01\ud835\uddf0\ud835\uddf5 \u2694\ufe0f<\/p>\n<p>\ud83c\udd9a <a href=\"https:\/\/twitter.com\/RCSA?ref_src=twsrc%5Etfw\" rel=\"nofollow noopener\" target=\"_blank\">@RCSA<\/a> <br \/>\ud83d\udcc5 Dimanche 31 ao\u00fbt<br \/>\u231a\ufe0f 17h15<\/p>\n<p>\ud83d\udd1c <a href=\"https:\/\/twitter.com\/hashtag\/ASMRCSA?src=hash&amp;ref_src=twsrc%5Etfw\" rel=\"nofollow noopener\" target=\"_blank\">#ASMRCSA<\/a> <a href=\"https:\/\/t.co\/E1qQWuEzwz\" rel=\"nofollow\">pic.twitter.com\/E1qQWuEzwz<\/a><\/p>\n<p>\u2014 AS Monaco \ud83c\uddf2\ud83c\udde8 (@AS_Monaco) <a href=\"https:\/\/twitter.com\/AS_Monaco\/status\/1961362548151705984?ref_src=twsrc%5Etfw\" rel=\"nofollow noopener\" target=\"_blank\">August 29, 2025<\/a><\/p>\n<\/blockquote>\n<p>B\u00eate noire \ud83d\udc08\u200d\u2b1b<\/p>\n<p>L\u2019AS Monaco va recevoir Strasbourg <a href=\"https:\/\/www.pari-et-gagne.com\/confrontations\/confrontations-monaco.html#strasbourg\" target=\"_blank\" rel=\"noopener nofollow\">pour la 50e fois en Ligue 1<\/a>. Les Rouge et Blanc comptent 35 victoires pour sept nuls et sept d\u00e9faites contre cet adversaire \u00e0 domicile dans l\u2019\u00e9lite, leur co-plus haut total de succ\u00e8s (35 aussi contre Nantes, Rennes et Lens).<\/p>\n<p><a href=\"https:\/\/www.europesays.com\/fr\/wp-content\/uploads\/2025\/08\/41823700-2025-04-19-asm-strasbourg-01614.jpg\"><img fetchpriority=\"high\" decoding=\"async\" class=\"alignnone size-full wp-image-694989\" src=\"https:\/\/www.europesays.com\/fr\/wp-content\/uploads\/2025\/08\/41823700-2025-04-19-asm-strasbourg-01614.jpg\" alt=\"\" width=\"1160\" height=\"650\"  \/><\/a><\/p>\n<p>D\u00e9part en fanfare \ud83d\udcef<\/p>\n<p>Vainqueur de ses deux premiers matchs de Ligue 1, Strasbourg pourrait d\u00e9buter une campagne de Ligue 1 par trois victoires pour la deuxi\u00e8me fois de son histoire, apr\u00e8s 1946-1947 (5 \u2013 3e en fin de saison).<\/p>\n<p>C\u2019est une \u00e9quipe tr\u00e8s forte, qui a d\u00e9j\u00e0 obtenu trois victoires cette saison, deux en championnat et une tr\u00e8s importante \u00e0 l\u2019ext\u00e9rieur \u00e0 Copenhague, o\u00f9 ce n\u2019est jamais \u00e9vident de l\u2019emporter. Ils vont donc arriver avec un bon niveau de confiance, et m\u00eame s\u2019ils rentrent d\u2019un d\u00e9placement long, le football se joue aussi dans la t\u00eate et les succ\u00e8s font du bien mentalement.<\/p>\n<p>Adi H\u00fctterSur les d\u00e9buts r\u00e9ussis du RCSA<\/p>\n<p>Citadelle imprenable \ud83c\udff0<\/p>\n<p>L\u2019AS Monaco a gagn\u00e9 <a href=\"https:\/\/www.asmonaco.com\/attaque-big-5-duo-les-tres-bons-chiffres-de-las-monaco-au-stade-louis-ii\/\" target=\"_blank\" rel=\"noopener nofollow\">huit de ses neuf matchs \u00e0 domicile<\/a> en Ligue 1 en 2025 (1N), la seule exception \u00e9tant un r\u00e9sultat nul <a href=\"https:\/\/www.asmonaco.com\/dominateur-las-monaco-bute-sur-un-strasbourg-accrocheur\/\" target=\"_blank\" rel=\"noopener nofollow\">contre\u2026 Strasbourg<\/a> le 19 avril dernier pour la seule r\u00e9ception o\u00f9 les hommes d\u2019Adi H\u00fctter n\u2019\u00e9taient pas parvenus \u00e0 faire trembler les filets dans l\u2019\u00e9lite cette ann\u00e9e.<\/p>\n<\/p>\n<p>Voyages lucratifs \ud83d\udeeb<\/p>\n<p>De son c\u00f4t\u00e9, le RCSA a gagn\u00e9 six de ses 10 matchs \u00e0 l\u2019ext\u00e9rieur en Ligue 1 en 2025 (2N 2D) et pourrait, en cas de succ\u00e8s, \u00e9tablir son plus haut total de victoires en d\u00e9placement lors d\u2019une m\u00eame ann\u00e9e civile dans l\u2019\u00e9lite depuis 1979 (7), ann\u00e9e du seul titre de champion de France du Racing.<\/p>\n<p>Attaque plac\u00e9e \ud83e\udd17<\/p>\n<p>Les Rouge et Blanc sont les seuls n\u2019ayant effectu\u00e9 aucune attaque directe (s\u00e9quence dans le jeu d\u00e9marrant dans son camp dont au moins la moiti\u00e9 des actions sont jou\u00e9es vers l\u2019avant et se terminant par un tir ou un ballon touch\u00e9 dans la surface adverse) sur les deux premi\u00e8res journ\u00e9es de Ligue 1 2025-2026.<\/p>\n<p>Nous avons notre propre style de jeu et nous jouons \u00e0 domicile, donc nous voulons gagner ce match ! Encore une fois ils vont venir avec un certain niveau de confiance avec trois victoires, dont deux clean sheets, et des jeunes joueurs de talent. Nous verrons dimanche, nous devons \u00eatre focus sur notre football faire \u00e9videmment mieux que contre Lille.<\/p>\n<p>Adi H\u00fctterSur le style de l&rsquo;\u00e9quipe<\/p>\n<p>Pression max \ud83e\udd75<\/p>\n<p>Strasbourg est l\u2019\u00e9quipe affichant le plus de pressings dans le camp adverse (566) et dans le dernier tiers (365) sur les deux premi\u00e8res journ\u00e9es de Ligue 1. L\u2019AS Monaco est de son c\u00f4t\u00e9 l\u2019\u00e9quipe dont les adversaires enregistrent le plus haut ratio de ballons touch\u00e9s sous pression (70.4%).<\/p>\n<p><a href=\"https:\/\/www.europesays.com\/fr\/wp-content\/uploads\/2025\/08\/2025-08-24-lille-asm-03221.jpg\"><img loading=\"lazy\" decoding=\"async\" class=\"alignnone size-full wp-image-724246\" src=\"https:\/\/www.europesays.com\/fr\/wp-content\/uploads\/2025\/08\/2025-08-24-lille-asm-03221.jpg\" alt=\"\" width=\"1160\" height=\"650\"  \/><\/a><\/p>\n<p>Menace constante \u26a0\ufe0f<\/p>\n<p>Lors de la derni\u00e8re journ\u00e9e, Emanuel Emegha a manqu\u00e9 une occasion ayant une valeur de 0.98 Exepcted Goals, soit le tir ayant le plus haut xG sans \u00eatre converti en Ligue 1 sur les trois derni\u00e8res saisons. L\u2019attaquant strasbourgeois s\u2019est procur\u00e9 41 grosses occasions depuis le d\u00e9but de la saison derni\u00e8re dans l\u2019\u00e9lite, au moins sept de plus que tout autre joueur, tout en affichant le plus haut total d\u2019Expected Goals hors penalty (18.1).<\/p>\n<p><a href=\"https:\/\/www.europesays.com\/fr\/wp-content\/uploads\/2025\/08\/mawissa-kohn-strasbourg.jpg\"><img loading=\"lazy\" decoding=\"async\" class=\"alignnone wp-image-695939 size-full\" src=\"https:\/\/www.europesays.com\/fr\/wp-content\/uploads\/2025\/08\/mawissa-kohn-strasbourg.jpg\" alt=\"\" width=\"1160\" height=\"650\"  \/><\/a><\/p>\n<p>            <script async src=\"https:\/\/platform.twitter.com\/widgets.js\" charset=\"utf-8\"><\/script><\/p>\n","protected":false},"excerpt":{"rendered":"Avant la troisi\u00e8me journ\u00e9e de Ligue 1 McDonald\u2019s face au RCSA (coup d&rsquo;envoi, 17h15), d\u00e9couvre les principales statistiques&hellip;\n","protected":false},"author":2,"featured_media":356324,"comment_status":"","ping_status":"","sticky":false,"template":"","format":"standard","meta":{"footnotes":""},"categories":[2820],"tags":[1111,11,1777,674,1011,27,775,12,25,640],"class_list":{"0":"post-356323","1":"post","2":"type-post","3":"status-publish","4":"format-standard","5":"has-post-thumbnail","7":"category-strasbourg","8":"tag-actu","9":"tag-actualites","10":"tag-eu","11":"tag-europe","12":"tag-fr","13":"tag-france","14":"tag-grand-est","15":"tag-news","16":"tag-republique-francaise","17":"tag-strasbourg"},"share_on_mastodon":{"url":"https:\/\/pubeurope.com\/@fr\/115123075416295685","error":""},"_links":{"self":[{"href":"https:\/\/www.europesays.com\/fr\/wp-json\/wp\/v2\/posts\/356323","targetHints":{"allow":["GET"]}}],"collection":[{"href":"https:\/\/www.europesays.com\/fr\/wp-json\/wp\/v2\/posts"}],"about":[{"href":"https:\/\/www.europesays.com\/fr\/wp-json\/wp\/v2\/types\/post"}],"author":[{"embeddable":true,"href":"https:\/\/www.europesays.com\/fr\/wp-json\/wp\/v2\/users\/2"}],"replies":[{"embeddable":true,"href":"https:\/\/www.europesays.com\/fr\/wp-json\/wp\/v2\/comments?post=356323"}],"version-history":[{"count":0,"href":"https:\/\/www.europesays.com\/fr\/wp-json\/wp\/v2\/posts\/356323\/revisions"}],"wp:featuredmedia":[{"embeddable":true,"href":"https:\/\/www.europesays.com\/fr\/wp-json\/wp\/v2\/media\/356324"}],"wp:attachment":[{"href":"https:\/\/www.europesays.com\/fr\/wp-json\/wp\/v2\/media?parent=356323"}],"wp:term":[{"taxonomy":"category","embeddable":true,"href":"https:\/\/www.europesays.com\/fr\/wp-json\/wp\/v2\/categories?post=356323"},{"taxonomy":"post_tag","embeddable":true,"href":"https:\/\/www.europesays.com\/fr\/wp-json\/wp\/v2\/tags?post=356323"}],"curies":[{"name":"wp","href":"https:\/\/api.w.org\/{rel}","templated":true}]}}