{"id":356340,"date":"2025-08-31T11:23:17","date_gmt":"2025-08-31T11:23:17","guid":{"rendered":"https:\/\/www.europesays.com\/fr\/356340\/"},"modified":"2025-08-31T11:23:17","modified_gmt":"2025-08-31T11:23:17","slug":"foire-aux-maneges-musees-parc-dattractions-que-faire-ce-dimanche-31-aout-a-lille-et-ses-alentours","status":"publish","type":"post","link":"https:\/\/www.europesays.com\/fr\/356340\/","title":{"rendered":"Foire aux man\u00e8ges, mus\u00e9es, parc d&rsquo;attractions&#8230; Que faire ce dimanche 31 ao\u00fbt \u00e0 Lille et ses alentours\u00a0?"},"content":{"rendered":"<p>            Par<br \/>\n        <strong><br \/>\n            <a href=\"https:\/\/actu.fr\/auteur\/bastien-grossin\" title=\"Consulter tous les articles de Bastien Grossin\" target=\"_blank\" rel=\"noopener\">Bastien Grossin<\/a><br \/>\n        <\/strong><\/p>\n<p>        Publi\u00e9 le<\/p>\n<p>            30 ao\u00fbt 2025 \u00e0 18h21        <\/p>\n<p>Ce dimanche, c\u2019est le dernier jour du mois d\u2019ao\u00fbt. Pour autant, l\u2019\u00e9t\u00e9 n\u2019est pas termin\u00e9. Comme chaque semaine, on vous a s\u00e9lectionn\u00e9 <b>10 id\u00e9es de sorties<\/b> pour occuper ce <b>dimanche 31 ao\u00fbt 2025 <\/b>\u00e0 <a href=\"https:\/\/actu.fr\/tag\/lille\" target=\"_blank\" rel=\"noopener\">Lille<\/a> (Nord) et ses alentours.<\/p>\n<p>10 id\u00e9es de sorties \u00e0 Lille et ses alentours ce dimanche 31 ao\u00fbt :\u00a0<\/p>\n<ul class=\" wall-content\">\n<li><a href=\"https:\/\/actu.fr\/hauts-de-france\/lille_59350\/la-foire-aux-maneges-de-lille-ouvre-ses-portes-ce-samedi-30-aout_63093159.html\" target=\"_blank\" rel=\"noopener\">La foire aux man\u00e8ges de Lille ouvre ses portes ce samedi 30\u00a0ao\u00fbt\u2009!<\/a><\/li>\n<\/ul>\n<p class=\" wall-content\">Elle est de retour\u2009! La troisi\u00e8me plus grande f\u00eate foraine de France revient \u00e0 Lille (Nord) samedi 30\u00a0ao\u00fbt 2025 pour un mois de festivit\u00e9s et de sensations fortes. Programme.<\/p>\n<ul class=\" wall-content\">\n<li><a href=\"https:\/\/actu.fr\/loisirs-culture\/le-plus-grand-rassemblement-de-vehicules-militaires-historiques-deurope-a-moins-dune-heure-de-lille_63070346.html\" target=\"_blank\" rel=\"noopener\">Le plus grand rassemblement de v\u00e9hicules militaires historiques d\u2019Europe \u00e0 moins d\u2019une heure de Lille<\/a><\/li>\n<\/ul>\n<p class=\" wall-content\">Voil\u00e0 un rendez-vous \u00e0 ne pas manquer\u2009! Du vendredi\u00a029 au dimanche 31\u00a0ao\u00fbt 2025 aura lieu e plus grand rassemblement de v\u00e9hicules militaires historiques d\u2019Europe \u00e0 Mons (Belgique).<\/p>\n<ul class=\" wall-content\">\n<li><a href=\"https:\/\/actu.fr\/hauts-de-france\/trelon_59601\/dans-lavesnois-a-trelon-venez-decouvrir-le-couvent-des-carmes_63044208.html\" target=\"_blank\" rel=\"noopener\">Dans l\u2019Avesnois, \u00e0 Tr\u00e9lon, venez d\u00e9couvrir le Couvent des Carmes<\/a><\/li>\n<\/ul>\n<p class=\" wall-content\">Allier patrimoine, solidarit\u00e9 et art, voil\u00e0 la proposition d\u2019une belle visite guid\u00e9e du 22 au 24\u00a0ao\u00fbt au Couvent des Carmes de Tr\u00e9lon (Nord), au profit de l\u2019APF.<\/p>\n<ul class=\" wall-content\">\n<li><a href=\"https:\/\/actu.fr\/loisirs-culture\/situe-a-moins-d1h-de-lille-ce-parc-vient-detre-elu-comme-lun-des-meilleurs-deurope_62992170.html\" target=\"_blank\" rel=\"noopener\">Situ\u00e9 \u00e0 moins d\u20191h de Lille, ce parc vient d\u2019\u00eatre \u00e9lu comme l\u2019un des meilleurs d\u2019Europe<\/a><\/li>\n<\/ul>\n<p>Votre r\u00e9gion, votre actu !<\/p>\n<p>Recevez chaque jour les infos qui comptent pour vous.<\/p>\n<p>\t<a href=\"https:\/\/actu.fr\/newsletter\" class=\"ac-btn ac-btn--corner ac-btn--medium ac-btn--blue800\" target=\"_blank\" rel=\"noopener\">S&rsquo;incrire<\/a><\/p>\n<p class=\" wall-content\">Bellewaerde Park vient d\u2019\u00eatre \u00e9lu meilleur parc d\u2019attractions de Belgique et figure m\u00eame dans le Top\u00a010 europ\u00e9en. Une superbe r\u00e9compense pour cette destination familiale.<\/p>\n<ul class=\" wall-content\">\n<li><a href=\"https:\/\/actu.fr\/hauts-de-france\/dunkerque_59183\/front-de-mer-a-perte-de-vue-bus-gratuits-et-restos-presque-les-pieds-dans-leau-visitez-dunkerque_62959054.html\" target=\"_blank\" rel=\"noopener\">Front de mer \u00e0 perte de vue, bus gratuits et restos (presque) les pieds dans l\u2019eau\u2009: visitez Dunkerque<\/a><\/li>\n<\/ul>\n<p class=\" wall-content\">Depuis Lille, c\u2019est tout droit sur l\u2019A25\u2009: Dunkerque n\u2019est qu\u2019\u00e0 une heure de route, et constitue une pause d\u00e9tente bienvenue avec son \u00e9tendu front de mer. Visite.<\/p>\n<ul class=\" wall-content\">\n<li><a href=\"https:\/\/actu.fr\/hauts-de-france\/villeneuve-d-ascq_59009\/cetait-comment-avant-ce-musee-vous-montre-comment-on-vivait-dans-le-nord-au-debut-du-xxe-siecle_62957039.html\" target=\"_blank\" rel=\"noopener\">C\u2019\u00e9tait comment, avant\u2009? Ce mus\u00e9e vous montre comment on vivait dans le Nord au d\u00e9but du XXe\u00a0si\u00e8cle<\/a><\/li>\n<\/ul>\n<p class=\" wall-content\">Connaissez-vous le Mus\u00e9e du Terroir de Villeneuve-d\u2019Ascq (Nord)\u2009? Dans ce lieu, vous \u00eates plong\u00e9 dans une autre \u00e9poque. On y (re) d\u00e9couvre la fa\u00e7on de vivre au d\u00e9but du XXe\u00a0si\u00e8cle.<\/p>\n<ul class=\" wall-content\">\n<li><a href=\"https:\/\/actu.fr\/hauts-de-france\/arras_62041\/nouvelle-geante-tentative-de-record-a-arras-une-fete-de-landouillette-immanquable-ce-dimanche_63092939.html\" target=\"_blank\" rel=\"noopener\">Nouvelle g\u00e9ante, tentative de record\u2026 \u00c0 Arras, une f\u00eate de l\u2019Andouillette immanquable ce dimanche<\/a><\/li>\n<\/ul>\n<p class=\" wall-content\">Ce dimanche 31\u00a0ao\u00fbt 2025, la traditionnelle f\u00eate de l\u2019Andouillette est organis\u00e9e \u00e0 Arras, dans le Pas-de-Calais. On vous pr\u00e9sente le programme.<\/p>\n<ul class=\" wall-content\">\n<li><a href=\"https:\/\/actu.fr\/hauts-de-france\/arras_62041\/la-citadelle-darras-site-unique-en-france-est-lun-des-lieux-les-plus-remarquables-de-la-region_62992279.html\" target=\"_blank\" rel=\"noopener\">La Citadelle d\u2019Arras, site unique en France, est l\u2019un des lieux les plus remarquables de la r\u00e9gion<\/a><\/li>\n<\/ul>\n<p class=\" wall-content\">Construite par Vauban au XVIIe\u00a0si\u00e8cle, la Citadelle d\u2019Arras est l\u2019un des lieux les plus remarquables de la r\u00e9gion\u2026 mais aussi de France\u2009!<\/p>\n<ul class=\" wall-content\">\n<li><a href=\"https:\/\/actu.fr\/hauts-de-france\/desvres_62268\/pas-de-calais-ce-musee-unique-en-son-genre-est-lun-des-plus-etonnants-de-la-region_62961949.html\" target=\"_blank\" rel=\"noopener\">Pas-de-Calais. Ce mus\u00e9e unique en son genre est l\u2019un des plus \u00e9tonnants de la r\u00e9gion<\/a><\/li>\n<\/ul>\n<p class=\" wall-content\">Le mus\u00e9e de la C\u00e9ramique est l\u2019un des lieux les plus \u00e9tonnants du Pas-de-Calais. Il est situ\u00e9 sur la commune de Desvres, pr\u00e8s de Boulogne-sur-Mer.<\/p>\n<ul class=\" wall-content\">\n<li><a href=\"https:\/\/actu.fr\/hauts-de-france\/boulogne-sur-mer_62160\/ce-magnifique-chateau-musee-du-pas-de-calais-fete-ses-200-ans-une-expo-speciale-a-decouvrir_62933079.html\" target=\"_blank\" rel=\"noopener\">Ce magnifique ch\u00e2teau-mus\u00e9e du Pas-de-Calais f\u00eate ses 200\u00a0ans\u2009: une expo sp\u00e9ciale \u00e0 d\u00e9couvrir<\/a><\/li>\n<\/ul>\n<p class=\" wall-content\">Le ch\u00e2teau comtal de Boulogne-sur-Mer (Pas-de-Calais) f\u00eate ses 200\u00a0ans cette ann\u00e9e. Pour l\u2019occasion, une exposition un peu sp\u00e9ciale est propos\u00e9e aux visiteurs.<\/p>\n<p class=\" wall-content\">Personnalisez votre actualit\u00e9 en ajoutant vos villes et m\u00e9dias en favori avec <a href=\"https:\/\/moncompte.actu.fr\" title=\"D\u00e9couvez Mon Actu\" rel=\"nofollow noopener\" data-trk=\"{&quot;cta&quot;:{&quot;action&quot;:&quot;https:\\\/\\\/moncompte.actu.fr&quot;,&quot;category&quot;:&quot;mon compte&quot;,&quot;from&quot;:&quot;article footer&quot;,&quot;name&quot;:&quot;Mon actu&quot;,&quot;type&quot;:&quot;cta&quot;}}\" target=\"_blank\">Mon Actu<\/a>.<\/p>\n","protected":false},"excerpt":{"rendered":"Par Bastien Grossin Publi\u00e9 le 30 ao\u00fbt 2025 \u00e0 18h21 Ce dimanche, c\u2019est le dernier jour du mois&hellip;\n","protected":false},"author":2,"featured_media":356341,"comment_status":"","ping_status":"","sticky":false,"template":"","format":"standard","meta":{"footnotes":""},"categories":[2815],"tags":[1111,11,6557,1777,674,1011,27,811,1307,1652,12,25],"class_list":{"0":"post-356340","1":"post","2":"type-post","3":"status-publish","4":"format-standard","5":"has-post-thumbnail","7":"category-lille","8":"tag-actu","9":"tag-actualites","10":"tag-bon-plan-a-lille","11":"tag-eu","12":"tag-europe","13":"tag-fr","14":"tag-france","15":"tag-hauts-de-france","16":"tag-lille","17":"tag-loisirs-culture","18":"tag-news","19":"tag-republique-francaise"},"share_on_mastodon":{"url":"https:\/\/pubeurope.com\/@fr\/115123126457899691","error":""},"_links":{"self":[{"href":"https:\/\/www.europesays.com\/fr\/wp-json\/wp\/v2\/posts\/356340","targetHints":{"allow":["GET"]}}],"collection":[{"href":"https:\/\/www.europesays.com\/fr\/wp-json\/wp\/v2\/posts"}],"about":[{"href":"https:\/\/www.europesays.com\/fr\/wp-json\/wp\/v2\/types\/post"}],"author":[{"embeddable":true,"href":"https:\/\/www.europesays.com\/fr\/wp-json\/wp\/v2\/users\/2"}],"replies":[{"embeddable":true,"href":"https:\/\/www.europesays.com\/fr\/wp-json\/wp\/v2\/comments?post=356340"}],"version-history":[{"count":0,"href":"https:\/\/www.europesays.com\/fr\/wp-json\/wp\/v2\/posts\/356340\/revisions"}],"wp:featuredmedia":[{"embeddable":true,"href":"https:\/\/www.europesays.com\/fr\/wp-json\/wp\/v2\/media\/356341"}],"wp:attachment":[{"href":"https:\/\/www.europesays.com\/fr\/wp-json\/wp\/v2\/media?parent=356340"}],"wp:term":[{"taxonomy":"category","embeddable":true,"href":"https:\/\/www.europesays.com\/fr\/wp-json\/wp\/v2\/categories?post=356340"},{"taxonomy":"post_tag","embeddable":true,"href":"https:\/\/www.europesays.com\/fr\/wp-json\/wp\/v2\/tags?post=356340"}],"curies":[{"name":"wp","href":"https:\/\/api.w.org\/{rel}","templated":true}]}}