{"id":356344,"date":"2025-08-31T11:30:20","date_gmt":"2025-08-31T11:30:20","guid":{"rendered":"https:\/\/www.europesays.com\/fr\/356344\/"},"modified":"2025-08-31T11:30:20","modified_gmt":"2025-08-31T11:30:20","slug":"en-cas-de-legislatives-le-rn-largement-en-tete-et-un-bloc-perdrait-beaucoup","status":"publish","type":"post","link":"https:\/\/www.europesays.com\/fr\/356344\/","title":{"rendered":"en cas de l\u00e9gislatives, le RN largement en t\u00eate et un bloc perdrait beaucoup"},"content":{"rendered":"<p class=\"rev-margin-0 rev-text-xs-normal\">La pr\u00e9sidente du groupe parlementaire du Rassemblement national, Marine Le Pen (2e \u00e0 droite), et le pr\u00e9sident et d\u00e9put\u00e9 europ\u00e9en du parti d&rsquo;extr\u00eame droite fran\u00e7ais, le Rassemblement national (RN), Jordan Bardella (\u00e0 droite), saluent sur sc\u00e8ne<\/p>\n<p class=\"rev-margin-0 rev-text-xs-bold\">AFP &#8211; AFP or licensors &#8211; JEAN-FRANCOIS MONIER<\/p>\n<p>Le RN alli\u00e9 au parti d&rsquo;Eric Ciotti serait largement en t\u00eate au premier tour de nouvelles \u00e9lections l\u00e9gislatives, avec 31% des voix, et pourrait b\u00e9n\u00e9ficier d&rsquo;un affaiblissement du \u00ab\u00a0front r\u00e9publicain\u00a0\u00bb au second, selon un <a href=\"https:\/\/www.laprovence.com\/article\/politique\/1318939230135114\/sondage-pres-de-3-francais-sur-4-ne-veulent-pas-que-bayrou-obtienne-la-confiance-du-parlement\" target=\"_blank\" rel=\"noopener\">sondage Elabe<\/a> pour BFM TV et La Tribune Dimanche. Selon cette enqu\u00eate, r\u00e9alis\u00e9e jeudi et vendredi, donc apr\u00e8s l&rsquo;annonce surprise lundi d&rsquo;un vote de confiance \u00e0 l&rsquo;Assembl\u00e9e le 8 septembre, le Rassemblement national obtiendrait autour de 31% des voix selon les hypoth\u00e8ses (33% aux l\u00e9gislatives de juin 2024) et Reconqu\u00eate 5%.\u00a0<\/p>\n<p>La gauche obtiendrait 23,5% des suffrages si elle \u00e9tait unie (28% en juin 2024). Si elle \u00e9tait divis\u00e9e, une alliance entre les socialistes, \u00e9cologistes et communistes recueillerait 16,5% des voix contre 10% pour les Insoumis.<\/p>\n<p>Les divers gauche auraient entre 5 et 6,5% des voix. Le bloc central Ensemble (Renaissance, MoDem et Horizons) serait le grand perdant avec seulement 14% des voix, soit pr\u00e8s de 7 points de moins qu\u2019en 2024. Les LR obtiendraient de leur c\u00f4t\u00e9 10,5% des voix. Au second tour, le RN pourrait b\u00e9n\u00e9ficier d&rsquo;un front r\u00e9publicain moins puissant qu&rsquo;en 2024.\u00a0<\/p>\n<p>Celui-ci est rejet\u00e9 par 57% des \u00e9lecteurs (31% de ceux d\u2019Ensemble et 19% des \u00e9lecteurs du Nouveau Front populaire). En 2024, ce front r\u00e9publicain avait priv\u00e9 le RN de plusieurs dizaines de d\u00e9put\u00e9s au second tour. Ce sondage a \u00e9t\u00e9 r\u00e9alis\u00e9 sur la base d&rsquo;intentions de vote portant sur une offre politique homog\u00e8ne dans toutes les circonscriptions alors qu&rsquo;en 2024 Ensemble n&rsquo;avait pr\u00e9sent\u00e9 des candidats que dans 80% des circonscriptions, LR dans 60% et que Reconqu\u00eate \u00e9tait peu pr\u00e9sent.\u00a0<\/p>\n<p><strong>Il a \u00e9t\u00e9 r\u00e9alis\u00e9 par internet du 28 au 29 ao\u00fbt aupr\u00e8s d&rsquo;un \u00e9chantillon repr\u00e9sentatif de 1.678 personnes, dont 1 563 inscrites sur les listes \u00e9lectorales.<\/strong><\/p>\n<p><img alt=\"\" loading=\"lazy\" width=\"18\" height=\"18\" decoding=\"async\" data-nimg=\"1\" class=\"mx-[8px]\" style=\"color:transparent\" src=\"https:\/\/www.laprovence.com\/_next\/static\/media\/comment.b95dda91.svg\"\/>D\u00e9marrez la conversation<\/p>\n<p class=\"text-[1.8rem] mt-[32px]\">Votre opinion compte pour nous. Rejoignez la communaut\u00e9 laprovence.com en r\u00e9agissant sur l&rsquo;article Sondage : en cas de l\u00e9gislatives, le RN serait largement en t\u00eate et un bloc perdrait beaucoup de voix.<\/p>\n","protected":false},"excerpt":{"rendered":"La pr\u00e9sidente du groupe parlementaire du Rassemblement national, Marine Le Pen (2e \u00e0 droite), et le pr\u00e9sident et&hellip;\n","protected":false},"author":2,"featured_media":356345,"comment_status":"","ping_status":"","sticky":false,"template":"","format":"standard","meta":{"footnotes":""},"categories":[2814],"tags":[17,1111,11,10652,14362,1777,674,1011,27,27208,39201,884,12,316,882,25,22023,13947,17643],"class_list":{"0":"post-356344","1":"post","2":"type-post","3":"status-publish","4":"format-standard","5":"has-post-thumbnail","7":"category-marseille","8":"tag-17","9":"tag-actu","10":"tag-actualites","11":"tag-bloc","12":"tag-cas","13":"tag-eu","14":"tag-europe","15":"tag-fr","16":"tag-france","17":"tag-largement","18":"tag-legislatives","19":"tag-marseille","20":"tag-news","21":"tag-politique","22":"tag-provence-alpes-cote-dazur","23":"tag-republique-francaise","24":"tag-serait","25":"tag-sondage","26":"tag-tete"},"share_on_mastodon":{"url":"https:\/\/pubeurope.com\/@fr\/115123154419012829","error":""},"_links":{"self":[{"href":"https:\/\/www.europesays.com\/fr\/wp-json\/wp\/v2\/posts\/356344","targetHints":{"allow":["GET"]}}],"collection":[{"href":"https:\/\/www.europesays.com\/fr\/wp-json\/wp\/v2\/posts"}],"about":[{"href":"https:\/\/www.europesays.com\/fr\/wp-json\/wp\/v2\/types\/post"}],"author":[{"embeddable":true,"href":"https:\/\/www.europesays.com\/fr\/wp-json\/wp\/v2\/users\/2"}],"replies":[{"embeddable":true,"href":"https:\/\/www.europesays.com\/fr\/wp-json\/wp\/v2\/comments?post=356344"}],"version-history":[{"count":0,"href":"https:\/\/www.europesays.com\/fr\/wp-json\/wp\/v2\/posts\/356344\/revisions"}],"wp:featuredmedia":[{"embeddable":true,"href":"https:\/\/www.europesays.com\/fr\/wp-json\/wp\/v2\/media\/356345"}],"wp:attachment":[{"href":"https:\/\/www.europesays.com\/fr\/wp-json\/wp\/v2\/media?parent=356344"}],"wp:term":[{"taxonomy":"category","embeddable":true,"href":"https:\/\/www.europesays.com\/fr\/wp-json\/wp\/v2\/categories?post=356344"},{"taxonomy":"post_tag","embeddable":true,"href":"https:\/\/www.europesays.com\/fr\/wp-json\/wp\/v2\/tags?post=356344"}],"curies":[{"name":"wp","href":"https:\/\/api.w.org\/{rel}","templated":true}]}}