{"id":356349,"date":"2025-08-31T11:33:12","date_gmt":"2025-08-31T11:33:12","guid":{"rendered":"https:\/\/www.europesays.com\/fr\/356349\/"},"modified":"2025-08-31T11:33:12","modified_gmt":"2025-08-31T11:33:12","slug":"saint-genis-laval-la-mairie-deplore-une-nouvelle-occupation-sauvage","status":"publish","type":"post","link":"https:\/\/www.europesays.com\/fr\/356349\/","title":{"rendered":"Saint-Genis-Laval : la mairie d\u00e9plore une nouvelle occupation \u00ab\u00a0sauvage\u00a0\u00bb"},"content":{"rendered":"<p>                            <img loading=\"lazy\" width=\"770\" height=\"433\" class=\"attachment-article size-article wp-post-image lazyload\" alt=\"Campement de Roms le long du jardin des Chartreux \u2013 Lyon\u00a04e \u00a9 Antoine Merlet\" decoding=\"async\" src=\"https:\/\/www.europesays.com\/fr\/wp-content\/uploads\/2025\/08\/06__rom_jardin_des_chartreux_lyon_2019-001-770x433.jpg\"  data- data-eio-rwidth=\"770\" data-eio-rheight=\"433\"\/><\/p>\n<p>Campement de Roms le long du jardin des Chartreux \u2013 Lyon\u00a04e \u00a9 Antoine Merlet<\/p>\n<p class=\"content\" style=\"font-size:1.2em;font-weight:700\">Dans un communiqu\u00e9 publi\u00e9 ce dimanche, la mairie de Saint-Genis-Laval d\u00e9plore une nouvelle occupation illicite d&rsquo;un terrain priv\u00e9 par des gens du voyage. <\/p>\n<p>Une nouvelle occupation effectu\u00e9e sans l&rsquo;accord de la ville. \u00ab\u00a0Depuis le samedi 30 ao\u00fbt 2025, environ 5 caravanes se sont install\u00e9es sur une parcelle priv\u00e9e situ\u00e9e<br \/>au 62 route du Mill\u00e9naire\u00a0\u00bb, d\u00e9plore la commune dans un communiqu\u00e9 publi\u00e9 ce dimanche 31 ao\u00fbt.<\/p>\n<p>Au-del\u00e0 de l&rsquo;intrusion des caravanes malgr\u00e9 un dispositif de s\u00e9curit\u00e9 mis en place, des pierres devant l&rsquo;entr\u00e9e et la soudure des portails, la mairie d\u00e9plore les nuisances et les risques pouvant \u00eatre engendr\u00e9s \u00e0 la tranquillit\u00e9, la salubrit\u00e9 et la s\u00e9curit\u00e9 du voisinage par cette installation qualifi\u00e9e de \u00ab\u00a0sauvage\u00a0\u00bb. <\/p>\n<p><strong>Lire aussi :<\/strong> <a href=\"https:\/\/www.lyoncapitale.fr\/actualite\/la-ville-de-lyon-prend-un-arrete-pour-limiter-les-campements-sauvages\" target=\"_blank\" rel=\"noreferrer noopener nofollow\">La Ville de Lyon prend un arr\u00eat\u00e9 pour limiter les campements sauvages<\/a><\/p>\n<p>Une proc\u00e9dure d&rsquo;\u00e9vacuation engag\u00e9e<\/p>\n<p>\u00ab\u00a0Le terrain occup\u00e9 ne dispose d\u2019aucune infrastructure d\u2019accueil (ni sanitaire, ni eau potable, ni \u00e9vacuation des eaux us\u00e9es, ni \u00e9lectricit\u00e9). Le site n\u2019est absolument pas con\u00e7u pour accueillir des familles et des groupes d\u2019individus\u00a0\u00bb, ajoutent les \u00e9lus de la ville, qui ont \u00e9galement inform\u00e9 les autorit\u00e9s comp\u00e9tentes pour engager une proc\u00e9dure administrative d\u2019\u00e9vacuation forc\u00e9e. <\/p>\n<p>Et en appelle \u00e0 l&rsquo;aide de la M\u00e9tropole. \u00ab\u00a0Seule l\u2019intervention conjointe de l\u2019\u00c9tat et de la M\u00e9tropole de Lyon permettrait maintenant de faire respecter le droit.<br \/>La Ville de Saint-Genis-Laval demande aux pouvoirs publics d\u2019agir avec fermet\u00e9 et c\u00e9l\u00e9rit\u00e9, pour faire cesser cette occupation illicite et emp\u00eacher qu\u2019elle ne se reproduise.\u00a0\u00bb<\/p>\n","protected":false},"excerpt":{"rendered":"Campement de Roms le long du jardin des Chartreux \u2013 Lyon\u00a04e \u00a9 Antoine Merlet Dans un communiqu\u00e9 publi\u00e9&hellip;\n","protected":false},"author":2,"featured_media":356350,"comment_status":"","ping_status":"","sticky":false,"template":"","format":"standard","meta":{"footnotes":""},"categories":[1889],"tags":[1111,11,2430,1777,674,1011,27,2428,12,25],"class_list":{"0":"post-356349","1":"post","2":"type-post","3":"status-publish","4":"format-standard","5":"has-post-thumbnail","7":"category-lyon","8":"tag-actu","9":"tag-actualites","10":"tag-auvergne-rhone-alpes","11":"tag-eu","12":"tag-europe","13":"tag-fr","14":"tag-france","15":"tag-lyon","16":"tag-news","17":"tag-republique-francaise"},"share_on_mastodon":{"url":"https:\/\/pubeurope.com\/@fr\/115123165807016583","error":""},"_links":{"self":[{"href":"https:\/\/www.europesays.com\/fr\/wp-json\/wp\/v2\/posts\/356349","targetHints":{"allow":["GET"]}}],"collection":[{"href":"https:\/\/www.europesays.com\/fr\/wp-json\/wp\/v2\/posts"}],"about":[{"href":"https:\/\/www.europesays.com\/fr\/wp-json\/wp\/v2\/types\/post"}],"author":[{"embeddable":true,"href":"https:\/\/www.europesays.com\/fr\/wp-json\/wp\/v2\/users\/2"}],"replies":[{"embeddable":true,"href":"https:\/\/www.europesays.com\/fr\/wp-json\/wp\/v2\/comments?post=356349"}],"version-history":[{"count":0,"href":"https:\/\/www.europesays.com\/fr\/wp-json\/wp\/v2\/posts\/356349\/revisions"}],"wp:featuredmedia":[{"embeddable":true,"href":"https:\/\/www.europesays.com\/fr\/wp-json\/wp\/v2\/media\/356350"}],"wp:attachment":[{"href":"https:\/\/www.europesays.com\/fr\/wp-json\/wp\/v2\/media?parent=356349"}],"wp:term":[{"taxonomy":"category","embeddable":true,"href":"https:\/\/www.europesays.com\/fr\/wp-json\/wp\/v2\/categories?post=356349"},{"taxonomy":"post_tag","embeddable":true,"href":"https:\/\/www.europesays.com\/fr\/wp-json\/wp\/v2\/tags?post=356349"}],"curies":[{"name":"wp","href":"https:\/\/api.w.org\/{rel}","templated":true}]}}