{"id":356357,"date":"2025-08-31T11:40:15","date_gmt":"2025-08-31T11:40:15","guid":{"rendered":"https:\/\/www.europesays.com\/fr\/356357\/"},"modified":"2025-08-31T11:40:15","modified_gmt":"2025-08-31T11:40:15","slug":"valerie-pecresse-offre-un-navigo-valable-18-ans-au-bebe-ne-a-chatelet","status":"publish","type":"post","link":"https:\/\/www.europesays.com\/fr\/356357\/","title":{"rendered":"Val\u00e9rie P\u00e9cresse offre un Navigo valable 18 ans au b\u00e9b\u00e9 n\u00e9 \u00e0 Ch\u00e2telet"},"content":{"rendered":"<p>Ce n\u2019\u00e9tait pas not\u00e9 sur la liste des cadeaux de naissance, mais \u00e7a se prend quand m\u00eame\u00a0! Une femme a accouch\u00e9 sur les quais du <a href=\"https:\/\/www.20minutes.fr\/societe\/rer\/\" class=\"c-link c-link--is-underlined\" target=\"_blank\" rel=\"noopener\">RER<\/a> A le 15\u00a0ao\u00fbt, \u00e0 la station Ch\u00e2telet, \u00e0 <a href=\"https:\/\/www.20minutes.fr\/paris\/\" class=\"c-link c-link--is-underlined\" target=\"_blank\" rel=\"noopener\">Paris<\/a>. Tout s\u2019est bien pass\u00e9 et comme \u00e0 l\u2019accoutum\u00e9e, la <a href=\"https:\/\/www.20minutes.fr\/dossier\/ratp\" class=\"c-link c-link--is-underlined\" target=\"_blank\" rel=\"noopener\">RATP<\/a> a offert un petit quelque chose au nouveau n\u00e9.<\/p>\n<p><a href=\"https:\/\/www.20minutes.fr\/dossier\/valerie_pecresse\" class=\"c-link c-link--is-underlined\" target=\"_blank\" rel=\"noopener\">Val\u00e9rie P\u00e9cresse<\/a>, pr\u00e9sidente <a href=\"https:\/\/www.20minutes.fr\/dossier\/ile-de-france\" class=\"c-link c-link--is-underlined\" target=\"_blank\" rel=\"noopener\">d\u2019\u00cele-de-France<\/a> Mobilit\u00e9s, lui a octroy\u00e9 un pass <a href=\"https:\/\/www.20minutes.fr\/dossier\/pass_navigo\" class=\"c-link c-link--is-underlined\" target=\"_blank\" rel=\"noopener\">Navigo <\/a>gratuit jusqu\u2019\u00e0 sa majorit\u00e9. Une belle \u00e9conomie pour ses parents\u00a0: si le forfait imagine R Junior, pour les moins de 11 ans, ne co\u00fbte que 24,80 euros par an, le forfait imagine R Scolaire (destin\u00e9 aux jeunes du primaire, du secondaire et aux apprentis) co\u00fbte 392,30 euros par an.<\/p>\n<\/p>\n<p>En\u00a02018, un enfant n\u00e9 \u00e0 la station Glaci\u00e8re avait re\u00e7u un pass Navigo valable jusqu\u2019\u00e0 ses 25 ans. En avril\u00a02024, un autre, n\u00e9 gare du Nord, s\u2019\u00e9tait vu offrir un pass jusqu\u2019\u00e0 sa majorit\u00e9.<\/p>\n","protected":false},"excerpt":{"rendered":"Ce n\u2019\u00e9tait pas not\u00e9 sur la liste des cadeaux de naissance, mais \u00e7a se prend quand m\u00eame\u00a0! Une&hellip;\n","protected":false},"author":2,"featured_media":356358,"comment_status":"","ping_status":"","sticky":false,"template":"","format":"standard","meta":{"footnotes":""},"categories":[1888],"tags":[11,1777,674,1011,27,662,12,626,625,1306,25,12396,2328],"class_list":{"0":"post-356357","1":"post","2":"type-post","3":"status-publish","4":"format-standard","5":"has-post-thumbnail","7":"category-paris","8":"tag-actualites","9":"tag-eu","10":"tag-europe","11":"tag-fr","12":"tag-france","13":"tag-ile-de-france","14":"tag-news","15":"tag-paris","16":"tag-ratp","17":"tag-regions","18":"tag-republique-francaise","19":"tag-rer","20":"tag-valerie-pecresse"},"share_on_mastodon":{"url":"https:\/\/pubeurope.com\/@fr\/115123193396586995","error":""},"_links":{"self":[{"href":"https:\/\/www.europesays.com\/fr\/wp-json\/wp\/v2\/posts\/356357","targetHints":{"allow":["GET"]}}],"collection":[{"href":"https:\/\/www.europesays.com\/fr\/wp-json\/wp\/v2\/posts"}],"about":[{"href":"https:\/\/www.europesays.com\/fr\/wp-json\/wp\/v2\/types\/post"}],"author":[{"embeddable":true,"href":"https:\/\/www.europesays.com\/fr\/wp-json\/wp\/v2\/users\/2"}],"replies":[{"embeddable":true,"href":"https:\/\/www.europesays.com\/fr\/wp-json\/wp\/v2\/comments?post=356357"}],"version-history":[{"count":0,"href":"https:\/\/www.europesays.com\/fr\/wp-json\/wp\/v2\/posts\/356357\/revisions"}],"wp:featuredmedia":[{"embeddable":true,"href":"https:\/\/www.europesays.com\/fr\/wp-json\/wp\/v2\/media\/356358"}],"wp:attachment":[{"href":"https:\/\/www.europesays.com\/fr\/wp-json\/wp\/v2\/media?parent=356357"}],"wp:term":[{"taxonomy":"category","embeddable":true,"href":"https:\/\/www.europesays.com\/fr\/wp-json\/wp\/v2\/categories?post=356357"},{"taxonomy":"post_tag","embeddable":true,"href":"https:\/\/www.europesays.com\/fr\/wp-json\/wp\/v2\/tags?post=356357"}],"curies":[{"name":"wp","href":"https:\/\/api.w.org\/{rel}","templated":true}]}}