{"id":356361,"date":"2025-08-31T11:42:15","date_gmt":"2025-08-31T11:42:15","guid":{"rendered":"https:\/\/www.europesays.com\/fr\/356361\/"},"modified":"2025-08-31T11:42:15","modified_gmt":"2025-08-31T11:42:15","slug":"sous-administration-externe-les-actifs-dair-liquide-en-russie-a-lepreuve-des-decisions-souveraines","status":"publish","type":"post","link":"https:\/\/www.europesays.com\/fr\/356361\/","title":{"rendered":"Sous administration externe : les actifs d\u2019Air Liquide en Russie \u00e0 l\u2019\u00e9preuve des d\u00e9cisions souveraines"},"content":{"rendered":"<p>Les <strong>r\u00e9cents d\u00e9veloppements autour des actifs<\/strong> du groupe Air Liquide en Russie marquent une \u00e9tape importante dans la r\u00e9organisation du secteur industriel international. Ces mesures, prises par les <strong>autorit\u00e9s russes<\/strong> \u00e0 la fin du mois d\u2019ao\u00fbt 2025, bouleversent profond\u00e9ment le paysage des entreprises \u00e9trang\u00e8res op\u00e9rant dans le pays. Le dossier Air Liquide met ainsi en lumi\u00e8re la <strong>transition administrative<\/strong> et les m\u00e9canismes juridiques qui s\u2019enclenchent lorsqu\u2019un \u00c9tat d\u00e9cide de reprendre le contr\u00f4le sur des <strong>implantations strat\u00e9giques d\u00e9tenues par des groupes internationaux<\/strong>.<\/p>\n<p>Retour sur la d\u00e9cision russe concernant les actifs d\u2019Air Liquide<\/p>\n<p>Le 29 ao\u00fbt 2025 marque une date d\u00e9cisive pour la pr\u00e9sence d\u2019<strong>Air Liquide<\/strong> sur le territoire russe. Ce jour-l\u00e0, la direction g\u00e9n\u00e9rale du groupe apprend que ses <strong>actifs en Russie<\/strong> sont d\u00e9sormais plac\u00e9s sous <strong>administration externe<\/strong> d\u00e9sign\u00e9e par les autorit\u00e9s locales. Cela signifie concr\u00e8tement que la gestion et le contr\u00f4le op\u00e9rationnel des installations ne rel\u00e8vent plus de la direction du groupe, mais passent sous la supervision de mandataires nomm\u00e9s par l\u2019\u00c9tat russe.<\/p>\n<p>Cette mesure n\u2019est pas pass\u00e9e inaper\u00e7ue. Plusieurs autres soci\u00e9t\u00e9s europ\u00e9ennes avaient d\u00e9j\u00e0 \u00e9t\u00e9 confront\u00e9es \u00e0 ce type de situation, avec \u00e0 chaque fois des cons\u00e9quences imm\u00e9diates sur leur <strong>gouvernance<\/strong> et leurs liens \u00e9conomiques locaux. Pour Air Liquide, cela s\u2019est traduit par une <strong>perte directe de l\u2019usage et de la gestion de ses filiales russes<\/strong>, ainsi que de l\u2019ensemble du patrimoine industriel concern\u00e9.<\/p>\n<p>Transfert et nouvelle gestion sous l\u2019\u00e9gide de M-Logistika<br \/>\nQuels \u00e9l\u00e9ments ont \u00e9t\u00e9 transf\u00e9r\u00e9s \u00e0 l\u2019op\u00e9rateur local\u00a0?<\/p>\n<p>D\u2019apr\u00e8s un d\u00e9cret sign\u00e9 par les plus hautes autorit\u00e9s russes, il a \u00e9t\u00e9 d\u00e9cid\u00e9 que les droits et parts d\u00e9tenus par Air Liquide au sein de diff\u00e9rentes entit\u00e9s du pays sont d\u00e9sormais plac\u00e9s sous la gestion temporaire d\u2019une entreprise russe appel\u00e9e <strong>M-Logistika<\/strong>. Cette mutation implique non seulement une <strong>expropriation temporaire<\/strong>, mais aussi le transfert des leviers de direction de plusieurs infrastructures essentielles \u00e0 la <strong>production de gaz industriels<\/strong>.<\/p>\n<p>M-Logistika se retrouve investie du r\u00f4le de gestionnaire provisoire, veillant \u00e0 la poursuite de l\u2019activit\u00e9 tout en appliquant les directives fix\u00e9es par l\u2019appareil d\u2019\u00c9tat russe. Les salari\u00e9s comme les clients locaux de ces unit\u00e9s connaissent donc un changement d\u2019interlocuteur pour toutes les questions li\u00e9es \u00e0 la <strong>production<\/strong>, \u00e0 la distribution ou encore aux aspects contractuels des op\u00e9rations.<\/p>\n<p>Liste des principaux actifs concern\u00e9s par la d\u00e9cision<\/p>\n<ul>\n<li><strong>Unit\u00e9s de s\u00e9paration des gaz de l\u2019air<\/strong> install\u00e9es pr\u00e8s de principaux sites industriels russes<\/li>\n<li><strong>Infrastructures logistiques<\/strong> d\u00e9di\u00e9es au stockage et \u00e0 la livraison de <strong>gaz m\u00e9dicaux et industriels<\/strong><\/li>\n<li>Participation dans une dizaine de <strong>filiales russes assurant la distribution sur le r\u00e9seau int\u00e9rieur<\/strong><\/li>\n<\/ul>\n<p>L\u2019impact op\u00e9rationnel est palpable dans chacune de ces entit\u00e9s, qui poursuivent leurs activit\u00e9s sous un syst\u00e8me de <strong>gouvernance enti\u00e8rement renouvel\u00e9<\/strong> et encadr\u00e9 par les nouvelles directives nationales.<\/p>\n<p>Implications juridiques et industrielles du passage sous administration externe<\/p>\n<p>Le placement sous <strong>administration externe des filiales \u00e9trang\u00e8res<\/strong> s\u2019inscrit dans le cadre l\u00e9gal russe, mobilis\u00e9 par d\u00e9cret pr\u00e9sidentiel lors de circonstances dites exceptionnelles. Cette disposition a d\u00e9j\u00e0 servi dans divers dossiers li\u00e9s \u00e0 des tensions internationales, provoquant des <strong>r\u00e9organisations massives<\/strong> touchant notamment des firmes occidentales actives dans l\u2019\u00e9nergie et la chimie.<\/p>\n<p>Pour Air Liquide, cette situation accro\u00eet la complexit\u00e9 de la gestion de ses <strong>actifs globaux<\/strong>. L\u2019entreprise fran\u00e7aise avait d\u00e9j\u00e0 annonc\u00e9 d\u00e8s 2022 sa volont\u00e9 de quitter le march\u00e9 russe, anticipant les difficult\u00e9s g\u00e9opolitiques croissantes. D\u00e9sormais, la question porte essentiellement sur la <strong>valorisation r\u00e9siduelle de ses investissements<\/strong> et sur la possibilit\u00e9, le cas \u00e9ch\u00e9ant, d\u2019obtenir une compensation via des canaux juridiques adapt\u00e9s.<\/p>\n<p>Chronologie r\u00e9cente et modalit\u00e9s de la saisie<br \/>\nD\u00e9roulement des faits depuis le retrait annonc\u00e9 du groupe fran\u00e7ais<\/p>\n<p>D\u00e8s le printemps 2022, Air Liquide annonce publiquement son intention de cesser progressivement ses <strong>op\u00e9rations en Russie<\/strong>. \u00c0 partir de l\u00e0, un long processus administratif et politique s\u2019engage, ponctu\u00e9 d\u2019\u00e9changes entre le si\u00e8ge parisien, les autorit\u00e9s locales et les responsables op\u00e9rationnels des filiales vis\u00e9es.<\/p>\n<p>L\u2019\u00e9tape majeure intervient toutefois \u00e0 la fin ao\u00fbt 2025, quand le gouvernement russe officialise le <strong>placement des actifs d\u2019Air Liquide sous administration tierce<\/strong>, \u00e9cartant d\u00e9finitivement toute mainmise directe du groupe sur ses filiales locales.<\/p>\n<p>Tableau synth\u00e9tique\u00a0: \u00e9tapes-cl\u00e9s et gestion<\/p>\n<tr>\nP\u00e9riode<br \/>\n\u00c9v\u00e9nement principal<br \/>\nCons\u00e9quence pour Air Liquide<br \/>\n<\/tr>\n<tr>\n<td>2022<\/td>\n<td>Annonces de retrait du march\u00e9 russe<\/td>\n<td>D\u00e9marrage des consultations internes et dialogues externes<\/td>\n<\/tr>\n<tr>\n<td>Ao\u00fbt 2025<\/td>\n<td>D\u00e9cision officielle de mise sous administration externe<\/td>\n<td>Perte effective du contr\u00f4le direct sur les actifs russes<\/td>\n<\/tr>\n<tr>\n<td>Septembre 2025<\/td>\n<td>Transfert \u00e0 la soci\u00e9t\u00e9 M-Logistika<\/td>\n<td>Passation administrative et bascule des interlocuteurs op\u00e9rationnels<\/td>\n<\/tr>\n<p>Chaque \u00e9tape est accompagn\u00e9e de proc\u00e9dures strictes, encadr\u00e9es par la l\u00e9gislation locale, imposant aux soci\u00e9t\u00e9s internationales une adaptation rapide \u00e0 la <strong>nouvelle donne r\u00e9glementaire<\/strong>.<\/p>\n<p>Impact sur les filiales et positionnement futur d\u2019Air Liquide<\/p>\n<p>La disparition de la <strong>gestion directe<\/strong> laisse place \u00e0 de nombreuses incertitudes, tant sur le plan juridique qu\u2019industriel. D\u2019un point de vue comptable, la valeur des <strong>investissements d\u2019Air Liquide en Russie<\/strong> doit \u00eatre r\u00e9\u00e9valu\u00e9e. Par ailleurs, en mati\u00e8re de relations commerciales, il est n\u00e9cessaire de red\u00e9finir compl\u00e8tement les axes de croissance hors du champ russe.<\/p>\n<p>Ces transformations impactent \u00e9galement \u00e0 court terme la <strong>visibilit\u00e9 financi\u00e8re<\/strong> du groupe, qui ajuste sa strat\u00e9gie internationale afin de maintenir la continuit\u00e9 de ses activit\u00e9s ailleurs dans le monde, malgr\u00e9 la perte d\u2019une implantation industrielle majeure sur le continent eurasiatique.<\/p>\n<p>Sources<\/p>\n<ul>\n<li>https:\/\/www.airliquide.com\/fr\/groupe\/communiques-presse-actualites\/29-08-2025\/information-relative-aux-actifs-dair-liquide-en-russie<\/li>\n<li>https:\/\/www.lefigaro.fr\/flash-eco\/russie-poutine-transfere-les-actifs-d-air-liquide-a-une-entreprise-russe-20250829<\/li>\n<li>https:\/\/www.20minutes.fr\/monde\/russie\/4170281-20250829-russie-poutine-transfere-actifs-groupe-francais-air-liquide-entreprise-russe<\/li>\n<li>https:\/\/investir.lesechos.fr\/actu-des-valeurs\/la-vie-des-actions\/air-liquide-annonce-la-saisie-de-ses-actifs-en-russie-2183513<\/li>\n<\/ul>\n","protected":false},"excerpt":{"rendered":"Les r\u00e9cents d\u00e9veloppements autour des actifs du groupe Air Liquide en Russie marquent une \u00e9tape importante dans la&hellip;\n","protected":false},"author":2,"featured_media":356362,"comment_status":"","ping_status":"","sticky":false,"template":"","format":"standard","meta":{"footnotes":""},"categories":[1591],"tags":[11,1887,12,1885,1886,132],"class_list":{"0":"post-356361","1":"post","2":"type-post","3":"status-publish","4":"format-standard","5":"has-post-thumbnail","7":"category-russie","8":"tag-actualites","9":"tag-federation-de-russie","10":"tag-news","11":"tag-russia","12":"tag-russian-federation","13":"tag-russie"},"share_on_mastodon":{"url":"https:\/\/pubeurope.com\/@fr\/115123201213459023","error":""},"_links":{"self":[{"href":"https:\/\/www.europesays.com\/fr\/wp-json\/wp\/v2\/posts\/356361","targetHints":{"allow":["GET"]}}],"collection":[{"href":"https:\/\/www.europesays.com\/fr\/wp-json\/wp\/v2\/posts"}],"about":[{"href":"https:\/\/www.europesays.com\/fr\/wp-json\/wp\/v2\/types\/post"}],"author":[{"embeddable":true,"href":"https:\/\/www.europesays.com\/fr\/wp-json\/wp\/v2\/users\/2"}],"replies":[{"embeddable":true,"href":"https:\/\/www.europesays.com\/fr\/wp-json\/wp\/v2\/comments?post=356361"}],"version-history":[{"count":0,"href":"https:\/\/www.europesays.com\/fr\/wp-json\/wp\/v2\/posts\/356361\/revisions"}],"wp:featuredmedia":[{"embeddable":true,"href":"https:\/\/www.europesays.com\/fr\/wp-json\/wp\/v2\/media\/356362"}],"wp:attachment":[{"href":"https:\/\/www.europesays.com\/fr\/wp-json\/wp\/v2\/media?parent=356361"}],"wp:term":[{"taxonomy":"category","embeddable":true,"href":"https:\/\/www.europesays.com\/fr\/wp-json\/wp\/v2\/categories?post=356361"},{"taxonomy":"post_tag","embeddable":true,"href":"https:\/\/www.europesays.com\/fr\/wp-json\/wp\/v2\/tags?post=356361"}],"curies":[{"name":"wp","href":"https:\/\/api.w.org\/{rel}","templated":true}]}}