{"id":356363,"date":"2025-08-31T11:43:14","date_gmt":"2025-08-31T11:43:14","guid":{"rendered":"https:\/\/www.europesays.com\/fr\/356363\/"},"modified":"2025-08-31T11:43:14","modified_gmt":"2025-08-31T11:43:14","slug":"volodymyr-zelensky-appelle-trump-et-lue-a-accelerer-les-discussions-de-paix-avec-moscou","status":"publish","type":"post","link":"https:\/\/www.europesays.com\/fr\/356363\/","title":{"rendered":"Volodymyr Zelensky appelle Trump et l\u2019UE \u00e0 acc\u00e9l\u00e9rer les discussions de paix avec Moscou"},"content":{"rendered":"<p>\n                    Publi\u00e9 le                 29\/08\/2025 &#8211; 22:18 UTC+2<br \/>\n                \u2022Mis \u00e0 jour<br \/>\n                                     30\/08\/2025 &#8211; 8:41 UTC+2\n                                        <\/p>\n<p>          <img decoding=\"async\" class=\"c-ad__placeholder__logo\" src=\"https:\/\/static.euronews.com\/website\/images\/logos\/logo-euronews-stacked-outlined-72x72-grey-9.svg\" width=\"72\" height=\"72\" alt=\"\" loading=\"lazy\"\/><br \/>\n          PUBLICIT\u00c9<\/p>\n<p>Apr\u00e8s l&rsquo;attaque russe massive qui a fait au moins 25 morts \u00e0 Kyiv et alors que la Russie concentrerait \u00ab\u00a0jusqu&rsquo;\u00e0 100.000\u00a0\u00bb soldats pr\u00e8s de la ville ukrainienne de Pokrovsk selon Volodymyr Zelensky, le pr\u00e9sident ukrainien appelle Donald Trump et l&rsquo;UE \u00e0 oeuvrer pour acc\u00e9l\u00e9rer les n\u00e9gociations de paix avec Moscou. <\/p>\n<p>Exprimant sa frustration face au \u00ab\u00a0manque d\u2019engagement constructif\u00a0\u00bb de Moscou et accusant le Kremlin de faire trainer les n\u00e9gociations, le dirigeant a annonc\u00e9 vendredi que ses \u00e9quipes souhaitaient rencontrer Donald Trump et plusieurs dirigeants europ\u00e9ens d\u00e8s la semaine prochaine pour relancer les discussions de paix avec la Russie, plus de trois ans apr\u00e8s le d\u00e9but de l\u2019invasion.<\/p>\n<p>\u00ab\u00a0Les dirigeants doivent \u00eatre impliqu\u00e9s de toute urgence pour parvenir \u00e0 des accords\u00a0\u00bb, a-t-il d\u00e9clar\u00e9.<\/p>\n<p>Vendredi, le porte-parole du Kremlin, Dmitri Peskov, a r\u00e9affirm\u00e9 que Vladimir Poutine n\u2019excluait pas une rencontre, mais uniquement lorsque des progr\u00e8s auront \u00e9t\u00e9 r\u00e9alis\u00e9s \u00ab\u00a0au niveau des experts\u00a0\u00bb.<\/p>\n<p>Donald Trump s&rsquo;est r\u00e9cemment dit contrari\u00e9 par le fait que le dirigeant russe ait tergivers\u00e9 sur une proposition am\u00e9ricaine de pourparlers de paix directs avec Volodymyr Zelensky. <\/p>\n<p>Le pr\u00e9sident am\u00e9ricain, qui condamne \u00e0 la fois les frappes russes et les contre-attaques ukrainiennes, n\u2019a pas condamn\u00e9 publiquement la derni\u00e8re vague de bombardements ayant tu\u00e9 au moins 25 personnes \u00e0 Kyiv dans la nuit de jeudi \u00e0 vendredi.<\/p>\n<p>Depuis Paris, le pr\u00e9sident fran\u00e7ais Emmanuel Macron et le chancelier allemand Friedrich Merz ont appel\u00e9 vendredi \u00e0 des \u00ab\u00a0sanctions suppl\u00e9mentaires\u00a0\u00bb contre la Russie. <\/p>\n<p>Andriy Yermak, chef du bureau pr\u00e9sidentiel ukrainien, devrait rencontrer l&rsquo;envoy\u00e9 sp\u00e9cial am\u00e9ricain, Steve Witkoff, \u00e0 New York vendredi pour pr\u00e9parer ces rendez-vous diplomatiques.<\/p>\n<p>Les n\u00e9gociateurs ukrainiens ont pr\u00e9c\u00e9demment tent\u00e9 de faire avancer le processus de paix par le biais de discussions au Qatar, en Arabie saoudite, en Turquie, aux \u00c9mirats arabes unis, en Suisse et aux \u00c9tats-Unis.<\/p>\n<p>L&rsquo;Ukraine a accept\u00e9 une proposition am\u00e9ricaine de cessez-le-feu et de rencontre entre Vladimir Poutine et Volodymyr Zelensky, mais Moscou a soulev\u00e9 des objections.<\/p>\n<p>Le chef d\u2019\u00c9tat ukrainien a appel\u00e9 \u00e0 de nouvelles sanctions secondaires rapides l&rsquo;encontre des pays qui commercent avec la Russie et soutiennent ainsi son \u00e9conomie de guerre.<\/p>\n<p>Selon lui, toute garantie de s\u00e9curit\u00e9 post-conflit devra inclure un approvisionnement durable en armes, soit par la production nationale, soit par la fourniture occidentale, ainsi que des armes am\u00e9ricaines pay\u00e9es par l&rsquo;Europe.<\/p>\n<p>Vladimir Poutine doit participer au sommet de l&rsquo;Organisation de coop\u00e9ration de Shanghai en Chine \u00e0 partir de dimanche, \u00e0 laquelle participeront \u00e9galement l&rsquo;Iran et la Cor\u00e9e du Nord, des pays qui ont \u00e9galement contribu\u00e9 \u00e0 l&rsquo;effort de guerre de la Russie.<\/p>\n<p>\u00c0 partir du 9 septembre, les dirigeants du monde entier devraient assister \u00e0 l&rsquo;Assembl\u00e9e g\u00e9n\u00e9rale des Nations unies, au cours de laquelle l&rsquo;invasion massive en cours de la Russie sera discut\u00e9e.<\/p>\n<p>Un rapport de l\u2019Atlantic Council rappelle que Washington a toujours h\u00e9sit\u00e9 \u00e0 adopter une ligne trop dure contre Moscou, par crainte d&rsquo;un conflit nucl\u00e9aire potentiel.<\/p>\n<p>\u00ab\u00a0Poutine sait que Washington et ses alli\u00e9s ont plus qu&rsquo;assez de capacit\u00e9 pour inverser ses gains en Ukraine, mais il est presque certain qu&rsquo;il doute que les \u00c9tats-Unis aient la volont\u00e9 de le faire\u00a0\u00bb, a d\u00e9clar\u00e9 l&rsquo;Atlantic Council dans une \u00e9valuation cette semaine, ajoutant que \u00ab\u00a0la deuxi\u00e8me administration Trump a signal\u00e9 \u00e0 plusieurs reprises que les \u00c9tats-Unis n&rsquo;avaient pas d&rsquo;int\u00e9r\u00eats vitaux en jeu dans cette guerre\u00a0\u00bb.<\/p>\n<p>Sources additionnelles<strong> \u2022 AP<\/strong><\/p>\n","protected":false},"excerpt":{"rendered":"Publi\u00e9 le 29\/08\/2025 &#8211; 22:18 UTC+2 \u2022Mis \u00e0 jour 30\/08\/2025 &#8211; 8:41 UTC+2 PUBLICIT\u00c9 Apr\u00e8s l&rsquo;attaque russe massive&hellip;\n","protected":false},"author":2,"featured_media":356364,"comment_status":"","ping_status":"","sticky":false,"template":"","format":"standard","meta":{"footnotes":""},"categories":[1590],"tags":[11,1866,1777,674,131,2025,12,132,220,134],"class_list":{"0":"post-356363","1":"post","2":"type-post","3":"status-publish","4":"format-standard","5":"has-post-thumbnail","7":"category-ukraine","8":"tag-actualites","9":"tag-etats-unis-damerique","10":"tag-eu","11":"tag-europe","12":"tag-guerre-en-ukraine","13":"tag-invasion-de-la-russie-en-ukraine","14":"tag-news","15":"tag-russie","16":"tag-ukraine","17":"tag-volodymyr-zelensky"},"share_on_mastodon":{"url":"https:\/\/pubeurope.com\/@fr\/115123205193828142","error":""},"_links":{"self":[{"href":"https:\/\/www.europesays.com\/fr\/wp-json\/wp\/v2\/posts\/356363","targetHints":{"allow":["GET"]}}],"collection":[{"href":"https:\/\/www.europesays.com\/fr\/wp-json\/wp\/v2\/posts"}],"about":[{"href":"https:\/\/www.europesays.com\/fr\/wp-json\/wp\/v2\/types\/post"}],"author":[{"embeddable":true,"href":"https:\/\/www.europesays.com\/fr\/wp-json\/wp\/v2\/users\/2"}],"replies":[{"embeddable":true,"href":"https:\/\/www.europesays.com\/fr\/wp-json\/wp\/v2\/comments?post=356363"}],"version-history":[{"count":0,"href":"https:\/\/www.europesays.com\/fr\/wp-json\/wp\/v2\/posts\/356363\/revisions"}],"wp:featuredmedia":[{"embeddable":true,"href":"https:\/\/www.europesays.com\/fr\/wp-json\/wp\/v2\/media\/356364"}],"wp:attachment":[{"href":"https:\/\/www.europesays.com\/fr\/wp-json\/wp\/v2\/media?parent=356363"}],"wp:term":[{"taxonomy":"category","embeddable":true,"href":"https:\/\/www.europesays.com\/fr\/wp-json\/wp\/v2\/categories?post=356363"},{"taxonomy":"post_tag","embeddable":true,"href":"https:\/\/www.europesays.com\/fr\/wp-json\/wp\/v2\/tags?post=356363"}],"curies":[{"name":"wp","href":"https:\/\/api.w.org\/{rel}","templated":true}]}}