{"id":356369,"date":"2025-08-31T11:46:11","date_gmt":"2025-08-31T11:46:11","guid":{"rendered":"https:\/\/www.europesays.com\/fr\/356369\/"},"modified":"2025-08-31T11:46:11","modified_gmt":"2025-08-31T11:46:11","slug":"allemagne-les-keffiehs-interdits-a-buchenwald","status":"publish","type":"post","link":"https:\/\/www.europesays.com\/fr\/356369\/","title":{"rendered":"Allemagne : Les keffiehs interdits \u00e0 Buchenwald"},"content":{"rendered":"<p><strong>Allemagne : Les keffiehs interdits \u00e0 Buchenwald<\/strong><\/p>\n<p>La justice allemande vient de confirmer l\u2019interdiction de visiter le camp de concentration de Buchenwald avec un keffieh. Cette interdiction participe \u00e0 une tragique r\u00e9\u00e9criture de l\u2019histoire.<\/p>\n<p>Le camp de Buchenwald a \u00e9t\u00e9 ouvert en 1937. Au d\u00e9but les d\u00e9port\u00e9.es \u00e9taient des Allemand.es communistes, socialistes, homosexuel.les, juifs\/ves, Tsiganes. Puis sont arriv\u00e9.es des d\u00e9tenu.es de tous les pays. Il a eu 250 000 d\u00e9tenu.es et 56 000 sont mort.es. Ce n\u2019\u00e9tait pas un camp d\u2019extermination mais c\u2019\u00e9tait un camp extr\u00eamement dur.<\/p>\n<p>Il y a eu beaucoup de mort.es de faim, d\u2019\u00e9puisement, par ex\u00e9cution capitale. Il y a eu aussi des exp\u00e9riences m\u00e9dicales sur les d\u00e9tenu.es. Des personnalit\u00e9s c\u00e9l\u00e8bres ont \u00e9t\u00e9 d\u00e9tenues \u00e0 Buchenwald : L\u00e9on Blum, Jorge Semprun, St\u00e9phane Hessel, David Rousset, Elie Wiesel, Claude Bourdet, Marcel Dassault, Robert Antelme et bien d\u2019autres.<\/p>\n<p>Des parents de membres de l\u2019UJFP aussi y ont \u00e9t\u00e9 d\u00e9port\u00e9.es Lors de la lib\u00e9ration du camp en avril 1945, l\u2019arm\u00e9e am\u00e9ricaine a amen\u00e9 des habitants de Weimar pour qu\u2019ils puissent voir les cadavres et les corps \u00e9maci\u00e9s. Qu\u2019ils ne puissent jamais dire : \u00ab nous ne savions pas \u00bb.<\/p>\n<p>Buchenwald ne symbolise pas seulement le jud\u00e9ocide. C\u2019est le symbole des horreurs produites par un r\u00e9gime barbare et une id\u00e9ologie supr\u00e9maciste qui a th\u00e9oris\u00e9 jusqu\u2019\u00e0 l\u2019extr\u00eame la violence et l\u2019existence de races inf\u00e9rieures qu\u2019il faut \u00e9craser ou exterminer. Quel rapport avec Isra\u00ebl ? Aucun. Le nazisme a submerg\u00e9 l\u2019Allemagne. Il a r\u00e9ussi \u00e0 annihiler tout ce qui pouvait s\u2019opposer \u00e0 lui dans la soci\u00e9t\u00e9 allemande.<\/p>\n<p>Que l\u2019Allemagne se sente coupable de ce que le r\u00e9gime nazi a inflig\u00e9 au monde, c\u2019est compr\u00e9hensible. Mais pourquoi faire payer ce crime imprescriptible au peuple palestinien ? Le g\u00e9nocide nazi a \u00e9t\u00e9 perp\u00e9tr\u00e9 en Europe par des Europ\u00e9ens. Pourquoi soutenir inconditionnellement un r\u00e9gime qui commet un g\u00e9nocide \u00e0 Gaza ? Le gouvernement allemand va-t-il pr\u00e9tendre qu\u2019il \u00ab ne sait pas \u00bb comme d\u2019autres n\u00e9gationnistes ont jou\u00e9 l\u2019ignorance ? Apr\u00e8s la deuxi\u00e8me guerre mondiale, c\u2019est un ancien dignitaire nazi, Hans Globke, qui a n\u00e9goci\u00e9 avec le gouvernement isra\u00e9lien l\u2019indemnisation des victimes juives du nazisme. Depuis, toute critique d\u2019Isra\u00ebl est interdite.<\/p>\n<p>Les manifestations des Palestiniens sont r\u00e9prim\u00e9es, l\u2019Allemagne vend des armes \u00e0 Isra\u00ebl et le chancelier Merz f\u00e9licite N\u00e9tanyahou pour les bombardements sur l\u2019Iran. Le compte bancaire de l\u2019organisation allemande s\u0153ur de l\u2019UJFP (j\u00fcdische stimme f\u00fcr gerechten frieden in Nahost) a \u00e9t\u00e9 ferm\u00e9 parce que cette association juive est antisioniste et pour le boycott d\u2019Isra\u00ebl. L\u2019interdiction des keffiehs \u00e0 Buchenwald traduit une confusion voulue entre le nazisme et les Palestiniens.<\/p>\n<p>Elle reprend le discours de N\u00e9tanyahou qui avait d\u00e9clar\u00e9 en 2015 qu\u2019Hitler ne voulait pas tuer les Juifs et que c\u2019est le grand mufti de J\u00e9rusalem qui lui avait souffl\u00e9 l\u2019id\u00e9e. En interdisant les keffiehs \u00e0 Buchenwald, l\u2019Allemagne adopte un discours r\u00e9visionniste. C\u2019est une grave offense aux victimes de ce camp.<\/p>\n<p>La Coordination nationale de l\u2019UJFP, le 30 ao\u00fbt 2025<\/p>\n","protected":false},"excerpt":{"rendered":"Allemagne : Les keffiehs interdits \u00e0 Buchenwald La justice allemande vient de confirmer l\u2019interdiction de visiter le camp&hellip;\n","protected":false},"author":2,"featured_media":356370,"comment_status":"","ping_status":"","sticky":false,"template":"","format":"standard","meta":{"footnotes":""},"categories":[1587],"tags":[11,672,1804,1805,1803,1777,674,1801,12,1802],"class_list":{"0":"post-356369","1":"post","2":"type-post","3":"status-publish","4":"format-standard","5":"has-post-thumbnail","7":"category-allemagne","8":"tag-actualites","9":"tag-allemagne","10":"tag-bundesrepublik-deutschland","11":"tag-de","12":"tag-deutschland","13":"tag-eu","14":"tag-europe","15":"tag-germany","16":"tag-news","17":"tag-republique-federale-dallemagne"},"share_on_mastodon":{"url":"https:\/\/pubeurope.com\/@fr\/115123217136854836","error":""},"_links":{"self":[{"href":"https:\/\/www.europesays.com\/fr\/wp-json\/wp\/v2\/posts\/356369","targetHints":{"allow":["GET"]}}],"collection":[{"href":"https:\/\/www.europesays.com\/fr\/wp-json\/wp\/v2\/posts"}],"about":[{"href":"https:\/\/www.europesays.com\/fr\/wp-json\/wp\/v2\/types\/post"}],"author":[{"embeddable":true,"href":"https:\/\/www.europesays.com\/fr\/wp-json\/wp\/v2\/users\/2"}],"replies":[{"embeddable":true,"href":"https:\/\/www.europesays.com\/fr\/wp-json\/wp\/v2\/comments?post=356369"}],"version-history":[{"count":0,"href":"https:\/\/www.europesays.com\/fr\/wp-json\/wp\/v2\/posts\/356369\/revisions"}],"wp:featuredmedia":[{"embeddable":true,"href":"https:\/\/www.europesays.com\/fr\/wp-json\/wp\/v2\/media\/356370"}],"wp:attachment":[{"href":"https:\/\/www.europesays.com\/fr\/wp-json\/wp\/v2\/media?parent=356369"}],"wp:term":[{"taxonomy":"category","embeddable":true,"href":"https:\/\/www.europesays.com\/fr\/wp-json\/wp\/v2\/categories?post=356369"},{"taxonomy":"post_tag","embeddable":true,"href":"https:\/\/www.europesays.com\/fr\/wp-json\/wp\/v2\/tags?post=356369"}],"curies":[{"name":"wp","href":"https:\/\/api.w.org\/{rel}","templated":true}]}}