{"id":356371,"date":"2025-08-31T11:47:12","date_gmt":"2025-08-31T11:47:12","guid":{"rendered":"https:\/\/www.europesays.com\/fr\/356371\/"},"modified":"2025-08-31T11:47:12","modified_gmt":"2025-08-31T11:47:12","slug":"le-projet-scaf-a-larret-leurope-sur-le-point-de-perdre-le-successeur-du-rafale","status":"publish","type":"post","link":"https:\/\/www.europesays.com\/fr\/356371\/","title":{"rendered":"Le projet SCAF \u00e0 l&rsquo;arr\u00eat : l\u2019Europe sur le point de perdre le successeur du Rafale\u202f?"},"content":{"rendered":"<p>L\u2019Europe de la d\u00e9fense avance souvent au rythme de ses d\u00e9saccords. Malgr\u00e9 des ambitions partag\u00e9es, les projets conjoints peinent \u00e0 \u00e9chapper aux logiques nationales. \u00c0 mesure que les tensions g\u00e9opolitiques se multiplient, l\u2019id\u00e9e d\u2019un appareil militaire unifi\u00e9 devient un enjeu strat\u00e9gique majeur. Le programme SCAF, cens\u00e9 incarner cette convergence, cristallise aujourd\u2019hui les rivalit\u00e9s franco-allemandes au lieu de les d\u00e9passer.<\/p>\n<p>Rafale fran\u00e7ais et aux Eurofighter allemands et espagnols. Con\u00e7u comme un \u201csyst\u00e8me de syst\u00e8mes\u201d, il comprend un nouvel avion pilot\u00e9, des <a href=\"https:\/\/www.science-et-vie.com\/technos-et-futur\/defense\/au-bourget-dassault-aviation-devoile-enfin-son-drone-de-combat-furtif-qui-volera-en-couple-avec-le-rafale-202462.html\" target=\"_blank\" rel=\"noopener\">drones de combat<\/a> dits \u201cRemote Carriers\u201d et un r\u00e9seau de donn\u00e9es en temps r\u00e9el, le \u201cCombat Cloud\u201d. L\u2019objectif affich\u00e9 est de disposer d\u2019un <a href=\"https:\/\/www.science-et-vie.com\/technos-et-futur\/officiellement-retire-depuis-2008-le-f-117-nighthawk-fait-un-retour-surprenant-dans-le-ciel-americain-208808.html\" target=\"_blank\" rel=\"noopener\">appareil furtif<\/a>, interconnect\u00e9 et soutenu par l\u2019intelligence artificielle \u00e0 l\u2019horizon 2040.    <\/p>\n<p>Le budget d\u00e9passe les 100 milliards d\u2019euros, ce qui en fait le plus vaste <a href=\"https:\/\/www.science-et-vie.com\/societe\/plus-grand-que-gibraltar-leurope-est-en-train-de-construire-de-gigantesques-complexes-industriels-pour-renforcer-son-artillerie-militaire-208240.html\" target=\"_blank\" rel=\"noopener\">projet de d\u00e9fense europ\u00e9en<\/a> de ces derni\u00e8res d\u00e9cennies. Derri\u00e8re cette ambition, l\u2019id\u00e9e est de garantir une autonomie strat\u00e9gique face aux \u00c9tats-Unis et \u00e0 leurs avions F-35 d\u00e9j\u00e0 d\u00e9ploy\u00e9s dans plusieurs arm\u00e9es europ\u00e9ennes. Selon <a href=\"https:\/\/aviationnews.eu\/news\/2025\/08\/more-delays-hit-europes-next-gen-fighter-jet-project\/\" target=\"_blank\" rel=\"nofollow noopener\">Aviation News<\/a>, le SCAF doit aussi poser les bases d\u2019une industrie de d\u00e9fense int\u00e9gr\u00e9e capable de rivaliser avec les grands consortiums internationaux.<\/p>\n<p> Les tensions franco-allemandes freinent la coop\u00e9ration industrielle <\/p>\n<p>Con\u00e7u comme une vitrine de la coop\u00e9ration europ\u00e9enne, le programme bute aujourd\u2019hui sur les divergences entre Paris et Berlin. La France, port\u00e9e par Dassault Aviation, r\u00e9clame une part majoritaire de pr\u00e8s de 80% des travaux. L\u2019Allemagne d\u00e9nonce un d\u00e9s\u00e9quilibre qui marginaliserait Airbus et compromettrait la participation de ses propres entreprises. Une lettre du minist\u00e8re allemand de la D\u00e9fense, r\u00e9v\u00e9l\u00e9e par <a href=\"https:\/\/www.euractiv.fr\/section\/defence\/news\/lallemagne-critique-dassault-pour-avoir-voulu-sapproprier-le-projet-davions-de-combat-fcas\/\" target=\"_blank\" rel=\"nofollow noopener\">Euractiv<\/a>, alerte m\u00eame sur les \u201cgraves cons\u00e9quences\u201d qu\u2019un tel d\u00e9s\u00e9quilibre pourrait avoir sur les capacit\u00e9s militaires de la Bundeswehr et sur l\u2019avenir de sa recherche technologique.<\/p>\n<p>Les discussions autour du partage des t\u00e2ches retardent le lancement de la deuxi\u00e8me phase, consacr\u00e9e \u00e0 la construction des prototypes. Alors que cette \u00e9tape devait d\u00e9buter d\u00e8s la fin de l\u2019ann\u00e9e 2025, le calendrier est d\u00e9sormais repouss\u00e9. Les ministres de la D\u00e9fense fran\u00e7ais, allemand et espagnol se r\u00e9uniront en octobre pour tenter de relancer les n\u00e9gociations et sortir de l\u2019impasse.<\/p>\n<p>\t\t\t\t<img decoding=\"async\" src=\"https:\/\/www.europesays.com\/fr\/wp-content\/uploads\/2025\/08\/1756640832_912_hqdefault.jpg\" width=\"100%\" height=\"auto\"\/><\/p>\n<p>\t\t L\u2019avenir de l\u2019autonomie militaire europ\u00e9enne en suspens <\/p>\n<p>Ces rivalit\u00e9s ne sont pas seulement une bataille d\u2019industriels. Elles interrogent la capacit\u00e9 du continent \u00e0 b\u00e2tir une d\u00e9fense commune. Le projet SCAF \u00e9tait cens\u00e9 illustrer la coh\u00e9sion europ\u00e9enne, mais les blocages nourrissent les doutes sur la possibilit\u00e9 d\u2019unir des int\u00e9r\u00eats nationaux parfois divergents. <a href=\"https:\/\/www.thenationalnews.com\/news\/europe\/2025\/08\/28\/fighter-jet-project-at-risk-over-france-germany-fall-out\/\" target=\"_blank\" rel=\"nofollow noopener\">The National<\/a> souligne qu\u2019en cas d\u2019\u00e9chec, l\u2019Allemagne pourrait se tourner vers le programme britannique Tempest, d\u00e9velopp\u00e9 avec l\u2019Italie et le Japon, qui avance plus vite et pr\u00e9voit un premier vol d\u00e8s 2027.<\/p>\n<p>Au-del\u00e0 des retards, c\u2019est donc l\u2019autonomie militaire de l\u2019Europe qui se joue. Si les partenaires \u00e9chouent \u00e0 trouver un compromis, l\u2019avenir du ciel europ\u00e9en pourrait d\u00e9pendre de solutions venues d\u2019outre-Manche ou d\u2019outre-Atlantique. Pour l\u2019heure, les experts restent prudents, rappelant que Paris et Berlin sont contraints de poursuivre leur coop\u00e9ration, malgr\u00e9 leurs divergences. Derri\u00e8re le bras de fer sur la r\u00e9partition des t\u00e2ches, c\u2019est une vision de la souverainet\u00e9 europ\u00e9enne qui se dessine.<\/p>\n","protected":false},"excerpt":{"rendered":"L\u2019Europe de la d\u00e9fense avance souvent au rythme de ses d\u00e9saccords. Malgr\u00e9 des ambitions partag\u00e9es, les projets conjoints&hellip;\n","protected":false},"author":2,"featured_media":356372,"comment_status":"","ping_status":"","sticky":false,"template":"","format":"standard","meta":{"footnotes":""},"categories":[1586],"tags":[11,1777,674,1011,27,12,25,729],"class_list":{"0":"post-356371","1":"post","2":"type-post","3":"status-publish","4":"format-standard","5":"has-post-thumbnail","7":"category-europe","8":"tag-actualites","9":"tag-eu","10":"tag-europe","11":"tag-fr","12":"tag-france","13":"tag-news","14":"tag-republique-francaise","15":"tag-yout_video"},"share_on_mastodon":{"url":"https:\/\/pubeurope.com\/@fr\/115123220864728749","error":""},"_links":{"self":[{"href":"https:\/\/www.europesays.com\/fr\/wp-json\/wp\/v2\/posts\/356371","targetHints":{"allow":["GET"]}}],"collection":[{"href":"https:\/\/www.europesays.com\/fr\/wp-json\/wp\/v2\/posts"}],"about":[{"href":"https:\/\/www.europesays.com\/fr\/wp-json\/wp\/v2\/types\/post"}],"author":[{"embeddable":true,"href":"https:\/\/www.europesays.com\/fr\/wp-json\/wp\/v2\/users\/2"}],"replies":[{"embeddable":true,"href":"https:\/\/www.europesays.com\/fr\/wp-json\/wp\/v2\/comments?post=356371"}],"version-history":[{"count":0,"href":"https:\/\/www.europesays.com\/fr\/wp-json\/wp\/v2\/posts\/356371\/revisions"}],"wp:featuredmedia":[{"embeddable":true,"href":"https:\/\/www.europesays.com\/fr\/wp-json\/wp\/v2\/media\/356372"}],"wp:attachment":[{"href":"https:\/\/www.europesays.com\/fr\/wp-json\/wp\/v2\/media?parent=356371"}],"wp:term":[{"taxonomy":"category","embeddable":true,"href":"https:\/\/www.europesays.com\/fr\/wp-json\/wp\/v2\/categories?post=356371"},{"taxonomy":"post_tag","embeddable":true,"href":"https:\/\/www.europesays.com\/fr\/wp-json\/wp\/v2\/tags?post=356371"}],"curies":[{"name":"wp","href":"https:\/\/api.w.org\/{rel}","templated":true}]}}