{"id":356373,"date":"2025-08-31T11:48:17","date_gmt":"2025-08-31T11:48:17","guid":{"rendered":"https:\/\/www.europesays.com\/fr\/356373\/"},"modified":"2025-08-31T11:48:17","modified_gmt":"2025-08-31T11:48:17","slug":"programme-edip-lobbying-et-guerres-dinfluence-au-coeur-de-la-defense-europeenne","status":"publish","type":"post","link":"https:\/\/www.europesays.com\/fr\/356373\/","title":{"rendered":"Programme EDIP : lobbying et guerres d\u2019influence au c\u0153ur de la D\u00e9fense europ\u00e9enne"},"content":{"rendered":"<p class=\"text-align-justify MsoNormal\" style=\"line-height:normal;margin-bottom:0cm;\">Le 24 avril 2025, les commissions de l\u2019Industrie (ITRE) et de la D\u00e9fense (SEDE) du Parlement europ\u00e9en adoptent leur position sur le Programme europ\u00e9en pour l\u2019industrie de d\u00e9fense (EDIP) par 70 voix pour, 46 contre et 8 abstentions. En parall\u00e8le, les d\u00e9put\u00e9s votent \u00e9galement \u00e0 une large majorit\u00e9 (90 pour, 20 contre, 5 abstentions), l\u2019ouverture des n\u00e9gociations avec le Conseil. Cette d\u00e9cision est confirm\u00e9e en pl\u00e9ni\u00e8re le 7 mai 2025. Un mois plus tard, en juin 2025, le Conseil de l\u2019UE (via le Coreper) approuve \u00e0 son tour un mandat de n\u00e9gociation avec le Parlement pour \u00e9tablir l\u2019EDIP .\u00a0<\/p>\n<p class=\"text-align-justify MsoNormal\" style=\"line-height:normal;margin-bottom:0cm;\">Or, derri\u00e8re cette apparente fluidit\u00e9 proc\u00e9durale se r\u00e9v\u00e8le une logique bien plus strat\u00e9gique : celle d\u2019un verrouillage politico-institutionnel o\u00f9 le calendrier devient un levier d\u2019influence \u00e0 part enti\u00e8re. En effet, tandis que certains acteurs tentent de ralentir le processus afin de ren\u00e9gocier certaines dispositions \u00e0 leur avantage, d&rsquo;autres cherchent au contraire \u00e0 acc\u00e9l\u00e9rer son adoption pour figer les \u00e9quilibres avant que les oppositions ne s\u2019organisent. C\u2019est pr\u00e9cis\u00e9ment dans cette dynamique qu\u2019a \u00e9t\u00e9 activ\u00e9e, d\u00e8s le 7 mars 2025, la proc\u00e9dure d\u2019urgence sur l\u2019EDIP avec un objectif clair : court-circuiter les contestations, verrouiller un accord politique avant les \u00e9lections europ\u00e9ennes de 2026, et permettre \u00e0 la Commission de mettre en sc\u00e8ne son efficacit\u00e9 sur un sujet hautement symbolique : celui de la souverainet\u00e9.<\/p>\n<p class=\"text-align-justify MsoNormal\" style=\"line-height:normal;margin-bottom:0cm;\">Une m\u00eame souverainet\u00e9, \u00e9rig\u00e9e en imp\u00e9ratif par Thierry Breton lors d\u2019un d\u00e9bat \u00e0 Strasbourg, le 13 d\u00e9cembre 2023 ((2023\/3027(RSP)), qualifiant l\u2019EDIP de programme \u00ab plus que jamais n\u00e9cessaire \u00bb et appelant \u00e0 \u00ab collectivement, renforcer notre pr\u00e9paration, notre readiness \u00bb. En effet, dot\u00e9 d\u2019un budget de 1,5 milliard d\u2019euros pour la p\u00e9riode 2025\u20132027, l\u2019EDIP est pr\u00e9sent\u00e9 par ses promoteurs comme une avanc\u00e9e collective, destin\u00e9e \u00e0 renforcer la base industrielle et technologique de d\u00e9fense europ\u00e9enne (BITDE), acc\u00e9l\u00e9rer la cadence de production des armements, et int\u00e9grer l\u2019industrie ukrainienne dans l\u2019\u00e9cosyst\u00e8me de d\u00e9fense europ\u00e9en (COM(2024)150 final \u2013 Eur-Lex). N\u00e9anmoins, derri\u00e8re cette vitrine f\u00e9d\u00e9ratrice se dessine une r\u00e9alit\u00e9 bien plus ambivalente.\u00a0<\/p>\n<p class=\"text-align-justify MsoNormal\" style=\"line-height:normal;margin-bottom:0cm;\">En effet, loin d\u2019un projet d\u2019int\u00e9gration homog\u00e8ne, l\u2019EDIP r\u00e9v\u00e8le les contours d\u2019une guerre \u00e9conomique et informationnelle au sein m\u00eame de l\u2019UE o\u00f9 s\u2019affrontent int\u00e9r\u00eats industriels, logiques nationales concurrentes et influences \u00e9trang\u00e8res. Dans cet environnement, chaque \u00c9tat membre joue sa propre partition sous couvert d\u2019unit\u00e9 et subit et\/ou active les leviers du lobbying afin d\u2019orienter les choix techniques, fa\u00e7onner les r\u00e8gles et peser sur les d\u00e9cisions capacitaires.<\/p>\n<p class=\"text-align-right MsoNormal\" style=\"line-height:normal;margin-bottom:0cm;\">Carlotta Mauge (MSIE47 de l\u2019EGE)<\/p>\n<p class=\"text-align-justify MsoNormal\" style=\"line-height:normal;margin-bottom:0cm;\"><strong>Lire le PDF\u00a0:\u00a0<\/strong><\/p>\n","protected":false},"excerpt":{"rendered":"Le 24 avril 2025, les commissions de l\u2019Industrie (ITRE) et de la D\u00e9fense (SEDE) du Parlement europ\u00e9en adoptent&hellip;\n","protected":false},"author":2,"featured_media":356374,"comment_status":"","ping_status":"","sticky":false,"template":"","format":"standard","meta":{"footnotes":""},"categories":[1586],"tags":[11,1777,674,1779,1011,27,12,25,1778,364],"class_list":{"0":"post-356373","1":"post","2":"type-post","3":"status-publish","4":"format-standard","5":"has-post-thumbnail","7":"category-europe","8":"tag-actualites","9":"tag-eu","10":"tag-europe","11":"tag-european-union","12":"tag-fr","13":"tag-france","14":"tag-news","15":"tag-republique-francaise","16":"tag-ue","17":"tag-union-europeenne"},"share_on_mastodon":{"url":"https:\/\/pubeurope.com\/@fr\/115123224866231220","error":""},"_links":{"self":[{"href":"https:\/\/www.europesays.com\/fr\/wp-json\/wp\/v2\/posts\/356373","targetHints":{"allow":["GET"]}}],"collection":[{"href":"https:\/\/www.europesays.com\/fr\/wp-json\/wp\/v2\/posts"}],"about":[{"href":"https:\/\/www.europesays.com\/fr\/wp-json\/wp\/v2\/types\/post"}],"author":[{"embeddable":true,"href":"https:\/\/www.europesays.com\/fr\/wp-json\/wp\/v2\/users\/2"}],"replies":[{"embeddable":true,"href":"https:\/\/www.europesays.com\/fr\/wp-json\/wp\/v2\/comments?post=356373"}],"version-history":[{"count":0,"href":"https:\/\/www.europesays.com\/fr\/wp-json\/wp\/v2\/posts\/356373\/revisions"}],"wp:featuredmedia":[{"embeddable":true,"href":"https:\/\/www.europesays.com\/fr\/wp-json\/wp\/v2\/media\/356374"}],"wp:attachment":[{"href":"https:\/\/www.europesays.com\/fr\/wp-json\/wp\/v2\/media?parent=356373"}],"wp:term":[{"taxonomy":"category","embeddable":true,"href":"https:\/\/www.europesays.com\/fr\/wp-json\/wp\/v2\/categories?post=356373"},{"taxonomy":"post_tag","embeddable":true,"href":"https:\/\/www.europesays.com\/fr\/wp-json\/wp\/v2\/tags?post=356373"}],"curies":[{"name":"wp","href":"https:\/\/api.w.org\/{rel}","templated":true}]}}