{"id":356379,"date":"2025-08-31T11:51:14","date_gmt":"2025-08-31T11:51:14","guid":{"rendered":"https:\/\/www.europesays.com\/fr\/356379\/"},"modified":"2025-08-31T11:51:14","modified_gmt":"2025-08-31T11:51:14","slug":"rentree-cinema-avec-valeur-sentimentale-alpha-fantome-utile-le-roi-soleil-miroirs-n3","status":"publish","type":"post","link":"https:\/\/www.europesays.com\/fr\/356379\/","title":{"rendered":"Rentr\u00e9e cin\u00e9ma avec \u00ab\u00a0Valeur Sentimentale\u00a0\u00bb, \u00ab\u00a0Alpha\u00a0\u00bb, \u00ab\u00a0Fant\u00f4me utile\u00a0\u00bb, \u00ab\u00a0Le Roi Soleil\u00a0\u00bb, \u00ab\u00a0Miroirs N\u00b03\u00a0\u00bb"},"content":{"rendered":"<p>\u00ab\u00a0Valeur Sentimentale\u00a0\u00bb de Joachim Trier<\/p>\n<p class=\"PopSlotParagraph qg-tx2 qg-xtra-lh svelte-1r0pyek\">&gt;\u00a0<a href=\"https:\/\/www.radiofrance.fr\/franceinter\/valeur-sentimentale-un-film-de-joachim-trier-sortie-en-salles-le-30-aout-2025-3196076\" class=\"\" data-testid=\"link\" rel=\"nofollow noopener\" target=\"_blank\">En partenariat avec France Inter<\/a><\/p>\n<p class=\"PopSlotParagraph qg-tx2 qg-xtra-lh svelte-1r0pyek\">Le Norv\u00e9gien Joachim Trier est reparti cette ann\u00e9e de Cannes avec l\u2019une des r\u00e9compenses les plus importantes du festival, \u00e0 savoir Le Grand Prix.<\/p>\n<p class=\"PopSlotParagraph qg-tx2 qg-xtra-lh svelte-1r0pyek\">Un p\u00e8re longtemps, absent &#8211; Stellan Skarsg\u00e5rd \u00e0 l\u2019\u00e9cran &#8211; revient aupr\u00e8s de ses filles au moment des obs\u00e8ques de leur m\u00e8re. Il fait un retour dans leur vie et en m\u00eame temps, il esp\u00e8re un retour sur le devant de la sc\u00e8ne. Il est cin\u00e9aste et il projette de faire tourner sa fille a\u00een\u00e9e, Nora &#8211; qui est com\u00e9dienne &#8211; dans son nouveau film. Mais elle le rejette et laisse le r\u00f4le \u00e0 une jeune star hollywoodienne, incarn\u00e9e par Elle Fanning.<\/p>\n<p class=\"PopSlotParagraph qg-tx2 qg-xtra-lh svelte-1r0pyek\">Quelle est la place de l\u2019art dans une vie\u00a0? Est-ce que le cin\u00e9ma peut recoudre les liens qu\u2019il a d\u00e9truits\u00a0? Ce sont quelques-uns des motifs du film.<\/p>\n<p class=\"PopSlotParagraph qg-tx2 qg-xtra-lh svelte-1r0pyek\">Le r\u00f4le de Nora est tenu par Renate Reinsve, qui avait re\u00e7u le prix d\u2019interpr\u00e9tation f\u00e9minine, \u00e0 Cannes toujours, pour \u201cJulie en 12 chapitres\u201d, du m\u00eame Joachim Trier.<\/p>\n<p class=\"qg-sr-only\" role=\"heading\" aria-level=\"3\">Pour voir ce contenu, acceptez les cookies.<\/p>\n<p class=\"ConsentNotice-description qg-tx3 svelte-m9wmt1\">Pour afficher ce contenu Youtube, vous devez accepter les cookies <b>Publicit\u00e9<\/b>.<br \/>Ces cookies permettent \u00e0 nos partenaires de vous proposer des publicit\u00e9s et des contenus personnalis\u00e9s en fonction de votre navigation, de votre profil et de vos centres d&rsquo;int\u00e9r\u00eat. <\/p>\n<p>  G\u00e9rer mes choix     J&rsquo;autorise  <\/p>\n<p>\u00ab\u00a0Alpha\u00a0\u00bb de Julia Ducournau<\/p>\n<p class=\"PopSlotParagraph qg-tx2 qg-xtra-lh svelte-1r0pyek\">Julia Ducournau a \u00e9t\u00e9 laur\u00e9ate de la palme d\u2019or, il y a quatre ans avec \u201cTitane\u201d et \u201cAlpha\u201d concourrait cette ann\u00e9e dans la s\u00e9lection officielle \u00e0 Cannes.<\/p>\n<p class=\"PopSlotParagraph qg-tx2 qg-xtra-lh svelte-1r0pyek\">Alpha est une ado de 13 ans, qui revient d\u2019une soir\u00e9e avec un A tatou\u00e9 sur le bras. Peut-\u00eatre que l\u2019aiguille qui a servi \u00e0 ce tatouage lui a inocul\u00e9 un virus mortel.<\/p>\n<p class=\"PopSlotParagraph qg-tx2 qg-xtra-lh svelte-1r0pyek\">La jeune fille vit seule avec m\u00e8re, m\u00e9decin, jusqu\u2019au jour o\u00f9 d\u00e9barque son oncle toxicomane. Lui est malade \u00e0 coup s\u00fbr.<\/p>\n<p class=\"PopSlotParagraph qg-tx2 qg-xtra-lh svelte-1r0pyek\">Alpha, c\u2019est M\u00e9lissa Boros, Tahar Rahim tient le r\u00f4le de son oncle et sa m\u00e8re est interpr\u00e9t\u00e9e par Golshifteh Farahani. Elle est de plus en plus confront\u00e9e et \u00e0 la peur et \u00e0 l\u2019afflux des malades \u00e0 l\u2019h\u00f4pital. On pense \u00e9videmment \u00e0 la pand\u00e9mie de sida, mais ici, le virus, qui n\u2019est pas nomm\u00e9, transforme les chairs en marbre. C\u2019est d\u2019ailleurs l\u2019une des r\u00e9ussites visuelles du film.<\/p>\n<p class=\"PopSlotParagraph qg-tx2 qg-xtra-lh svelte-1r0pyek\">Cela dit, il s\u2019est fait \u00e9triller par une partie de la presse au moment de sa pr\u00e9sentation cannoise.<\/p>\n<p class=\"qg-sr-only\" role=\"heading\" aria-level=\"3\">Pour voir ce contenu, acceptez les cookies.<\/p>\n<p class=\"ConsentNotice-description qg-tx3 svelte-m9wmt1\">Pour afficher ce contenu Youtube, vous devez accepter les cookies <b>Publicit\u00e9<\/b>.<br \/>Ces cookies permettent \u00e0 nos partenaires de vous proposer des publicit\u00e9s et des contenus personnalis\u00e9s en fonction de votre navigation, de votre profil et de vos centres d&rsquo;int\u00e9r\u00eat. <\/p>\n<p>  G\u00e9rer mes choix     J&rsquo;autorise  <\/p>\n<p>\u00ab\u00a0Fant\u00f4me utile\u00a0\u00bb de Ratchapoom Boonbunchachoke<\/p>\n<p class=\"PopSlotParagraph qg-tx2 qg-xtra-lh svelte-1r0pyek\">C\u2019est le premier long m\u00e9trage de Ratchapoom Boonbunchachoke, jeune cin\u00e9aste tha\u00eflandais.<\/p>\n<p class=\"PopSlotParagraph qg-tx2 qg-xtra-lh svelte-1r0pyek\">Un \u00e9tudiant est r\u00e9veill\u00e9 en pleine nuit par la toux de son aspirateur, qui recrache la poussi\u00e8re. Le gar\u00e7on appelle le r\u00e9parateur, un beau jeune homme qui va le captiver avec l\u2019histoire suivante. March, fils d\u2019une famille d\u2019industriels de l\u2019\u00e9lectrom\u00e9nager, vient de perdre Nat, son \u00e9pouse et femme ador\u00e9e. Nat est morte d\u2019une maladie due \u00e0 la pollution \u00e0 la poussi\u00e8re. Son \u00e2me va alors hanter un aspirateur. D\u2019o\u00f9 cette r\u00e9plique de la m\u00e8re \u00e0 son fils\u00a0: \u201cMarch, arr\u00eate de taper l\u2019aspirateur\u201d.<\/p>\n<p class=\"PopSlotParagraph qg-tx2 qg-xtra-lh svelte-1r0pyek\">Mais pour que March et Nat continuent de s\u2019aimer, la famille de March exige que la jeune femme neutralise tous les fant\u00f4mes qui nuisent au bon fonctionnement de leur usine et de la soci\u00e9t\u00e9 tout enti\u00e8re.<\/p>\n<p class=\"PopSlotParagraph qg-tx2 qg-xtra-lh svelte-1r0pyek\">C\u2019est un film gigogne, \u00e0 la fois film de fant\u00f4mes, voire de zombies, com\u00e9die, s\u00e9rie Z, drame, conte de f\u00e9e et propos politique, critique du capitalisme et de l&rsquo;effacement du pass\u00e9. Le film a remport\u00e9 le prix de la semaine de la critique \u00e0 Cannes.<\/p>\n<p class=\"qg-sr-only\" role=\"heading\" aria-level=\"3\">Pour voir ce contenu, acceptez les cookies.<\/p>\n<p class=\"ConsentNotice-description qg-tx3 svelte-m9wmt1\">Pour afficher ce contenu Youtube, vous devez accepter les cookies <b>Publicit\u00e9<\/b>.<br \/>Ces cookies permettent \u00e0 nos partenaires de vous proposer des publicit\u00e9s et des contenus personnalis\u00e9s en fonction de votre navigation, de votre profil et de vos centres d&rsquo;int\u00e9r\u00eat. <\/p>\n<p>  G\u00e9rer mes choix     J&rsquo;autorise  <\/p>\n<p>\u00ab\u00a0Le Roi Soleil\u00a0\u00bb de Vincent Ma\u00ebl Cardona<\/p>\n<p class=\"PopSlotParagraph qg-tx2 qg-xtra-lh svelte-1r0pyek\">C\u2019est le deuxi\u00e8me long m\u00e9trage de Vincent Ma\u00ebl Cardona, laur\u00e9at d\u2019un c\u00e9sar du premier film, il y a 4 ans, avec \u201cLes magn\u00e9tiques\u201d.<\/p>\n<p class=\"PopSlotParagraph qg-tx2 qg-xtra-lh svelte-1r0pyek\">\u00c0 l\u2019affiche du \u00ab\u00a0Roi Soleil\u00a0\u00bb, un casting all\u00e9chant\u00a0: Pio Marma\u00ef, Sofiane Zermani, connu des amateurs de rap sous le pseudo de Fianso, Lucie Zhang, Maria de Medeiros ou encore Payanotis Pascot.<\/p>\n<p class=\"PopSlotParagraph qg-tx2 qg-xtra-lh svelte-1r0pyek\">Le Roi-Soleil est le nom d\u2019un bar PMU de Versailles. C\u2019est le petit matin. Parmi les clients\u00a0: un jeune trader sous coke, \u00e9chou\u00e9 apr\u00e8s une nuit pass\u00e9e au ch\u00e2teau de Versailles, un duo de flic, Pio Marma\u00ef et Sofiane Zermani, qui viennent de fr\u00f4ler une bavure, ou encore un jeune homme, vraisemblablement pompier ou ambulancier. Monsieur Krantz, l\u2019un des habitu\u00e9s du bar, fait son entr\u00e9e et d\u00e9couvre qu\u2019il vient de gagner pr\u00e8s de 300 millions d\u2019euros au loto.<\/p>\n<p class=\"PopSlotParagraph qg-tx2 qg-xtra-lh svelte-1r0pyek\">Mais un client pique l\u2019arme d\u2019un des flics et monsieur Krantz est tu\u00e9 par balles. \u00c0 partir de l\u00e0, toutes et tous ont la m\u00eame id\u00e9e\u00a0: comment empocher le gain de monsieur Krantz et c\u2019est le d\u00e9but d\u2019un jeu de massacre.<\/p>\n<p class=\"PopSlotParagraph qg-tx2 qg-xtra-lh svelte-1r0pyek\">Il s&rsquo;agit donc d\u2019un huis clos. Et pour ce qui concerne la mise en sc\u00e8ne et le montage, Vincent Mael Cardona a choisi de livrer des versions diff\u00e9rentes d\u2019une m\u00eame sc\u00e8ne, comme les projections fantasm\u00e9es des personnages. Dispositif qui peut provoquer adh\u00e9sion, confusion ou agacement.<\/p>\n<p class=\"qg-sr-only\" role=\"heading\" aria-level=\"3\">Pour voir ce contenu, acceptez les cookies.<\/p>\n<p class=\"ConsentNotice-description qg-tx3 svelte-m9wmt1\">Pour afficher ce contenu Youtube, vous devez accepter les cookies <b>Publicit\u00e9<\/b>.<br \/>Ces cookies permettent \u00e0 nos partenaires de vous proposer des publicit\u00e9s et des contenus personnalis\u00e9s en fonction de votre navigation, de votre profil et de vos centres d&rsquo;int\u00e9r\u00eat. <\/p>\n<p>  G\u00e9rer mes choix     J&rsquo;autorise  <\/p>\n<p>\u00ab\u00a0Miroirs N\u00b03\u00a0\u00bb de Christian Petzold<\/p>\n<p class=\"PopSlotParagraph qg-tx2 qg-xtra-lh svelte-1r0pyek\">Laura est une jeune musicienne qui vit \u00e0 Berlin avec son fianc\u00e9. Ils partent en week-end avec des amis mais elle, veut repartir une fois arriv\u00e9e sur place. En la reconduisant \u00e0 la gare, son compagnon meurt sur le coup, elle s\u2019en sort indemne et elle est recueillie par Betty, une femme, qui pourrait \u00eatre sa m\u00e8re.<\/p>\n<p class=\"PopSlotParagraph qg-tx2 qg-xtra-lh svelte-1r0pyek\">Betty habille Laura, la nourrit, l\u2019h\u00e9berge et l\u2019appelle par m\u00e9garde Y\u00e9l\u00e9na. Chacune de ces deux femmes portent un drame. Betty pr\u00e9sente Laura \u00e0 son mari et \u00e0 son fils, qui lui r\u00e9v\u00e8le l\u2019histoire familiale, histoire qu\u2019on devine bien avant qu\u2019elle ne soit r\u00e9v\u00e9l\u00e9e du reste.<\/p>\n<p class=\"PopSlotParagraph qg-tx2 qg-xtra-lh svelte-1r0pyek\">On ne sait pas toujours si Laura est bien r\u00e9elle ou si c\u2019est un mirage. Elle est interpr\u00e9t\u00e9e par Paula Beer, qui \u00e9tait d\u00e9j\u00e0 \u00e0 l\u2019affiche des trois films pr\u00e9c\u00e9dents de Christian Petzold.<\/p>\n<p class=\"qg-sr-only\" role=\"heading\" aria-level=\"3\">Pour voir ce contenu, acceptez les cookies.<\/p>\n<p class=\"ConsentNotice-description qg-tx3 svelte-m9wmt1\">Pour afficher ce contenu Youtube, vous devez accepter les cookies <b>Publicit\u00e9<\/b>.<br \/>Ces cookies permettent \u00e0 nos partenaires de vous proposer des publicit\u00e9s et des contenus personnalis\u00e9s en fonction de votre navigation, de votre profil et de vos centres d&rsquo;int\u00e9r\u00eat. <\/p>\n<p>  G\u00e9rer mes choix     J&rsquo;autorise  <\/p>\n<p>Les coups de c\u0153ur<\/p>\n<p class=\"PopSlotParagraph qg-tx2 qg-xtra-lh svelte-1r0pyek\"><strong>Pierre Murat<\/strong>\u00a0: \u00ab\u00a0Bonjour la langue\u00a0\u00bb, le dernier film de Paul Vecchiali<br \/><strong>Xavier Leherpeur<\/strong> et <strong>Rebecca Manzoni<\/strong>\u00a0: le film \u00ab\u00a0La femme qui en savait trop\u00a0\u00bb de Nader Saeivar<br \/><strong>Murielle Joudet<\/strong>\u00a0: le cycle \u00ab\u00a0Yasuzo Masumura &#8211; l&rsquo;extase et l&rsquo;agonie en 6 films\u00a0\u00bb<br \/><strong>Florence Colombani<\/strong>\u00a0: le film \u00ab\u00a0En premi\u00e8re ligne\u00a0\u00bb de Petra Volpe<\/p>\n","protected":false},"excerpt":{"rendered":"\u00ab\u00a0Valeur Sentimentale\u00a0\u00bb de Joachim Trier &gt;\u00a0En partenariat avec France Inter Le Norv\u00e9gien Joachim Trier est reparti cette ann\u00e9e&hellip;\n","protected":false},"author":2,"featured_media":356380,"comment_status":"","ping_status":"","sticky":false,"template":"","format":"standard","meta":{"footnotes":""},"categories":[4],"tags":[11,1011,27,12,25],"class_list":{"0":"post-356379","1":"post","2":"type-post","3":"status-publish","4":"format-standard","5":"has-post-thumbnail","7":"category-france","8":"tag-actualites","9":"tag-fr","10":"tag-france","11":"tag-news","12":"tag-republique-francaise"},"share_on_mastodon":{"url":"https:\/\/pubeurope.com\/@fr\/115123236709018472","error":""},"_links":{"self":[{"href":"https:\/\/www.europesays.com\/fr\/wp-json\/wp\/v2\/posts\/356379","targetHints":{"allow":["GET"]}}],"collection":[{"href":"https:\/\/www.europesays.com\/fr\/wp-json\/wp\/v2\/posts"}],"about":[{"href":"https:\/\/www.europesays.com\/fr\/wp-json\/wp\/v2\/types\/post"}],"author":[{"embeddable":true,"href":"https:\/\/www.europesays.com\/fr\/wp-json\/wp\/v2\/users\/2"}],"replies":[{"embeddable":true,"href":"https:\/\/www.europesays.com\/fr\/wp-json\/wp\/v2\/comments?post=356379"}],"version-history":[{"count":0,"href":"https:\/\/www.europesays.com\/fr\/wp-json\/wp\/v2\/posts\/356379\/revisions"}],"wp:featuredmedia":[{"embeddable":true,"href":"https:\/\/www.europesays.com\/fr\/wp-json\/wp\/v2\/media\/356380"}],"wp:attachment":[{"href":"https:\/\/www.europesays.com\/fr\/wp-json\/wp\/v2\/media?parent=356379"}],"wp:term":[{"taxonomy":"category","embeddable":true,"href":"https:\/\/www.europesays.com\/fr\/wp-json\/wp\/v2\/categories?post=356379"},{"taxonomy":"post_tag","embeddable":true,"href":"https:\/\/www.europesays.com\/fr\/wp-json\/wp\/v2\/tags?post=356379"}],"curies":[{"name":"wp","href":"https:\/\/api.w.org\/{rel}","templated":true}]}}