{"id":356383,"date":"2025-08-31T11:54:14","date_gmt":"2025-08-31T11:54:14","guid":{"rendered":"https:\/\/www.europesays.com\/fr\/356383\/"},"modified":"2025-08-31T11:54:14","modified_gmt":"2025-08-31T11:54:14","slug":"une-equipe-inconnue-pour-le-xv-de-france","status":"publish","type":"post","link":"https:\/\/www.europesays.com\/fr\/356383\/","title":{"rendered":"une \u00e9quipe inconnue pour le XV de France"},"content":{"rendered":"<p>                         <img loading=\"lazy\" decoding=\"async\" src=\"https:\/\/www.europesays.com\/fr\/wp-content\/uploads\/2025\/08\/6a6f072_ftp-import-images-1-pnrlgeuqtdyb-2025-08-24t151339z-1267253784-up1el8o16apmj-rtrmadp-3-rugby.jpeg\" alt=\"Les Br\u00e9siliennes lors de leur d\u00e9faite face \u00e0 l\u2019Afrique du Sud, le dimanche\u00a024\u00a0ao\u00fbt, \u00e0 Northampton, \u00e0 l\u2019occasion de la Coupe du monde 2025\u00a0de rugby.\"   width=\"664\" height=\"443\"\/>    Les Br\u00e9siliennes lors de leur d\u00e9faite face \u00e0 l\u2019Afrique du Sud, le dimanche\u00a024\u00a0ao\u00fbt, \u00e0 Northampton, \u00e0 l\u2019occasion de la Coupe du monde 2025\u00a0de rugby.  ANDREW BOYERS \/ ACTION IMAGES VIA REUTERS                 <\/p>\n<p class=\"article__paragraph  \">Quand le calendrier des matchs de la Coupe du monde de rugby a \u00e9t\u00e9 d\u00e9voil\u00e9, en octobre\u00a02024, les Fran\u00e7aises n\u2019ont pas d\u00fb trop se plaindre. Avec l\u2019Italie au menu pour leur entr\u00e9e en lice, elles ont eu le droit \u00e0 une mise en bouche \u00e0 la sauce europ\u00e9enne \u2013 <a href=\"https:\/\/www.lemonde.fr\/sport\/article\/2025\/08\/23\/france-italie-le-resume-de-l-entree-en-lice-reussie-des-bleues-dans-la-coupe-du-monde-feminine-de-rugby_6634085_3242.html\" rel=\"nofollow noopener\" target=\"_blank\">aval\u00e9e 24-0<\/a>. Une affiche pas tr\u00e8s exotique, qui avait une vertu\u00a0: ne pas commencer le tournoi par un duel face \u00e0 une \u00e9quipe inconnue, le Br\u00e9sil. Manae Feleu et ses co\u00e9quipi\u00e8res ont rendez-vous avec les Sud-Am\u00e9ricaines, dimanche 31\u00a0mai, \u00e0 17\u00a0h\u00a045, pour leur deuxi\u00e8me match de la phase de groupes, \u00e0 Exeter (Angleterre).<\/p>\n<p>   Lire plus tard  <\/p>\n<p class=\"article__paragraph  \">Durant la semaine, les Bleues ont eu tout le loisir d\u2019analyser la premi\u00e8re rencontre des Yaras, perdue largement contre l\u2019Afrique du Sud (6-66). Et de d\u00e9couvrir un peu plus une formation qui ne leur inspirait pas grand-chose deux mois plus t\u00f4t, alors que la pr\u00e9paration battait son plein \u00e0 Marcoussis (Essonne), quartier g\u00e9n\u00e9ral des \u00e9quipes de France de rugby. \u00ab\u00a0Je vous avoue que je ne les connais pas\u00a0\u00bb, s\u2019\u00e9tait, par exemple, amus\u00e9e la pilier Assia Khalfaoui quand elle \u00e9tait interrog\u00e9e sur les Br\u00e9siliennes. \u00ab\u00a0On a toutes h\u00e2te de les d\u00e9couvrir, on ne sait pas \u00e0 quoi s\u2019attendre\u00a0\u00bb, abondait sa cocapitaine Manae Feleu.<\/p>\n<p class=\"reading-mode-only \"><strong>Il vous reste 74.52% de cet article \u00e0 lire. La suite est r\u00e9serv\u00e9e aux abonn\u00e9s.<\/strong><\/p>\n","protected":false},"excerpt":{"rendered":"Les Br\u00e9siliennes lors de leur d\u00e9faite face \u00e0 l\u2019Afrique du Sud, le dimanche\u00a024\u00a0ao\u00fbt, \u00e0 Northampton, \u00e0 l\u2019occasion de&hellip;\n","protected":false},"author":2,"featured_media":356384,"comment_status":"","ping_status":"","sticky":false,"template":"","format":"standard","meta":{"footnotes":""},"categories":[1416],"tags":[1011,27,479,1468,60],"class_list":{"0":"post-356383","1":"post","2":"type-post","3":"status-publish","4":"format-standard","5":"has-post-thumbnail","7":"category-rugby","8":"tag-fr","9":"tag-france","10":"tag-rugby","11":"tag-rugby-football","12":"tag-sports"},"share_on_mastodon":{"url":"https:\/\/pubeurope.com\/@fr\/115123248436162063","error":""},"_links":{"self":[{"href":"https:\/\/www.europesays.com\/fr\/wp-json\/wp\/v2\/posts\/356383","targetHints":{"allow":["GET"]}}],"collection":[{"href":"https:\/\/www.europesays.com\/fr\/wp-json\/wp\/v2\/posts"}],"about":[{"href":"https:\/\/www.europesays.com\/fr\/wp-json\/wp\/v2\/types\/post"}],"author":[{"embeddable":true,"href":"https:\/\/www.europesays.com\/fr\/wp-json\/wp\/v2\/users\/2"}],"replies":[{"embeddable":true,"href":"https:\/\/www.europesays.com\/fr\/wp-json\/wp\/v2\/comments?post=356383"}],"version-history":[{"count":0,"href":"https:\/\/www.europesays.com\/fr\/wp-json\/wp\/v2\/posts\/356383\/revisions"}],"wp:featuredmedia":[{"embeddable":true,"href":"https:\/\/www.europesays.com\/fr\/wp-json\/wp\/v2\/media\/356384"}],"wp:attachment":[{"href":"https:\/\/www.europesays.com\/fr\/wp-json\/wp\/v2\/media?parent=356383"}],"wp:term":[{"taxonomy":"category","embeddable":true,"href":"https:\/\/www.europesays.com\/fr\/wp-json\/wp\/v2\/categories?post=356383"},{"taxonomy":"post_tag","embeddable":true,"href":"https:\/\/www.europesays.com\/fr\/wp-json\/wp\/v2\/tags?post=356383"}],"curies":[{"name":"wp","href":"https:\/\/api.w.org\/{rel}","templated":true}]}}