{"id":356387,"date":"2025-08-31T11:56:11","date_gmt":"2025-08-31T11:56:11","guid":{"rendered":"https:\/\/www.europesays.com\/fr\/356387\/"},"modified":"2025-08-31T11:56:11","modified_gmt":"2025-08-31T11:56:11","slug":"la-france-est-partante-pour-lorganisation-de-la-coupe-du-monde-2031","status":"publish","type":"post","link":"https:\/\/www.europesays.com\/fr\/356387\/","title":{"rendered":"La France est partante pour l&rsquo;organisation de la Coupe du Monde 2031"},"content":{"rendered":"<p>Alors que l\u2019\u00e9quipe de <a target=\"_blank\" rel=\"noopener nofollow\" href=\"https:\/\/www.bebasket.fr\/equipe\/france\">France<\/a> a pris ses quartiers en Pologne pour les d\u00e9buts de l\u2019<a target=\"_blank\" rel=\"noopener nofollow\" href=\"https:\/\/www.bebasket.fr\/ligue\/eurobasket-2025\">EuroBasket<\/a> 2025, la FFBB r\u00eaverait de voir ses Bleus disputer une comp\u00e9tition internationale \u00e0 la maison. En effet, d\u2019apr\u00e8s les informations du journal <a href=\"https:\/\/www.lequipe.fr\/Basket\/Actualites\/La-france-reve-d-organiser-la-coupe-du-monde-2031-de-basket\/1587821\" rel=\"nofollow noopener\" target=\"_blank\">L\u2019\u00c9quipe<\/a>, la F\u00e9d\u00e9ration travaille sur un dossier d\u2019organisation de la Coupe du Monde 2031. Le pr\u00e9sident de la FFBB, <strong>Jean-Pierre Hunckler<\/strong>, a confirm\u00e9 cela aupr\u00e8s de nos confr\u00e8res.<\/p>\n<p><strong>Pour une tenue uniquement sur le territoire fran\u00e7ais<\/strong><\/p>\n<p>Sept ans apr\u00e8s les Jeux olympiques de Paris 2024, une comp\u00e9tition internationale de basket-ball pourrait donc revenir dans l\u2019Hexagone. Apr\u00e8s trois Mondiaux organis\u00e9s sur le continent asiatique (Chine en 2019, un trio Philippines\/Indon\u00e9sie\/Japon en 2023 et le Qatar en 2027), la France envisage de ramener le tournoi mondial en Europe (pour la premi\u00e8re depuis l\u2019Espagne en 2014).<\/p>\n<p><img decoding=\"async\" loading=\"lazy\" class=\"wp-image-223208 size-large\" src=\"https:\/\/www.europesays.com\/fr\/wp-content\/uploads\/2025\/08\/cdm-france-1024x683.webp.webp\" alt=\"\" width=\"1024\" height=\"683\"  \/>Le Mondial 2023 en Indon\u00e9sie : un triste souvenir pour les Bleus, \u00e9limin\u00e9s d\u00e8s les phases de poules. (Photo : FIBA)<\/p>\n<p>Autre particularit\u00e9 : la FFBB envisage d\u2019organiser seule la comp\u00e9tition, alors que la tendance des derni\u00e8res ann\u00e9es \u00e0 la FIBA est de partager chaque \u00e9dition entre plusieurs pays, comme l\u2019EuroBasket 2025 (Lettonie, Pologne, Chypre, Finlande).<\/p>\n<p><strong>Une premi\u00e8re Coupe du Monde en France\u00a0<\/strong><\/p>\n<p>La derni\u00e8re comp\u00e9tition estampill\u00e9e FIBA organis\u00e9e en France date de l\u2019EuroBasket f\u00e9minin en 2021, avec \u00e9galement la participation de l\u2019Espagne. Concernant la tenue d\u2019un tournoi masculin sur le sol fran\u00e7ais, il faut remonter \u00e0 l\u2019EuroBasket 2015, avec la tenue de la phase finale \u00e0 Lille au stade Pierre-Mauroy.<\/p>\n<p>Depuis, de nombreuses enceintes de standing ont vu le jour sur le territoire, avec l\u2019Adidas Arena \u00e0 Paris dans le 18e arrondissement, Paris-La D\u00e9fense Arena de Nanterre ou encore la LDLC Arena de Lyon-D\u00e9cines, en plus du lieu d\u2019accueil de la phase finale des JO, l\u2019Accor Arena de Bercy.<\/p>\n<p>Alors que la premi\u00e8re Coupe du Monde a vu le jour en 1950 en Argentine, jamais la France n\u2019a organis\u00e9 le moindre Mondial, que ce soit chez les hommes ou les femmes.<\/p>\n","protected":false},"excerpt":{"rendered":"Alors que l\u2019\u00e9quipe de France a pris ses quartiers en Pologne pour les d\u00e9buts de l\u2019EuroBasket 2025, la&hellip;\n","protected":false},"author":2,"featured_media":356388,"comment_status":"","ping_status":"","sticky":false,"template":"","format":"standard","meta":{"footnotes":""},"categories":[1414],"tags":[1465,1464,1011,27,60],"class_list":{"0":"post-356387","1":"post","2":"type-post","3":"status-publish","4":"format-standard","5":"has-post-thumbnail","7":"category-basket","8":"tag-basket","9":"tag-basketball","10":"tag-fr","11":"tag-france","12":"tag-sports"},"share_on_mastodon":{"url":"https:\/\/pubeurope.com\/@fr\/115123256299656733","error":""},"_links":{"self":[{"href":"https:\/\/www.europesays.com\/fr\/wp-json\/wp\/v2\/posts\/356387","targetHints":{"allow":["GET"]}}],"collection":[{"href":"https:\/\/www.europesays.com\/fr\/wp-json\/wp\/v2\/posts"}],"about":[{"href":"https:\/\/www.europesays.com\/fr\/wp-json\/wp\/v2\/types\/post"}],"author":[{"embeddable":true,"href":"https:\/\/www.europesays.com\/fr\/wp-json\/wp\/v2\/users\/2"}],"replies":[{"embeddable":true,"href":"https:\/\/www.europesays.com\/fr\/wp-json\/wp\/v2\/comments?post=356387"}],"version-history":[{"count":0,"href":"https:\/\/www.europesays.com\/fr\/wp-json\/wp\/v2\/posts\/356387\/revisions"}],"wp:featuredmedia":[{"embeddable":true,"href":"https:\/\/www.europesays.com\/fr\/wp-json\/wp\/v2\/media\/356388"}],"wp:attachment":[{"href":"https:\/\/www.europesays.com\/fr\/wp-json\/wp\/v2\/media?parent=356387"}],"wp:term":[{"taxonomy":"category","embeddable":true,"href":"https:\/\/www.europesays.com\/fr\/wp-json\/wp\/v2\/categories?post=356387"},{"taxonomy":"post_tag","embeddable":true,"href":"https:\/\/www.europesays.com\/fr\/wp-json\/wp\/v2\/tags?post=356387"}],"curies":[{"name":"wp","href":"https:\/\/api.w.org\/{rel}","templated":true}]}}