{"id":356389,"date":"2025-08-31T11:57:14","date_gmt":"2025-08-31T11:57:14","guid":{"rendered":"https:\/\/www.europesays.com\/fr\/356389\/"},"modified":"2025-08-31T11:57:14","modified_gmt":"2025-08-31T11:57:14","slug":"motogp-hongrie-massimo-rivola-encense-jorge-martin-au-dela-de-toutes-les-attentes","status":"publish","type":"post","link":"https:\/\/www.europesays.com\/fr\/356389\/","title":{"rendered":"MotoGP Hongrie : Massimo Rivola encense Jorge Mart\u00edn : \u00ab Au-del\u00e0 de toutes les attentes \u00bb"},"content":{"rendered":"<p class=\"my-2 [&amp;+p]:mt-4 [&amp;_strong:has(+br)]:inline-block [&amp;_strong:has(+br)]:pb-2\">\n<strong>Le week-end du Grand Prix de Hongrie de <a href=\"https:\/\/www.motogp.com\/fr\" target=\"_blank\" rel=\"noopener\">MotoGP<\/a> a \u00e9t\u00e9 marqu\u00e9 par une<br \/>\nperformance qui d\u00e9passe largement les attentes pour chez Aprilia<br \/>\nRacing. Massimo Rivola, PDG d\u2019Aprilia, n\u2019a pas h\u00e9sit\u00e9 \u00e0 saluer<br \/>\npubliquement cette r\u00e9surrection spectaculaire, soulignant le<br \/>\ntravail acharn\u00e9 de son pilote et de l\u2019\u00e9quipe.<\/strong><\/p>\n<p class=\"my-2 [&amp;+p]:mt-4 [&amp;_strong:has(+br)]:inline-block [&amp;_strong:has(+br)]:pb-2\">\nLe constat est clair : Jorge Mart\u00edn, touch\u00e9 par plusieurs blessures<br \/>\net absent de la pr\u00e9-saison, a effectu\u00e9 une course impressionnante<br \/>\nau Balaton Park. Lors du GP hongrois, il a r\u00e9ussi \u00e0 remonter de la<br \/>\nseizi\u00e8me place \u00e0 la quatri\u00e8me, son meilleur r\u00e9sultat avec Aprilia.<br \/>\n\u00ab Ce fut un week-end d\u00e9cid\u00e9ment positif, sur un circuit sur le<br \/>\npapier peu adapt\u00e9 aux caract\u00e9ristiques de notre moto. On a<br \/>\nclairement eu des difficult\u00e9s vendredi, mais c\u2019\u00e9tait fantastique de<br \/>\nvoir l\u2019\u00e9quipe se mobiliser et travailler dur, permettant \u00e0 Marco<br \/>\nd\u2019acc\u00e9der \u00e0 la Q2 puis de signer une brillante deuxi\u00e8me place en<br \/>\nqualifications \u00bb, explique Massimo Rivola.<\/p>\n<p class=\"my-2 [&amp;+p]:mt-4 [&amp;_strong:has(+br)]:inline-block [&amp;_strong:has(+br)]:pb-2\">\nIl poursuit : \u00ab Jorge a augment\u00e9 tellement son feeling avec la<br \/>\nmoto qu\u2019il a r\u00e9alis\u00e9 une course de retour spectaculaire,<br \/>\nhonn\u00eatement au-del\u00e0 de toute attente. Marco a encore une fois eu le<br \/>\ncourage de prendre la t\u00eate et de se battre jusqu\u2019au dernier souffle<br \/>\n\u2013 le sien et celui de la moto. Je ne peux qu\u2019\u00eatre fier du travail<br \/>\nque nous faisons tous ensemble. \u00bb<\/p>\n<p class=\"my-2 [&amp;+p]:mt-4 [&amp;_strong:has(+br)]:inline-block [&amp;_strong:has(+br)]:pb-2\">\nLe retour en forme de Jorge Mart\u00edn est un v\u00e9ritable coup de boost<br \/>\npour Aprilia apr\u00e8s une premi\u00e8re moiti\u00e9 de saison marqu\u00e9e par des<br \/>\nblessures et des absences. Son quatri\u00e8me rang en Hongrie le fait<br \/>\nentrer dans l\u2019histoire de la marque. Avant Mart\u00edn, seul Tetsuya<br \/>\nHarada avait r\u00e9ussi \u00e0 se classer dans le top-4 lors de l\u2019un de ses<br \/>\nquatre premiers GP avec Aprilia, au Paul Ricard en 1999.<\/p>\n<p class=\"my-2 [&amp;+p]:mt-4 [&amp;_strong:has(+br)]:inline-block [&amp;_strong:has(+br)]:pb-2\">\nCet exploit renforce le moral de l\u2019\u00e9quipe, d\u00e9j\u00e0 galvanis\u00e9e par les<br \/>\nperformances r\u00e9guli\u00e8res de Marco Bezzecchi, et laisse augurer une<br \/>\nseconde moiti\u00e9 de saison prometteuse. \u00c0 la veille de la saison, les<br \/>\ndoutes entouraient encore la capacit\u00e9 de Mart\u00edn \u00e0 revenir au plus<br \/>\nhaut niveau, compte tenu de ses blessures et de son manque de<br \/>\nroulage. L\u2019enthousiasme se doit cependant d\u2019\u00eatre temp\u00e9r\u00e9, rappelons<br \/>\nque l\u2019adaptation du n\u00b01 \u00e0 sa machine prendra encore du temps.<\/p>\n<p class=\"my-2 [&amp;+p]:mt-4 [&amp;_strong:has(+br)]:inline-block [&amp;_strong:has(+br)]:pb-2\">\nMart\u00edn aborde d\u00e9sormais son projet avec s\u00e9r\u00e9nit\u00e9, concentr\u00e9 sur<br \/>\nl\u2019objectif : \u00ab La moto est bien meilleure que l\u2019an dernier,<br \/>\ndonc c\u2019est une question de temps avant qu\u2019on puisse tout assembler<br \/>\net se battre pour la victoire. \u00bb<\/p>\n<p><a href=\"https:\/\/www.paddock-gp.com\/wp-content\/uploads\/2025\/08\/ar-hungariangp-sunday-05-1.jpg\" target=\"_blank\" rel=\"noopener\"><br \/>\n<img loading=\"lazy\" decoding=\"async\" aria-describedby=\"caption-attachment-1323790\" class=\"wp-image-1323790 size-large\" src=\"https:\/\/www.europesays.com\/fr\/wp-content\/uploads\/2025\/08\/ar-hungariangp-sunday-05-1-600x400.jpg\" alt=\"Rivola \" width=\"600\" height=\"400\"  \/><\/a><\/p>\n<p id=\"caption-attachment-1323790\" class=\"wp-caption-text\">\u00a9<br \/>\nAprilia Racing<\/p>\n","protected":false},"excerpt":{"rendered":"Le week-end du Grand Prix de Hongrie de MotoGP a \u00e9t\u00e9 marqu\u00e9 par une performance qui d\u00e9passe largement&hellip;\n","protected":false},"author":2,"featured_media":356390,"comment_status":"","ping_status":"","sticky":false,"template":"","format":"standard","meta":{"footnotes":""},"categories":[1413],"tags":[1011,27,1457,1456,60],"class_list":{"0":"post-356389","1":"post","2":"type-post","3":"status-publish","4":"format-standard","5":"has-post-thumbnail","7":"category-moto","8":"tag-fr","9":"tag-france","10":"tag-moto","11":"tag-motocycle","12":"tag-sports"},"share_on_mastodon":{"url":"https:\/\/pubeurope.com\/@fr\/115123260299115360","error":""},"_links":{"self":[{"href":"https:\/\/www.europesays.com\/fr\/wp-json\/wp\/v2\/posts\/356389","targetHints":{"allow":["GET"]}}],"collection":[{"href":"https:\/\/www.europesays.com\/fr\/wp-json\/wp\/v2\/posts"}],"about":[{"href":"https:\/\/www.europesays.com\/fr\/wp-json\/wp\/v2\/types\/post"}],"author":[{"embeddable":true,"href":"https:\/\/www.europesays.com\/fr\/wp-json\/wp\/v2\/users\/2"}],"replies":[{"embeddable":true,"href":"https:\/\/www.europesays.com\/fr\/wp-json\/wp\/v2\/comments?post=356389"}],"version-history":[{"count":0,"href":"https:\/\/www.europesays.com\/fr\/wp-json\/wp\/v2\/posts\/356389\/revisions"}],"wp:featuredmedia":[{"embeddable":true,"href":"https:\/\/www.europesays.com\/fr\/wp-json\/wp\/v2\/media\/356390"}],"wp:attachment":[{"href":"https:\/\/www.europesays.com\/fr\/wp-json\/wp\/v2\/media?parent=356389"}],"wp:term":[{"taxonomy":"category","embeddable":true,"href":"https:\/\/www.europesays.com\/fr\/wp-json\/wp\/v2\/categories?post=356389"},{"taxonomy":"post_tag","embeddable":true,"href":"https:\/\/www.europesays.com\/fr\/wp-json\/wp\/v2\/tags?post=356389"}],"curies":[{"name":"wp","href":"https:\/\/api.w.org\/{rel}","templated":true}]}}