{"id":356391,"date":"2025-08-31T11:58:10","date_gmt":"2025-08-31T11:58:10","guid":{"rendered":"https:\/\/www.europesays.com\/fr\/356391\/"},"modified":"2025-08-31T11:58:10","modified_gmt":"2025-08-31T11:58:10","slug":"f1-chamboulement-a-zandvoort-la-nouvelle-grille-un-pilote-penalise-et-relegue","status":"publish","type":"post","link":"https:\/\/www.europesays.com\/fr\/356391\/","title":{"rendered":"F1 Chamboulement \u00e0 Zandvoort, la nouvelle grille : un pilote p\u00e9nalis\u00e9 et rel\u00e9gu\u00e9 !"},"content":{"rendered":"<p>La grille de d\u00e9part du Grand-Prix des Pays-Bas de F1 \u00e9tait rest\u00e9e inchang\u00e9e, jusqu\u2019ici, apr\u00e8s les qualifications de Zandvoort. Il y aura pourtant un changement de derni\u00e8re minute. En effet, chez Haas, une violation de la r\u00e8gle du parc ferm\u00e9 pour remplacement de plusieurs \u00e9l\u00e9ments de moteur entra\u00eene la rel\u00e9gation de l\u2019un des pilotes. C\u2019est Oliver Bearman, initialement qualifi\u00e9 dix-neuvi\u00e8me, qui est sanctionn\u00e9. Le Britannique partira donc depuis la voie des stands. Lance Stroll, vingti\u00e8me et dernier, gagne donc une place au classement.<\/p>\n<p>La nouvelle grille de d\u00e9part \u00e0 Zandvoort (F1)<\/p>\n<ol>\n<li>Oscar Piastri (Mclaren)<\/li>\n<li>Lando Norris (Mclaren)<\/li>\n<li>Max Verstappen (Red Bull)<\/li>\n<li>Isack Hadjar (Racing Bulls<\/li>\n<li>George Russell (Mercedes)<\/li>\n<li>Charles Leclerc (Ferrari)<\/li>\n<li>Lewis Hamilton (Ferrari)<\/li>\n<li>Liam Lawson (Racing Bulls)<\/li>\n<li>Carlos Sainz (Williams)<\/li>\n<li>Fernando Alonso (Aston Martin)<\/li>\n<li>Kimi Antonelli (Mercedes)<\/li>\n<li>Yuki Tsunoda (Red Bull)<\/li>\n<li>Gabriel Bortoleto (Sauber)<\/li>\n<li>Pierre Gasly (Alpine)<\/li>\n<li>Alexander Albon (Williams)<\/li>\n<li>Franco Colapinto (Alpine)<\/li>\n<li>Nico Hulkenberg (Sauber)<\/li>\n<li>Esteban Ocon (Haas)<\/li>\n<li>Lance Stroll (Aston Martin)<\/li>\n<\/ol>\n<p>Oliver Bearman (Haas) : d\u00e9part depuis la voie des stands<\/p>\n<blockquote class=\"twitter-tweet\">\n<p dir=\"ltr\" lang=\"ca\">DOC 41 \u2013 Infringement \u2013 Car 87 \u2013 Changes made during Parc Ferme <a href=\"https:\/\/t.co\/nVLPv627jK\" rel=\"nofollow\">https:\/\/t.co\/nVLPv627jK<\/a> <a href=\"https:\/\/twitter.com\/hashtag\/DutchGP?src=hash&amp;ref_src=twsrc%5Etfw\" target=\"_blank\" rel=\"noopener nofollow\">#DutchGP<\/a> <a href=\"https:\/\/twitter.com\/hashtag\/F1?src=hash&amp;ref_src=twsrc%5Etfw\" target=\"_blank\" rel=\"noopener nofollow\">#F1<\/a> <a href=\"https:\/\/twitter.com\/hashtag\/FIA?src=hash&amp;ref_src=twsrc%5Etfw\" target=\"_blank\" rel=\"noopener nofollow\">#FIA<\/a> <a href=\"https:\/\/t.co\/RVXZy9ouXr\" rel=\"nofollow\">pic.twitter.com\/RVXZy9ouXr<\/a><\/p>\n<p>\u2014 FIA (@fia) <a href=\"https:\/\/twitter.com\/fia\/status\/1962107634623860838?ref_src=twsrc%5Etfw\" target=\"_blank\" rel=\"noopener nofollow\">August 31, 2025<\/a><\/p>\n<\/blockquote>\n<p>Article publi\u00e9 le 31\/08\/2025 \u00e0 13h46<\/p>\n<p>                                            <img loading=\"lazy\" alt=\"\" class=\"avatar avatar-100 photo lazyload\" height=\"100\" width=\"100\" decoding=\"async\" src=\"https:\/\/www.europesays.com\/fr\/wp-content\/uploads\/2025\/08\/1756641490_165_ffbb894c35ea5189d599d4ea062c98b86ffb67cc602fa683ebcbf422a80fc47a\"  data-eio-rwidth=\"100\" data-eio-rheight=\"100\"\/><\/p>\n<p class=\"h2\">\n                                            Julien Barthet\n                                        <\/p>\n<p>R\u00e9dacteur professionnel, titulaire de la carte de presse pendant 3 ans. Fondateur\/Directeur et R\u00e9dacteur en chef Le Mag Sport Auto et LeMagJeuxHighTech.com.&#13;<br \/>\nEx-Pilote automobile : 55 courses (Formule Ford, F.Campus, Coupe 206 Sprint et Relais, Saxo, Ford Fiesta Allemagne, Mitjet) 1 Victoire. Essais F3, Nascar Euro, Caterham, F.Renault, etc.<\/p>\n<p>                                                                                                                            <a href=\"https:\/\/lemagsportauto.ouest-france.fr\/author\/lmsa_adm\/\" title=\"Julien Barthet\" rel=\"nofollow noopener\" target=\"_blank\"><br \/>\n                                                Voir les publications de l&rsquo;auteur<br \/>\n                                            <\/a><\/p>\n<p>                                <script async src=\"https:\/\/platform.twitter.com\/widgets.js\" charset=\"utf-8\"><\/script><\/p>\n","protected":false},"excerpt":{"rendered":"La grille de d\u00e9part du Grand-Prix des Pays-Bas de F1 \u00e9tait rest\u00e9e inchang\u00e9e, jusqu\u2019ici, apr\u00e8s les qualifications de&hellip;\n","protected":false},"author":2,"featured_media":356392,"comment_status":"","ping_status":"","sticky":false,"template":"","format":"standard","meta":{"footnotes":""},"categories":[1412],"tags":[1451,1452,1453,1454,1455,1011,27,2129,60],"class_list":{"0":"post-356391","1":"post","2":"type-post","3":"status-publish","4":"format-standard","5":"has-post-thumbnail","7":"category-f1","8":"tag-f1","9":"tag-formula-1","10":"tag-formula1","11":"tag-formule-1","12":"tag-formule1","13":"tag-fr","14":"tag-france","15":"tag-pu00e9nalitu00e9","16":"tag-sports"},"share_on_mastodon":{"url":"https:\/\/pubeurope.com\/@fr\/115123264155300822","error":""},"_links":{"self":[{"href":"https:\/\/www.europesays.com\/fr\/wp-json\/wp\/v2\/posts\/356391","targetHints":{"allow":["GET"]}}],"collection":[{"href":"https:\/\/www.europesays.com\/fr\/wp-json\/wp\/v2\/posts"}],"about":[{"href":"https:\/\/www.europesays.com\/fr\/wp-json\/wp\/v2\/types\/post"}],"author":[{"embeddable":true,"href":"https:\/\/www.europesays.com\/fr\/wp-json\/wp\/v2\/users\/2"}],"replies":[{"embeddable":true,"href":"https:\/\/www.europesays.com\/fr\/wp-json\/wp\/v2\/comments?post=356391"}],"version-history":[{"count":0,"href":"https:\/\/www.europesays.com\/fr\/wp-json\/wp\/v2\/posts\/356391\/revisions"}],"wp:featuredmedia":[{"embeddable":true,"href":"https:\/\/www.europesays.com\/fr\/wp-json\/wp\/v2\/media\/356392"}],"wp:attachment":[{"href":"https:\/\/www.europesays.com\/fr\/wp-json\/wp\/v2\/media?parent=356391"}],"wp:term":[{"taxonomy":"category","embeddable":true,"href":"https:\/\/www.europesays.com\/fr\/wp-json\/wp\/v2\/categories?post=356391"},{"taxonomy":"post_tag","embeddable":true,"href":"https:\/\/www.europesays.com\/fr\/wp-json\/wp\/v2\/tags?post=356391"}],"curies":[{"name":"wp","href":"https:\/\/api.w.org\/{rel}","templated":true}]}}